{"id":2663,"date":"2021-03-05T18:53:04","date_gmt":"2021-03-05T18:53:04","guid":{"rendered":"https:\/\/www.cordoba.gob.ar\/?p=6803"},"modified":"2021-03-05T18:53:04","modified_gmt":"2021-03-05T18:53:04","slug":"llaryora-reconocio-al-plantel-de-racing-que-ascendio-al-federal-a","status":"publish","type":"post","link":"http:\/\/cordobadirecto.com\/index.php\/2021\/03\/05\/llaryora-reconocio-al-plantel-de-racing-que-ascendio-al-federal-a\/","title":{"rendered":"Llaryora reconoci\u00f3 al plantel de Racing que ascendi\u00f3 al Federal A"},"content":{"rendered":"<div><img src=\"http:\/\/cordobadirecto.com\/wp-content\/uploads\/2021\/03\/llaryora-reconocio-al-plantel-de-racing-que-ascendio-al-federal-a.jpg\" class=\"ff-og-image-inserted\"><\/div>\n<ul>\n<li><strong>El intendente entreg\u00f3 una plaqueta para celebrar el logro de la instituci\u00f3n deportiva.<\/strong><\/li>\n<li><strong>Adem\u00e1s, recibi\u00f3 una camiseta de la \u201cAcademia\u201d firmada por los jugadores.<\/strong><\/li>\n<\/ul>\n<hr>\n<p>El intendente Mart\u00edn Llaryora recibi\u00f3 este viernes al plantel, cuerpo t\u00e9cnico y dirigentes del Club Atl\u00e9tico Racing, luego del ansiado ascenso al Torneo Federal A, conseguido el fin de semana pasado por la instituci\u00f3n deportiva de barrio Nueva Italia.<\/p>\n<p>Llaryora entreg\u00f3 una plaqueta a los directivos del club y, a su vez, recibi\u00f3 una camiseta de la \u201cAcademia\u201d autografiada por los futbolistas.<\/p>\n<p><em>\u201cCuando uno lee la historia y ve la infraestructura de Racing se da cuenta que estaba jugando por debajo de lo que merec\u00eda. Pero no s\u00f3lo en el f\u00fatbol, en la realidad y en el lugar de la historia que ten\u00edan que estar. Es muy dif\u00edcil retomar ese lugar, y lo pudieron lograr porque han puesto todo. Hoy vuelve un grande a ocupar un lugar que se notaba que estaba vac\u00edo, porque faltaban ustedes\u201d<\/em>, destac\u00f3 el intendente.<\/p>\n<p>Racing regres\u00f3 al Federal A luego de vencer por 2 a 1 a Ben Hur de Rafaela en una de las finales del Torneo Federal Regional.<\/p>\n<p><em>\u201cEste es un premio para todos, por lo que se esper\u00f3 y trabaj\u00f3. Este proceso empez\u00f3 en noviembre del 2019 que qued\u00f3 trunco con la pandemia. Pudimos volver a jugar, que era lo que quer\u00edamos, y dejar bien alto el nombre de nuestro club\u201d<\/em>, coment\u00f3 el presidente de Racing, Manuel P\u00e9rez.<\/p>\n<p>Del reconocimiento tambi\u00e9n participaron el Secretario de Gobierno, Miguel Siciliano, y el Subsecretario de Deporte y Recreaci\u00f3n Merardo Ligorria.<\/p>\n<p><em>\u201cHa sido un logro trascendente para el deporte, no s\u00f3lo de la provincia, fundamentalmente de la Capital. Gracias por todo el esfuerzo y el mayor de los \u00e9xitos\u201d<\/em>, manifest\u00f3 Ligorria.<\/p>\n","protected":false},"excerpt":{"rendered":"<p>El intendente entreg\u00f3 una plaqueta para celebrar el logro de la instituci\u00f3n deportiva. Adem\u00e1s, recibi\u00f3 una camiseta de la \u201cAcademia\u201d firmada por los jugadores. El intendente Mart\u00edn Llaryora recibi\u00f3 este viernes al plantel, cuerpo t\u00e9cnico y dirigentes del Club Atl\u00e9tico Racing, luego del ansiado ascenso al Torneo Federal A, conseguido el fin de semana pasado [&hellip;]<\/p>\n","protected":false},"author":1,"featured_media":2664,"comment_status":"closed","ping_status":"closed","sticky":false,"template":"","format":"standard","meta":[],"categories":[44],"tags":[],"_links":{"self":[{"href":"http:\/\/cordobadirecto.com\/index.php\/wp-json\/wp\/v2\/posts\/2663"}],"collection":[{"href":"http:\/\/cordobadirecto.com\/index.php\/wp-json\/wp\/v2\/posts"}],"about":[{"href":"http:\/\/cordobadirecto.com\/index.php\/wp-json\/wp\/v2\/types\/post"}],"author":[{"embeddable":true,"href":"http:\/\/cordobadirecto.com\/index.php\/wp-json\/wp\/v2\/users\/1"}],"replies":[{"embeddable":true,"href":"http:\/\/cordobadirecto.com\/index.php\/wp-json\/wp\/v2\/comments?post=2663"}],"version-history":[{"count":0,"href":"http:\/\/cordobadirecto.com\/index.php\/wp-json\/wp\/v2\/posts\/2663\/revisions"}],"wp:featuredmedia":[{"embeddable":true,"href":"http:\/\/cordobadirecto.com\/index.php\/wp-json\/wp\/v2\/media\/2664"}],"wp:attachment":[{"href":"http:\/\/cordobadirecto.com\/index.php\/wp-json\/wp\/v2\/media?parent=2663"}],"wp:term":[{"taxonomy":"category","embeddable":true,"href":"http:\/\/cordobadirecto.com\/index.php\/wp-json\/wp\/v2\/categories?post=2663"},{"taxonomy":"post_tag","embeddable":true,"href":"http:\/\/cordobadirecto.com\/index.php\/wp-json\/wp\/v2\/tags?post=2663"}],"curies":[{"name":"wp","href":"https:\/\/api.w.org\/{rel}","templated":true}]}}