{"id":26636,"date":"2021-11-05T17:07:00","date_gmt":"2021-11-05T17:07:00","guid":{"rendered":"https:\/\/lmdiario.com.ar\/contenido\/315545\/se-viene-una-nueva-edicion-de-la-feria-libros-son"},"modified":"2021-11-05T17:07:00","modified_gmt":"2021-11-05T17:07:00","slug":"se-viene-una-nueva-edicion-de-la-feria-libros-son","status":"publish","type":"post","link":"http:\/\/cordobadirecto.com\/index.php\/2021\/11\/05\/se-viene-una-nueva-edicion-de-la-feria-libros-son\/","title":{"rendered":"Se viene una nueva edici\u00f3n de la Feria Libros Son"},"content":{"rendered":"<div><img src=\"http:\/\/cordobadirecto.com\/wp-content\/uploads\/2021\/11\/se-viene-una-nueva-edicion-de-la-feria-libros-son.jpg\" class=\"ff-og-image-inserted\"><\/div>\n<p><strong>En la 26\u00ba edici\u00f3n de la Feria Libros Son se presentar\u00e1n producciones de editoriales independientes con la participaci\u00f3n de escritores, m\u00fasicos, artistas y talleristas<\/strong>. Las actividades propuestas se desarrollar\u00e1n en la Plaza de la Intendencia los d\u00edas<strong> s\u00e1bado 6 y domingo 7 de &nbsp;noviembre desde las 16 hs.&nbsp;<\/strong><\/p>\n<p><strong>Desde hace 12 a\u00f1os<\/strong> esta feria posibilita el encuentro y la construcci\u00f3n colectiva de un &nbsp;espacio donde se visibilizan las redes de producci\u00f3n editorial independiente y se nutren las expresiones culturales.&nbsp;<\/p>\n<p>Entre las propuestas habr\u00e1 presentaciones de <strong>libros, m\u00fasica, performance, eSlam de poes\u00eda, teatro, fanzines, c\u00f3mics, talleres y puestos donde se expondr\u00e1n las creaciones editoriales.<\/strong><\/p>\n<p><iframe allow=\"accelerometer; autoplay; clipboard-write; encrypted-media; gyroscope; picture-in-picture\" allowfullscreen frameborder=\"0\" height=\"315\" loading=\"lazy\" src=\"https:\/\/www.youtube.com\/embed\/6gXiVaTLw0E\" title=\"YouTube video player\" width=\"560\">[embedded content]<\/iframe><\/p>\n<h3><strong>GRILLA DE ACTIVIDADES<\/strong><\/h3>\n<p><em><strong>S\u00e1bado 6, desde las 16: &nbsp;<\/strong><\/em><br \/>\u2606Presentaci\u00f3n de libro: &#8220;Libro&#8221; de Maura Rodriguez.&nbsp;<br \/>\u2606Canciones ac\u00fasticas: Julee Sussini&nbsp;<br \/>\u2606Presentaci\u00f3n de libro y lecturas: \u201cLectofon\u00edas\u201d de Mat\u00edas Boni.&nbsp;<br \/>\u2606Performance, m\u00fasica y poes\u00eda: \u201cMalu con la Dra. Skarnia\u201d.&nbsp;<br \/>\u2606M\u00fasica y poes\u00eda: Guillermo De Posfay (Capilla Del Monte).&nbsp;<br \/>\u2606Poes\u00eda, rap, performance: Augusto Orta C\u00f3rdoba.&nbsp;<br \/>\u2606M\u00fasica y proyecciones: \u201cFrecuencia Fantas\u00eda\u201d.&nbsp;<br \/>\u2606 M\u00fasica y poes\u00eda: Matu Kocens, Ituzang\u00f3, Bs.As.&nbsp;<br \/>\u2606Altavoces abiertos: \u201cClub de baile Libros Son\u201d<\/p>\n<p><em>Talleres<\/em>:<\/p>\n<p>\u2606Historietas y fanzines \u201cCasi Miro\u201d, quienes quieran participar pueden sumarse durante toda la jornada, cupos limitados, llevar l\u00e1pices, fibras, etc.<\/p>\n<p>\u2606Encuadernaci\u00f3n y nociones de restauraci\u00f3n de libros por a.t.e.o (astr\u00f3nomo turco ediciones orientadas) y Taller Perronautas. Actividad a la gorra para j\u00f3venes y adultxs, materiales inclu\u00eddos.<br \/>De las 16 a 20hs., Cupo: 6 personas. No requiere conocimientos previos. Inscripci\u00f3n: 3513320920<\/p>\n<p><em><strong>Domingo 7, desde las 16:&nbsp;<\/strong><\/em><br \/>\u2606Canciones ac\u00fasticas: Tokarli Medina.&nbsp;<br \/>\u2606 Presentaci\u00f3n de libro: \u201cLa mujer sin fondo&#8221; de Stella Duacastella &#8211; Nomeolvides editora.&nbsp;<br \/>\u2606Canciones ac\u00fasticas: Tomy Furia.&nbsp;<br \/>\u2606Canciones ac\u00fasticas: Ramiro Pros&nbsp;<br \/>\u2606Teatro: &#8220;Todas tenemos la misma historia&#8221; de Franca Rame, direcci\u00f3n de Erika Puglisi,&nbsp;<br \/>con la actuaci\u00f3n de Florencia Ord\u00f3\u00f1ez, del grupo Bella Ciao.&nbsp;<br \/>\u2606Presentaci\u00f3n de libro: &#8220;Perro cosmonauta y gimnasia del monoblock&#8221;, de Sab Alegre.&nbsp;<br \/>\u2606Canciones ac\u00fasticas \/ Bit: \u201cPr\u00f3tesis Imaginaria\u201d.&nbsp;<br \/>\u2606eSlam de poes\u00eda oral (Eslam cba poes\u00eda oral)&nbsp;<\/p>\n<p><em>Talleres<\/em>:<\/p>\n<p>\u2606Presentaci\u00f3n de libro \u201cInterurbanas\u201d y taller de Florencia Ordo\u00f1ez Rozza. Desde las 17hs. Sin inscripci\u00f3n previa. Cupo: 15 personas. Recomendaciones: llevar l\u00e1pices o lo que quieran para dibujar.<\/p>\n<p>\u2606 Taller de \u201cPoes\u00eda de mujeres de los 90s\u201d por Sab Alegre. Actividad a la gorra, materiales inclu\u00eddos. Desde las 18hs., Cupo: 10 personas. Inscripci\u00f3n: 3564359023<br \/>&nbsp;&nbsp;<br \/>&nbsp;<\/p>\n","protected":false},"excerpt":{"rendered":"<p>En la 26\u00ba edici\u00f3n de la Feria Libros Son se presentar\u00e1n producciones de editoriales independientes con la participaci\u00f3n de escritores, m\u00fasicos, artistas y talleristas. Las actividades propuestas se desarrollar\u00e1n en la Plaza de la Intendencia los d\u00edas s\u00e1bado 6 y domingo 7 de &nbsp;noviembre desde las 16 hs.&nbsp; Desde hace 12 a\u00f1os esta feria posibilita [&hellip;]<\/p>\n","protected":false},"author":1,"featured_media":26637,"comment_status":"closed","ping_status":"closed","sticky":false,"template":"","format":"standard","meta":[],"categories":[20],"tags":[],"_links":{"self":[{"href":"http:\/\/cordobadirecto.com\/index.php\/wp-json\/wp\/v2\/posts\/26636"}],"collection":[{"href":"http:\/\/cordobadirecto.com\/index.php\/wp-json\/wp\/v2\/posts"}],"about":[{"href":"http:\/\/cordobadirecto.com\/index.php\/wp-json\/wp\/v2\/types\/post"}],"author":[{"embeddable":true,"href":"http:\/\/cordobadirecto.com\/index.php\/wp-json\/wp\/v2\/users\/1"}],"replies":[{"embeddable":true,"href":"http:\/\/cordobadirecto.com\/index.php\/wp-json\/wp\/v2\/comments?post=26636"}],"version-history":[{"count":0,"href":"http:\/\/cordobadirecto.com\/index.php\/wp-json\/wp\/v2\/posts\/26636\/revisions"}],"wp:featuredmedia":[{"embeddable":true,"href":"http:\/\/cordobadirecto.com\/index.php\/wp-json\/wp\/v2\/media\/26637"}],"wp:attachment":[{"href":"http:\/\/cordobadirecto.com\/index.php\/wp-json\/wp\/v2\/media?parent=26636"}],"wp:term":[{"taxonomy":"category","embeddable":true,"href":"http:\/\/cordobadirecto.com\/index.php\/wp-json\/wp\/v2\/categories?post=26636"},{"taxonomy":"post_tag","embeddable":true,"href":"http:\/\/cordobadirecto.com\/index.php\/wp-json\/wp\/v2\/tags?post=26636"}],"curies":[{"name":"wp","href":"https:\/\/api.w.org\/{rel}","templated":true}]}}