{"id":26738,"date":"2021-11-05T20:47:02","date_gmt":"2021-11-05T20:47:02","guid":{"rendered":"https:\/\/cordoba.gob.ar\/?p=15695"},"modified":"2021-11-05T20:47:02","modified_gmt":"2021-11-05T20:47:02","slug":"la-municipalidad-lanza-nuevos-cursos-de-formacion-docente-2021-2022","status":"publish","type":"post","link":"http:\/\/cordobadirecto.com\/index.php\/2021\/11\/05\/la-municipalidad-lanza-nuevos-cursos-de-formacion-docente-2021-2022\/","title":{"rendered":"La Municipalidad lanza nuevos cursos de Formaci\u00f3n Docente 2021-2022"},"content":{"rendered":"<div><img src=\"http:\/\/cordobadirecto.com\/wp-content\/uploads\/2021\/11\/la-municipalidad-lanza-nuevos-cursos-de-formacion-docente-2021-2022.jpg\" class=\"ff-og-image-inserted\"><\/div>\n<ul>\n<li><strong>Se trata del ciclo de capacitaci\u00f3n \u201cMirando la escuela en perspectiva postpandemia\u201d.<\/strong><\/li>\n<li><strong>Los contenidos de cada m\u00f3dulo y las inscripciones se encuentran en este en <a href=\"https:\/\/documentos.cordoba.gob.ar\/MUNCBA\/AreasGob\/Edu\/DOCS\/Seguimos%20con%20vos%20aprendiendo%20en%20casa\/Zona%20docente\/Convocatoria-perspectiva-post-pandemia.pdf\">link.<\/a><\/strong><\/li>\n<li><strong>Las tem\u00e1ticas son: Planificaci\u00f3n institucional, Aprendizajes de calidad, Evaluaci\u00f3n de aprendizajes, Aprendizaje emocional y social, y Fortalecimiento de v\u00ednculos con las familias y la comunidad.<\/strong><\/li>\n<\/ul>\n<hr>\n<p>En el marco de la propuesta de Formaci\u00f3n Docente Continua \u201cConstrucci\u00f3n de conocimiento pedag\u00f3gico\u201d, a trav\u00e9s de la Direcci\u00f3n de Aprendizaje y Desarrollo Profesional de la Direcci\u00f3n General de Educaci\u00f3n y se realiza el lanzamiento del Ciclo de capacitaci\u00f3n 2021 \u2013 2022: \u201cMirando la escuela en perspectiva postpandemia\u201d.<\/p>\n<p>En tiempos que demandan pensar la escuela de una manera renovada, la Secretar\u00eda de Educaci\u00f3n de la Municipalidad de C\u00f3rdoba convoca a docentes, directores, supervisoras y t\u00e9cnicos del Sistema Educativo Municipal, a cuestionarse c\u00f3mo avanzar hacia una mejor escuela posible a partir de la recuperaci\u00f3n y revisi\u00f3n de cuestiones claves para el mejor funcionamiento institucional.<\/p>\n<p>En este sentido, el ciclo \u201cMirando la escuela en perspectiva postpandemia\u201d pretende fortalecer los procesos de cada instituci\u00f3n educativa municipal mediante dispositivos de formaci\u00f3n espec\u00edfica en torno a las siguientes tem\u00e1ticas: Planificaci\u00f3n institucional, Aprendizajes de calidad, Evaluaci\u00f3n de aprendizajes, Aprendizaje emocional y social, y Fortalecimiento de v\u00ednculos con las familias y la comunidad. Es decir, ofrece herramientas te\u00f3ricas y pr\u00e1cticas que faciliten los procesos de mejora en todas las dimensiones institucionales.<\/p>\n<p>El cursado se desarrolla bajo modalidad virtual por m\u00f3dulos divididos en dos etapas:<\/p>\n<ul>\n<li>Asincr\u00f3nica, desde el 02 de noviembre de 2021 al 19 de diciembre de 2021, quedando habilitada la posibilidad de participar hasta el 31 de enero de 2022 inclusive.<\/li>\n<li>Sincr\u00f3nica, en la semana del 14 al 18 de febrero de 2022.<\/li>\n<\/ul>\n<p>Cabe destacar que se certificar\u00e1 cada M\u00f3dulo con 10 horas. a quienes participaron del momento Sincr\u00f3nico y enviaron la resoluci\u00f3n de la consigna en el momento de la inscripci\u00f3n.<\/p>\n","protected":false},"excerpt":{"rendered":"<p>Se trata del ciclo de capacitaci\u00f3n \u201cMirando la escuela en perspectiva postpandemia\u201d. Los contenidos de cada m\u00f3dulo y las inscripciones se encuentran en este en link. Las tem\u00e1ticas son: Planificaci\u00f3n institucional, Aprendizajes de calidad, Evaluaci\u00f3n de aprendizajes, Aprendizaje emocional y social, y Fortalecimiento de v\u00ednculos con las familias y la comunidad. En el marco de [&hellip;]<\/p>\n","protected":false},"author":1,"featured_media":26739,"comment_status":"closed","ping_status":"closed","sticky":false,"template":"","format":"standard","meta":[],"categories":[44],"tags":[],"_links":{"self":[{"href":"http:\/\/cordobadirecto.com\/index.php\/wp-json\/wp\/v2\/posts\/26738"}],"collection":[{"href":"http:\/\/cordobadirecto.com\/index.php\/wp-json\/wp\/v2\/posts"}],"about":[{"href":"http:\/\/cordobadirecto.com\/index.php\/wp-json\/wp\/v2\/types\/post"}],"author":[{"embeddable":true,"href":"http:\/\/cordobadirecto.com\/index.php\/wp-json\/wp\/v2\/users\/1"}],"replies":[{"embeddable":true,"href":"http:\/\/cordobadirecto.com\/index.php\/wp-json\/wp\/v2\/comments?post=26738"}],"version-history":[{"count":0,"href":"http:\/\/cordobadirecto.com\/index.php\/wp-json\/wp\/v2\/posts\/26738\/revisions"}],"wp:featuredmedia":[{"embeddable":true,"href":"http:\/\/cordobadirecto.com\/index.php\/wp-json\/wp\/v2\/media\/26739"}],"wp:attachment":[{"href":"http:\/\/cordobadirecto.com\/index.php\/wp-json\/wp\/v2\/media?parent=26738"}],"wp:term":[{"taxonomy":"category","embeddable":true,"href":"http:\/\/cordobadirecto.com\/index.php\/wp-json\/wp\/v2\/categories?post=26738"},{"taxonomy":"post_tag","embeddable":true,"href":"http:\/\/cordobadirecto.com\/index.php\/wp-json\/wp\/v2\/tags?post=26738"}],"curies":[{"name":"wp","href":"https:\/\/api.w.org\/{rel}","templated":true}]}}