{"id":26750,"date":"2021-11-06T14:50:22","date_gmt":"2021-11-06T14:50:22","guid":{"rendered":"http:\/\/cordobadirecto.com\/index.php\/2021\/11\/06\/el-papa-francisco-nombro-a-un-jesuita-como-nuevo-arzobispo-de-cordoba-la-nacion\/"},"modified":"2021-11-06T14:50:22","modified_gmt":"2021-11-06T14:50:22","slug":"el-papa-francisco-nombro-a-un-jesuita-como-nuevo-arzobispo-de-cordoba-la-nacion","status":"publish","type":"post","link":"http:\/\/cordobadirecto.com\/index.php\/2021\/11\/06\/el-papa-francisco-nombro-a-un-jesuita-como-nuevo-arzobispo-de-cordoba-la-nacion\/","title":{"rendered":"El papa Francisco nombr\u00f3 a un jesuita como <b>nuevo<\/b> arzobispo de <b>C\u00f3rdoba<\/b> &#8211; La Naci\u00f3n"},"content":{"rendered":"<p>Se trata del padre \u00c1ngel Rossi, que en 1992 cre\u00f3 la Fundaci\u00f3n Manos Abiertas, que ayuda a las personas m\u00e1s pobres y vulnerables del pa\u00eds; sucede a&nbsp;&#8230; <\/p>\n","protected":false},"excerpt":{"rendered":"<p>Se trata del padre \u00c1ngel Rossi, que en 1992 cre\u00f3 la Fundaci\u00f3n Manos Abiertas, que ayuda a las personas m\u00e1s pobres y vulnerables del pa\u00eds; sucede a&nbsp;&#8230;<\/p>\n","protected":false},"author":1,"featured_media":0,"comment_status":"closed","ping_status":"closed","sticky":false,"template":"","format":"standard","meta":[],"categories":[40],"tags":[],"_links":{"self":[{"href":"http:\/\/cordobadirecto.com\/index.php\/wp-json\/wp\/v2\/posts\/26750"}],"collection":[{"href":"http:\/\/cordobadirecto.com\/index.php\/wp-json\/wp\/v2\/posts"}],"about":[{"href":"http:\/\/cordobadirecto.com\/index.php\/wp-json\/wp\/v2\/types\/post"}],"author":[{"embeddable":true,"href":"http:\/\/cordobadirecto.com\/index.php\/wp-json\/wp\/v2\/users\/1"}],"replies":[{"embeddable":true,"href":"http:\/\/cordobadirecto.com\/index.php\/wp-json\/wp\/v2\/comments?post=26750"}],"version-history":[{"count":0,"href":"http:\/\/cordobadirecto.com\/index.php\/wp-json\/wp\/v2\/posts\/26750\/revisions"}],"wp:attachment":[{"href":"http:\/\/cordobadirecto.com\/index.php\/wp-json\/wp\/v2\/media?parent=26750"}],"wp:term":[{"taxonomy":"category","embeddable":true,"href":"http:\/\/cordobadirecto.com\/index.php\/wp-json\/wp\/v2\/categories?post=26750"},{"taxonomy":"post_tag","embeddable":true,"href":"http:\/\/cordobadirecto.com\/index.php\/wp-json\/wp\/v2\/tags?post=26750"}],"curies":[{"name":"wp","href":"https:\/\/api.w.org\/{rel}","templated":true}]}}