{"id":26754,"date":"2021-11-05T19:50:48","date_gmt":"2021-11-05T19:50:48","guid":{"rendered":"https:\/\/www.cordoba.gob.ar\/?p=15689"},"modified":"2021-11-05T19:50:48","modified_gmt":"2021-11-05T19:50:48","slug":"alumnos-de-las-escuelas-municipales-participaron-en-la-feria-del-libro-2021","status":"publish","type":"post","link":"http:\/\/cordobadirecto.com\/index.php\/2021\/11\/05\/alumnos-de-las-escuelas-municipales-participaron-en-la-feria-del-libro-2021\/","title":{"rendered":"Alumnos de las Escuelas Municipales participaron en la Feria del Libro 2021"},"content":{"rendered":"<div><img src=\"http:\/\/cordobadirecto.com\/wp-content\/uploads\/2021\/11\/alumnos-de-las-escuelas-municipales-participaron-en-la-feria-del-libro-2021.jpg\" class=\"ff-og-image-inserted\"><\/div>\n<p>700 estudiantes de 26 escuelas primarias y 8 Jardines Maternales participaron en la Feria del Libro 2021 exponiendo sus diferentes producciones en torno al lema de la Feria: \u201cAcercar fronteras, trascender cultura\u201d.<\/p>\n<p>Con la premisa de poner \u00e9nfasis en nuevos contenidos, m\u00e9todos y soportes que acerquen los libros a los lectores, la Feria del Libro 2021 dio cuenta de la pluralidad de voces en torno a la cultura, &nbsp;como el cine, la m\u00fasica, las artes visuales y esc\u00e9nicas, entre otras expresiones , a la vez que promovi\u00f3 el di\u00e1logo con otras ciudades y pa\u00edses, reconoci\u00e9ndonos en las diferencias. As\u00ed, la traducci\u00f3n fue el puente entre relatos, autoras y autores, libros y lenguas, propiciando encuentros entre quienes producen y\/o disfrutan de las letras.<\/p>\n<p>Los diferentes trabajos que presentaron los Jardines y Escuelas, que desarrollaron fundamentalmente pr\u00e1cticas de lectura y producci\u00f3n en contextos significativos, estuvieron enmarcados en el Plan Municipal de Lectura y Escritura, una Pol\u00edtica Educativa de la Municipalidad de C\u00f3rdoba cuyos prop\u00f3sitos se vinculan con abordar pr\u00e1cticas que permitan desarrollar tanto la individualidad como la sociabilidad de cada estudiante, contribuyendo a la construcci\u00f3n de una sociedad m\u00e1s justa y con mejores oportunidades de futuro.<\/p>\n<p>La directora de la escuela Julio Gonz\u00e1lez de Barrio Arenales, Gabriela Zucca, manifest\u00f3: \u201c<em>Participar de la Feria del Libro fue un espacio importante que permiti\u00f3 a nuestros estudiantes poner en evidencia que la alfabetizaci\u00f3n es ese proceso a trav\u00e9s del cual las personas aprendemos a leer y escribir para otros. All\u00ed fueron portadores de su palabra y la de sus compa\u00f1eros, fueron protagonistas y comunicaron con entusiasmo los aprendizajes alcanzados.&nbsp; Ese espacio de encuentro con otros tambi\u00e9n les permiti\u00f3 enriquecerse recorriendo y observando otras experiencias escolares. Valorizaron la literatura y el conocimiento convirti\u00e9ndose en esa instancia en lectores y promotores de lectura como v\u00eda principal para lograr el desarrollo personal y comunitario<\/em>.\u201d<\/p>\n<p>Alma, de 2do. grado B, para quien la Feria result\u00f3 interesante y divertida, mencion\u00f3: <em>\u201cme gustaron mucho los trabajos que hicieron los compa\u00f1eros, las actividades de la Feria y m\u00e1s todav\u00eda me gust\u00f3 hablar de las plantas, explicar y mostrar todas las plantas para condimentar<\/em>\u201d. Por su parte, B\u00e1rbara de 6to grado B, se\u00f1al\u00f3: \u201c<em>Me gust\u00f3 contarle a la gente sobre la vida de Ana Frank y m\u00e1s investigar sobre su vida y buscar biograf\u00edas de famosos que ayudan a defender el respeto por los derechos humanos<\/em>.\u201d<\/p>\n<p>Por su parte, el secretario de Educaci\u00f3n de la Municipalidad de C\u00f3rdoba, Horacio Ferreyra, manifest\u00f3 \u201c<em>Estas acciones que valoran los y las estudiantes de nuestras escuelas surgen de propuestas docentes que se alinean con el Plan Leer y Escribir +, que tiene como objetivo promover lecturas y escrituras en los jardines y escuelas para que nuestros estudiantes puedan imaginar, descubrir, explorar, crear, y comprender el mundo, para poder comunicar, comunicarse y participar activamente, aprendiendo en la ciudad. Esto se relaciona con los desaf\u00edos que nos plantea nuestro intendente Martin Llaryora cuando sostiene que una ciudad distinta es posible<\/em>.\u201d<\/p>\n","protected":false},"excerpt":{"rendered":"<p>700 estudiantes de 26 escuelas primarias y 8 Jardines Maternales participaron en la Feria del Libro 2021 exponiendo sus diferentes producciones en torno al lema de la Feria: \u201cAcercar fronteras, trascender cultura\u201d. Con la premisa de poner \u00e9nfasis en nuevos contenidos, m\u00e9todos y soportes que acerquen los libros a los lectores, la Feria del Libro [&hellip;]<\/p>\n","protected":false},"author":1,"featured_media":26755,"comment_status":"closed","ping_status":"closed","sticky":false,"template":"","format":"standard","meta":[],"categories":[44],"tags":[],"_links":{"self":[{"href":"http:\/\/cordobadirecto.com\/index.php\/wp-json\/wp\/v2\/posts\/26754"}],"collection":[{"href":"http:\/\/cordobadirecto.com\/index.php\/wp-json\/wp\/v2\/posts"}],"about":[{"href":"http:\/\/cordobadirecto.com\/index.php\/wp-json\/wp\/v2\/types\/post"}],"author":[{"embeddable":true,"href":"http:\/\/cordobadirecto.com\/index.php\/wp-json\/wp\/v2\/users\/1"}],"replies":[{"embeddable":true,"href":"http:\/\/cordobadirecto.com\/index.php\/wp-json\/wp\/v2\/comments?post=26754"}],"version-history":[{"count":0,"href":"http:\/\/cordobadirecto.com\/index.php\/wp-json\/wp\/v2\/posts\/26754\/revisions"}],"wp:featuredmedia":[{"embeddable":true,"href":"http:\/\/cordobadirecto.com\/index.php\/wp-json\/wp\/v2\/media\/26755"}],"wp:attachment":[{"href":"http:\/\/cordobadirecto.com\/index.php\/wp-json\/wp\/v2\/media?parent=26754"}],"wp:term":[{"taxonomy":"category","embeddable":true,"href":"http:\/\/cordobadirecto.com\/index.php\/wp-json\/wp\/v2\/categories?post=26754"},{"taxonomy":"post_tag","embeddable":true,"href":"http:\/\/cordobadirecto.com\/index.php\/wp-json\/wp\/v2\/tags?post=26754"}],"curies":[{"name":"wp","href":"https:\/\/api.w.org\/{rel}","templated":true}]}}