{"id":26786,"date":"2021-11-06T19:26:13","date_gmt":"2021-11-06T19:26:13","guid":{"rendered":"https:\/\/www.bbc.com\/mundo\/noticias-america-latina-58909924"},"modified":"2021-11-06T19:26:13","modified_gmt":"2021-11-06T19:26:13","slug":"nueva-germania-el-fallido-intento-de-la-hermana-de-nietzsche-de-crear-una-comunidad-de-raza-aria-alemana-en-paraguay","status":"publish","type":"post","link":"http:\/\/cordobadirecto.com\/index.php\/2021\/11\/06\/nueva-germania-el-fallido-intento-de-la-hermana-de-nietzsche-de-crear-una-comunidad-de-raza-aria-alemana-en-paraguay\/","title":{"rendered":"Nueva Germania: el fallido intento de la hermana de Nietzsche de crear una comunidad de raza aria alemana en Paraguay"},"content":{"rendered":"<div dir=\"ltr\" class=\"e1j2237y5 bbc-q4ibpr e57qer20\">\n<div class=\"bbc-1atl7vu e1c9i7u14\">\n<ul role=\"list\" class=\"bbc-k0l9bd e1c9i7u12\">\n<li role=\"listitem\" class=\"bbc-1a3w4ok e1c9i7u11\">Mar Pichel @marpichel<\/li>\n<li role=\"listitem\" class=\"bbc-1p92jtu e1c9i7u10\">BBC News Mundo<\/li>\n<\/ul>\n<\/div>\n<\/div>\n<p><time datetime=\"2021-11-06\" class=\"bbc-14xtggo e4zesg50\">6 noviembre 2021<\/time><\/p>\n<div dir=\"ltr\" class=\"bbc-1ka88fa e57qer20\">\n<figure class=\"bbc-1qdcvv9 e6bmn90\">\n<div dir=\"ltr\" class=\"bbc-172p16q e57qer20\">\n<div dir=\"ltr\" class=\"bbc-189y18v e57qer20\" readability=\"6.5\">\n<div data-e2e=\"image-placeholder\" class=\"bbc-997y1y e1whu0\" readability=\"8\"><img loading=\"lazy\" srcset=\"http:\/\/cordobadirecto.com\/wp-content\/uploads\/2021\/11\/nueva-germania-el-fallido-intento-de-la-hermana-de-nietzsche-de-crear-una-comunidad-de-raza-aria-alemana-en-paraguay-10.jpg 240w, http:\/\/cordobadirecto.com\/wp-content\/uploads\/2021\/11\/nueva-germania-el-fallido-intento-de-la-hermana-de-nietzsche-de-crear-una-comunidad-de-raza-aria-alemana-en-paraguay-11.jpg 320w, http:\/\/cordobadirecto.com\/wp-content\/uploads\/2021\/11\/nueva-germania-el-fallido-intento-de-la-hermana-de-nietzsche-de-crear-una-comunidad-de-raza-aria-alemana-en-paraguay-12.jpg 480w, http:\/\/cordobadirecto.com\/wp-content\/uploads\/2021\/11\/nueva-germania-el-fallido-intento-de-la-hermana-de-nietzsche-de-crear-una-comunidad-de-raza-aria-alemana-en-paraguay-13.jpg 624w, http:\/\/cordobadirecto.com\/wp-content\/uploads\/2021\/11\/nueva-germania-el-fallido-intento-de-la-hermana-de-nietzsche-de-crear-una-comunidad-de-raza-aria-alemana-en-paraguay-14.jpg 800w\" alt=\"Entrada a Nueva Germania\" src=\"http:\/\/cordobadirecto.com\/wp-content\/uploads\/2021\/11\/nueva-germania-el-fallido-intento-de-la-hermana-de-nietzsche-de-crear-una-comunidad-de-raza-aria-alemana-en-paraguay.jpg\" sizes=\"(min-width: 1008px) 645px, 100vw\" width=\"976\" height=\"549\" class=\"eehpdyc0 bbc-100dhyn e1enwo3v0\"><\/p>\n<p role=\"text\" class=\"bbc-1s1cxbv etq3yw90\"><span class=\"bbc-1gnhmg2 e1yt7oin0\">Fuente de la imagen, <\/span><span lang=\"en-GB\">Jonatan Kurzwelly<\/span><\/p>\n<\/div>\n<\/div>\n<\/div>\n<\/figure>\n<\/div>\n<div dir=\"ltr\" class=\"bbc-19j92fr e57qer20\" readability=\"10\">\n<p dir=\"ltr\" class=\"bbc-bm53ic e1cc2ql70\"><b>En esta localidad hay nombres de calles relativos a personajes alemanes, una iglesia luterana, un museo con la historia del lugar y puedes ver a ni\u00f1os rubios de ojos azules hablando alem\u00e1n. <\/b><\/p>\n<\/div>\n<div dir=\"ltr\" class=\"bbc-19j92fr e57qer20\" readability=\"11\">\n<p dir=\"ltr\" class=\"bbc-bm53ic e1cc2ql70\">Nada extraordinario. Aunque quiz\u00e1 si te digo que esos ni\u00f1os hablan tambi\u00e9n espa\u00f1ol y guaran\u00ed, y viven en un clima tropical en una zona conocida como la cuna de la yerba mate, esto te llame m\u00e1s la atenci\u00f3n.<\/p>\n<\/div>\n<div dir=\"ltr\" class=\"bbc-19j92fr e57qer20\" readability=\"9\">\n<p dir=\"ltr\" class=\"bbc-bm53ic e1cc2ql70\">Bienvenidos a Nueva Germania, una colonia alemana situada en plena parte selv\u00e1tica de Paraguay. En ella viven algo m\u00e1s de <b>6.000 personas<\/b> y la actividad principal es la agricultura.<\/p>\n<\/div>\n<div dir=\"ltr\" class=\"bbc-19j92fr e57qer20\" readability=\"10\">\n<p dir=\"ltr\" class=\"bbc-bm53ic e1cc2ql70\">Algunos de sus habitantes son descendientes de los primeros alemanes que llegaron a finales del siglo XIX para fundar la colonia. Hoy en d\u00eda la comunidad de <b>Nueva Germania pervive, aunque el concepto que inspir\u00f3 su creaci\u00f3n fracas\u00f3<\/b>. <\/p>\n<\/div>\n<p><h2 id=\"Una-utop\u00eda-aria\" tabindex=\"-1\" class=\"bbc-l3e97o e14hemmw0\">Una utop\u00eda aria<\/h2>\n<\/p>\n<div dir=\"ltr\" class=\"bbc-19j92fr e57qer20\" readability=\"8\">\n<p dir=\"ltr\" class=\"bbc-bm53ic e1cc2ql70\">Para entender los or\u00edgenes de Nueva Germania tenemos que ubicarlos en el creciente <b>clima antisemita<\/b> que recorr\u00eda Europa en la d\u00e9cada de 1870.<\/p>\n<\/div>\n<div dir=\"ltr\" class=\"bbc-19j92fr e57qer20\" readability=\"8\">\n<p dir=\"ltr\" class=\"bbc-bm53ic e1cc2ql70\">En algunos c\u00edrculos afloraban las ideas sobre pureza racial y sobre la creaci\u00f3n de asentamientos fuera de la influencia jud\u00eda.<\/p>\n<\/div>\n<div dir=\"ltr\" class=\"bbc-19j92fr e57qer20\" readability=\"13\">\n<p dir=\"ltr\" class=\"bbc-bm53ic e1cc2ql70\">De este ambiente formaba parte el compositor alem\u00e1n <b>Richard Wagner<\/b>, un reconocido antisemita, as\u00ed como el profesor <b>Bernhard F\u00f6rster y su esposa Elisabeth Nietzsche<\/b>, hermana del fil\u00f3sofo Friedrich Nietzsche \u2014por cierto, opuesto a la ideolog\u00eda de su hermana\u2014.<\/p>\n<\/div>\n<div dir=\"ltr\" class=\"ek1plzs1 bbc-9m7iam e57qer20\">\n<figure class=\"bbc-1qdcvv9 e6bmn90\">\n<div dir=\"ltr\" class=\"bbc-vx18wi e57qer20\">\n<div dir=\"ltr\" class=\"bbc-rprdln e57qer20\" readability=\"6.5\">\n<div data-e2e=\"image-placeholder\" class=\"bbc-997y1y e1whu0\" readability=\"8\"><noscript><img loading=\"lazy\" srcset=\"http:\/\/cordobadirecto.com\/wp-content\/uploads\/2021\/11\/nueva-germania-el-fallido-intento-de-la-hermana-de-nietzsche-de-crear-una-comunidad-de-raza-aria-alemana-en-paraguay-15.jpg 240w, http:\/\/cordobadirecto.com\/wp-content\/uploads\/2021\/11\/nueva-germania-el-fallido-intento-de-la-hermana-de-nietzsche-de-crear-una-comunidad-de-raza-aria-alemana-en-paraguay-16.jpg 320w, http:\/\/cordobadirecto.com\/wp-content\/uploads\/2021\/11\/nueva-germania-el-fallido-intento-de-la-hermana-de-nietzsche-de-crear-una-comunidad-de-raza-aria-alemana-en-paraguay-17.jpg 412w\" alt=\"Elisabeth Nietzsche\" src=\"http:\/\/cordobadirecto.com\/wp-content\/uploads\/2021\/11\/nueva-germania-el-fallido-intento-de-la-hermana-de-nietzsche-de-crear-una-comunidad-de-raza-aria-alemana-en-paraguay-1.jpg\" sizes=\"(min-width: 1008px) 645px, 100vw\" width=\"412\" height=\"549\" class=\"eehpdyc0 bbc-100dhyn e1enwo3v0\"><\/noscript><\/p>\n<p role=\"text\" class=\"bbc-1s1cxbv etq3yw90\"><span class=\"bbc-1gnhmg2 e1yt7oin0\">Fuente de la imagen, <\/span><span lang=\"en-GB\">Getty Images<\/span><\/p>\n<\/div>\n<\/div>\n<div dir=\"ltr\" class=\"bbc-3edg7g e57qer20\"><figcaption dir=\"ltr\" class=\"bbc-1t9zlwf eede9f50\"><span class=\"bbc-1gnhmg2 e1yt7oin0\">Pie de foto, <\/span><\/p>\n<p>Elisabeth Nietzsche.<\/p>\n<\/figcaption><\/div>\n<\/div>\n<\/figure>\n<\/div>\n<div dir=\"ltr\" class=\"bbc-19j92fr e57qer20\" readability=\"10\">\n<p dir=\"ltr\" class=\"bbc-bm53ic e1cc2ql70\">&#8220;La idea inicia con Richard Wagner&#8221;, le dice a BBC News Mundo el antrop\u00f3logo polaco-alem\u00e1n Jonatan Kurzwelly, quien desarroll\u00f3 su tesis sobre la identidad en Nueva Germania. <\/p>\n<\/div>\n<div dir=\"ltr\" class=\"bbc-19j92fr e57qer20\" readability=\"15\">\n<p dir=\"ltr\" class=\"bbc-bm53ic e1cc2ql70\">&#8220;Hay que entender un poco el contexto hist\u00f3rico europeo. Eran tiempos de un incremento del antisemitismo, sobre todo en Alemania, en conjunto con dos sucesos el <i class=\"bbc-h1y5j7 ewc4zcb0\">crack <\/i>de la bolsa en Viena, que caus\u00f3 una crisis econ\u00f3mica, y los pogramos en el Imperio ruso, los ataques contra los jud\u00edos que causaron una gran ola de inmigraci\u00f3n&#8221;.<\/p>\n<\/div>\n<div dir=\"ltr\" class=\"bbc-19j92fr e57qer20\" readability=\"11\">\n<p dir=\"ltr\" class=\"bbc-bm53ic e1cc2ql70\">&#8220;En esa \u00e9poca, en casa de Richard Wagner se encontr\u00f3 Elizabeth Nietzsche con su futuro esposo, Bernhard F\u00f6rster&#8221;, agrega Kurzwelly. <\/p>\n<\/div>\n<div dir=\"ltr\" class=\"bbc-19j92fr e57qer20\" readability=\"9\">\n<p dir=\"ltr\" class=\"bbc-bm53ic e1cc2ql70\">&#8220;Y ah\u00ed supuestamente Wagner solt\u00f3 la idea de que se deber\u00eda construir una Nueva Germania fuera de Europa, porque Europa ya estaba bajo demasiado control jud\u00edo&#8221;.<\/p>\n<\/div>\n<div dir=\"ltr\" class=\"ek1plzs1 bbc-9m7iam e57qer20\">\n<figure class=\"bbc-1qdcvv9 e6bmn90\">\n<div dir=\"ltr\" class=\"bbc-vx18wi e57qer20\">\n<div dir=\"ltr\" class=\"bbc-rprdln e57qer20\" readability=\"6.5\">\n<div data-e2e=\"image-placeholder\" class=\"bbc-997y1y e1whu0\" readability=\"8\"><noscript><img loading=\"lazy\" srcset=\"http:\/\/cordobadirecto.com\/wp-content\/uploads\/2021\/11\/nueva-germania-el-fallido-intento-de-la-hermana-de-nietzsche-de-crear-una-comunidad-de-raza-aria-alemana-en-paraguay-18.jpg 240w, http:\/\/cordobadirecto.com\/wp-content\/uploads\/2021\/11\/nueva-germania-el-fallido-intento-de-la-hermana-de-nietzsche-de-crear-una-comunidad-de-raza-aria-alemana-en-paraguay-19.jpg 320w, http:\/\/cordobadirecto.com\/wp-content\/uploads\/2021\/11\/nueva-germania-el-fallido-intento-de-la-hermana-de-nietzsche-de-crear-una-comunidad-de-raza-aria-alemana-en-paraguay-20.jpg 412w\" alt=\"Richard Wagner.\" src=\"http:\/\/cordobadirecto.com\/wp-content\/uploads\/2021\/11\/nueva-germania-el-fallido-intento-de-la-hermana-de-nietzsche-de-crear-una-comunidad-de-raza-aria-alemana-en-paraguay-2.jpg\" sizes=\"(min-width: 1008px) 645px, 100vw\" width=\"412\" height=\"549\" class=\"eehpdyc0 bbc-100dhyn e1enwo3v0\"><\/noscript><\/p>\n<p role=\"text\" class=\"bbc-1s1cxbv etq3yw90\"><span class=\"bbc-1gnhmg2 e1yt7oin0\">Fuente de la imagen, <\/span><span lang=\"en-GB\">Getty Images<\/span><\/p>\n<\/div>\n<\/div>\n<div dir=\"ltr\" class=\"bbc-3edg7g e57qer20\"><figcaption dir=\"ltr\" class=\"bbc-1t9zlwf eede9f50\"><span class=\"bbc-1gnhmg2 e1yt7oin0\">Pie de foto, <\/span><\/p>\n<p>Richard Wagner.<\/p>\n<\/figcaption><\/div>\n<\/div>\n<\/figure>\n<\/div>\n<div dir=\"ltr\" class=\"bbc-19j92fr e57qer20\" readability=\"9\">\n<p dir=\"ltr\" class=\"bbc-bm53ic e1cc2ql70\">El matrimonio compuesto por F\u00f6rster y Nietzsche llev\u00f3 esa idea a la pr\u00e1ctica y esa utop\u00eda racista de crear una comunidad aria fuera de Alemania se materializ\u00f3 \u2014brevemente\u2014 a decenas de miles de kil\u00f3metros.<\/p>\n<\/div>\n<p><h2 id=\"De-Alemania-a-Paraguay\" tabindex=\"-1\" class=\"bbc-l3e97o e14hemmw0\">De Alemania a Paraguay<\/h2>\n<\/p>\n<div dir=\"ltr\" class=\"bbc-19j92fr e57qer20\" readability=\"7\">\n<p dir=\"ltr\" class=\"bbc-bm53ic e1cc2ql70\">F\u00f6rster estuvo viajando solo por Paraguay entre 1883 y 1885. Pero \u00bfpor qu\u00e9 ese pa\u00eds?<\/p>\n<\/div>\n<div dir=\"ltr\" class=\"bbc-19j92fr e57qer20\" readability=\"8\">\n<p dir=\"ltr\" class=\"bbc-bm53ic e1cc2ql70\">Hab\u00eda pasado poco m\u00e1s de una d\u00e9cada desde el final de la<b> Guerra de la Triple Alianza<\/b> (1864-1870). <\/p>\n<\/div>\n<div dir=\"ltr\" class=\"bbc-19j92fr e57qer20\" readability=\"10\">\n<p dir=\"ltr\" class=\"bbc-bm53ic e1cc2ql70\">&#8220;Paraguay era un pa\u00eds totalmente destruido, sin recursos econ\u00f3micos y con una una deuda de guerra gigantesca&#8221;, le dice a BBC Mundo el historiador y gestor cultural paraguayo Fabi\u00e1n Chamorro.<\/p>\n<\/div>\n<div dir=\"ltr\" class=\"bbc-19j92fr e57qer20\" readability=\"8\">\n<p dir=\"ltr\" class=\"bbc-bm53ic e1cc2ql70\">Ante ello, &#8220;hab\u00eda una pol\u00edtica de traer inmigrantes&#8221;.<\/p>\n<\/div>\n<div dir=\"ltr\" class=\"bbc-19j92fr e57qer20\" readability=\"10\">\n<p dir=\"ltr\" class=\"bbc-bm53ic e1cc2ql70\">Adem\u00e1s, en Paraguay ya exist\u00eda una colonia alemana, la de <b>San Bernardino<\/b> (aunque no ten\u00eda nada que ver con la utop\u00eda aria de F\u00f6rster). <\/p>\n<\/div>\n<div dir=\"ltr\" class=\"bbc-19j92fr e57qer20\" readability=\"12\">\n<p dir=\"ltr\" class=\"bbc-bm53ic e1cc2ql70\">Viajando por el pa\u00eds, F\u00f6rster eligi\u00f3 el lugar donde quer\u00eda ubicar su colonia: una zona remota y de dif\u00edcil acceso \u2014en lo que hoy es el departamento de San Pedro\u2014, en el margen del r\u00edo Aguaray y a unos 300 km de la capital, Asunci\u00f3n.<\/p>\n<\/div>\n<div dir=\"ltr\" class=\"bbc-1ka88fa e57qer20\">\n<figure class=\"bbc-1qdcvv9 e6bmn90\">\n<div dir=\"ltr\" class=\"bbc-172p16q e57qer20\">\n<div dir=\"ltr\" class=\"bbc-189y18v e57qer20\" readability=\"6.5\">\n<div data-e2e=\"image-placeholder\" class=\"bbc-997y1y e1whu0\" readability=\"8\"><noscript><img loading=\"lazy\" srcset=\"http:\/\/cordobadirecto.com\/wp-content\/uploads\/2021\/11\/nueva-germania-el-fallido-intento-de-la-hermana-de-nietzsche-de-crear-una-comunidad-de-raza-aria-alemana-en-paraguay-21.jpg 240w, http:\/\/cordobadirecto.com\/wp-content\/uploads\/2021\/11\/nueva-germania-el-fallido-intento-de-la-hermana-de-nietzsche-de-crear-una-comunidad-de-raza-aria-alemana-en-paraguay-22.jpg 320w, http:\/\/cordobadirecto.com\/wp-content\/uploads\/2021\/11\/nueva-germania-el-fallido-intento-de-la-hermana-de-nietzsche-de-crear-una-comunidad-de-raza-aria-alemana-en-paraguay-23.jpg 480w, http:\/\/cordobadirecto.com\/wp-content\/uploads\/2021\/11\/nueva-germania-el-fallido-intento-de-la-hermana-de-nietzsche-de-crear-una-comunidad-de-raza-aria-alemana-en-paraguay-24.jpg 624w, http:\/\/cordobadirecto.com\/wp-content\/uploads\/2021\/11\/nueva-germania-el-fallido-intento-de-la-hermana-de-nietzsche-de-crear-una-comunidad-de-raza-aria-alemana-en-paraguay-25.jpg 800w\" alt=\"Imagen de algunos de los primeros colonos alemanes que llegaron a Nueva Germania.\" src=\"http:\/\/cordobadirecto.com\/wp-content\/uploads\/2021\/11\/nueva-germania-el-fallido-intento-de-la-hermana-de-nietzsche-de-crear-una-comunidad-de-raza-aria-alemana-en-paraguay-3.jpg\" sizes=\"(min-width: 1008px) 645px, 100vw\" width=\"976\" height=\"549\" class=\"eehpdyc0 bbc-100dhyn e1enwo3v0\"><\/noscript><\/p>\n<p role=\"text\" class=\"bbc-1s1cxbv etq3yw90\"><span class=\"bbc-1gnhmg2 e1yt7oin0\">Fuente de la imagen, <\/span><span lang=\"en-GB\">Jonatan Kurzwelly<\/span><\/p>\n<\/div>\n<\/div>\n<div dir=\"ltr\" class=\"bbc-3edg7g e57qer20\" readability=\"6\"><figcaption dir=\"ltr\" class=\"bbc-1t9zlwf eede9f50\" readability=\"2\"><span class=\"bbc-1gnhmg2 e1yt7oin0\">Pie de foto, <\/span><\/p>\n<p>Imagen de algunos de los primeros colonos alemanes que llegaron a Nueva Germania.<\/p>\n<\/figcaption><\/div>\n<\/div>\n<\/figure>\n<\/div>\n<div dir=\"ltr\" class=\"bbc-19j92fr e57qer20\" readability=\"9\">\n<p dir=\"ltr\" class=\"bbc-bm53ic e1cc2ql70\">&#8220;Lo que no sabemos es por qu\u00e9 eligi\u00f3 un lugar tan hostil. Hasta hace apenas 10 a\u00f1os era dif\u00edcil llegar&#8221;, dice Chamorro.<\/p>\n<\/div>\n<div dir=\"ltr\" class=\"bbc-19j92fr e57qer20\" readability=\"10\">\n<p dir=\"ltr\" class=\"bbc-bm53ic e1cc2ql70\">Negoci\u00f3 con el gobierno paraguayo y llegaron a un acuerdo en el que el Estado le ced\u00eda la tierra a F\u00f6ster a cambio de que este trajera <b>140 familias <\/b><b>europeas<\/b> en dos a\u00f1os. Si las tra\u00eda, la tierra pasaba a ser propiedad de los colonos.<\/p>\n<\/div>\n<div dir=\"ltr\" class=\"bbc-19j92fr e57qer20\" readability=\"8\">\n<p dir=\"ltr\" class=\"bbc-bm53ic e1cc2ql70\">De vuelta en Alemania, F\u00f6rster se cas\u00f3 con Elisabeth. <\/p>\n<\/div>\n<div dir=\"ltr\" class=\"bbc-19j92fr e57qer20\" readability=\"10\">\n<p dir=\"ltr\" class=\"bbc-bm53ic e1cc2ql70\">En 1887 ambos viajaron a Paraguay, junto con varias familias alemanas m\u00e1s, y fundaron <b>Nueva Germania<\/b>.<\/p>\n<\/div>\n<div dir=\"ltr\" class=\"bbc-19j92fr e57qer20\" readability=\"10\">\n<p dir=\"ltr\" class=\"bbc-bm53ic e1cc2ql70\">Su sue\u00f1o era claro: crear un \u00e1rea donde poner en pr\u00e1ctica sus ideas ut\u00f3picas sobre la superioridad de la raza aria, lejos de la influencia de los jud\u00edos, a quienes despreciaba.<\/p>\n<\/div>\n<div dir=\"ltr\" class=\"bbc-19j92fr e57qer20\" readability=\"11\">\n<p dir=\"ltr\" class=\"bbc-bm53ic e1cc2ql70\">En algunos reportes se habla de que llegaron 14 familias, aunque el dato no es f\u00e1cil de verificar, se\u00f1ala Kurzwelly, citando la tesis doctoral de Daniela Kraus.<\/p>\n<\/div>\n<div dir=\"ltr\" class=\"bbc-19j92fr e57qer20\" readability=\"10\">\n<p dir=\"ltr\" class=\"bbc-bm53ic e1cc2ql70\">&#8220;Hay que distinguir entre el n\u00famero de familias que se subieron al barco en Hamburgo, el n\u00famero de familias que llegaron a Paraguay y los que se mudaron a Nueva Germania&#8221;, indica el antrop\u00f3logo.<\/p>\n<\/div>\n<p><h2 id=\"Los-problemas\" tabindex=\"-1\" class=\"bbc-l3e97o e14hemmw0\">Los problemas<\/h2>\n<\/p>\n<div dir=\"ltr\" class=\"bbc-19j92fr e57qer20\" readability=\"10\">\n<p dir=\"ltr\" class=\"bbc-bm53ic e1cc2ql70\">Sin embargo, la vida en la colonia y la adaptaci\u00f3n al lugar no fue f\u00e1cil, y pronto empezaron los problemas en Nueva Germania.<\/p>\n<\/div>\n<div dir=\"ltr\" class=\"bbc-19j92fr e57qer20\" readability=\"8\">\n<p dir=\"ltr\" class=\"bbc-bm53ic e1cc2ql70\">&#8220;Esa zona tiene clima tropical y hace un calor h\u00famedo terrible&#8221;, dice Chamorro. <\/p>\n<\/div>\n<div dir=\"ltr\" class=\"bbc-1ka88fa e57qer20\">\n<figure class=\"bbc-1qdcvv9 e6bmn90\">\n<div dir=\"ltr\" class=\"bbc-172p16q e57qer20\">\n<div dir=\"ltr\" class=\"bbc-189y18v e57qer20\" readability=\"6.5\">\n<div data-e2e=\"image-placeholder\" class=\"bbc-997y1y e1whu0\" readability=\"8\"><noscript><img loading=\"lazy\" srcset=\"http:\/\/cordobadirecto.com\/wp-content\/uploads\/2021\/11\/nueva-germania-el-fallido-intento-de-la-hermana-de-nietzsche-de-crear-una-comunidad-de-raza-aria-alemana-en-paraguay-26.jpg 240w, http:\/\/cordobadirecto.com\/wp-content\/uploads\/2021\/11\/nueva-germania-el-fallido-intento-de-la-hermana-de-nietzsche-de-crear-una-comunidad-de-raza-aria-alemana-en-paraguay-27.jpg 320w, http:\/\/cordobadirecto.com\/wp-content\/uploads\/2021\/11\/nueva-germania-el-fallido-intento-de-la-hermana-de-nietzsche-de-crear-una-comunidad-de-raza-aria-alemana-en-paraguay-28.jpg 480w, http:\/\/cordobadirecto.com\/wp-content\/uploads\/2021\/11\/nueva-germania-el-fallido-intento-de-la-hermana-de-nietzsche-de-crear-una-comunidad-de-raza-aria-alemana-en-paraguay-29.jpg 624w, http:\/\/cordobadirecto.com\/wp-content\/uploads\/2021\/11\/nueva-germania-el-fallido-intento-de-la-hermana-de-nietzsche-de-crear-una-comunidad-de-raza-aria-alemana-en-paraguay-30.jpg 800w\" alt=\"Retratos de Elisabeth Nietzsche y Bernhard F\u00f6rster en el museo dedicado a la historia de Nueva Germania.\" src=\"http:\/\/cordobadirecto.com\/wp-content\/uploads\/2021\/11\/nueva-germania-el-fallido-intento-de-la-hermana-de-nietzsche-de-crear-una-comunidad-de-raza-aria-alemana-en-paraguay-4.jpg\" sizes=\"(min-width: 1008px) 645px, 100vw\" width=\"976\" height=\"549\" class=\"eehpdyc0 bbc-100dhyn e1enwo3v0\"><\/noscript><\/p>\n<p role=\"text\" class=\"bbc-1s1cxbv etq3yw90\"><span class=\"bbc-1gnhmg2 e1yt7oin0\">Fuente de la imagen, <\/span><span lang=\"en-GB\">Jonatan Kurzwelly<\/span><\/p>\n<\/div>\n<\/div>\n<div dir=\"ltr\" class=\"bbc-3edg7g e57qer20\" readability=\"6.5\"><figcaption dir=\"ltr\" class=\"bbc-1t9zlwf eede9f50\" readability=\"3\"><span class=\"bbc-1gnhmg2 e1yt7oin0\">Pie de foto, <\/span><\/p>\n<p>Retratos de Elisabeth Nietzsche y Bernhard F\u00f6rster en el museo dedicado a la historia de Nueva Germania.<\/p>\n<\/figcaption><\/div>\n<\/div>\n<\/figure>\n<\/div>\n<div dir=\"ltr\" class=\"bbc-19j92fr e57qer20\" readability=\"8\">\n<p dir=\"ltr\" class=\"bbc-bm53ic e1cc2ql70\">&#8220;Se encontraron con una <b>tierra hostil<\/b>, no es que se pudiera plantear cualquier tipo de alimentos&#8221;. <\/p>\n<\/div>\n<div dir=\"ltr\" class=\"bbc-19j92fr e57qer20\" readability=\"13\">\n<p dir=\"ltr\" class=\"bbc-bm53ic e1cc2ql70\">Y adem\u00e1s, agrega el experto paraguayo, <b>no eran agricultores<\/b>, no ten\u00edan experiencia de trabajo en el campo, sino que era gente que se escapaba tambi\u00e9n por la situaci\u00f3n dif\u00edcil que estaban viviendo en Alemania. <\/p>\n<\/div>\n<div dir=\"ltr\" class=\"bbc-19j92fr e57qer20\" readability=\"11\">\n<p dir=\"ltr\" class=\"bbc-bm53ic e1cc2ql70\">Adem\u00e1s, F\u00f6rster decidi\u00f3 fundar la colonia muy lejos de la capital, aunque &#8220;Elizabeth s\u00ed que quer\u00eda que estuviese m\u00e1s cerca de Asunci\u00f3n y de San Bernardino&#8221;, dice Kurzwelly.<\/p>\n<\/div>\n<div dir=\"ltr\" class=\"bbc-19j92fr e57qer20\" readability=\"9\">\n<p dir=\"ltr\" class=\"bbc-bm53ic e1cc2ql70\">Y, sobre todo, ten\u00eda muchos <b>problemas financieros<\/b>. <\/p>\n<\/div>\n<div dir=\"ltr\" class=\"bbc-19j92fr e57qer20\" readability=\"10\">\n<p dir=\"ltr\" class=\"bbc-bm53ic e1cc2ql70\">La pareja era quien gestionaba todo, incluidos los precios de los productos que luego se vend\u00edan en la capital, explica el antrop\u00f3logo. &#8220;Realmente era un intento privado de la pareja&#8221;.<\/p>\n<\/div>\n<div dir=\"ltr\" class=\"bbc-19j92fr e57qer20\" readability=\"11\">\n<p dir=\"ltr\" class=\"bbc-bm53ic e1cc2ql70\">Adem\u00e1s, F\u00f6rster vend\u00eda tierra que a\u00fan no le pertenec\u00eda seg\u00fan lo acordado con el gobierno paraguayo. Pero al inicio la tierra no le pertenec\u00eda legalmente, \u00e9l ten\u00eda el uso de la misma para poder formar una colonia.<\/p>\n<\/div>\n<div dir=\"ltr\" class=\"bbc-19j92fr e57qer20\" readability=\"9\">\n<p dir=\"ltr\" class=\"bbc-bm53ic e1cc2ql70\">&#8220;\u00c9l esperaba que la tierra iba a ser suya&#8221;, dice Kurzwelly. &#8220;Realmente creo que <b>estaban ilusionados con el sue\u00f1o de que miles y miles de familias les iban a seguir<\/b>&#8220;. <\/p>\n<\/div>\n<div dir=\"ltr\" class=\"bbc-19j92fr e57qer20\" readability=\"9\">\n<p dir=\"ltr\" class=\"bbc-bm53ic e1cc2ql70\">Y la relaci\u00f3n de los colonos con la pareja fue empeorando. &#8220;F\u00f6rster pasaba cada vez menos tiempo en la colonia y Elisabeth cada vez m\u00e1s, se ocupaba del manejo de la colonia&#8221;. <\/p>\n<\/div>\n<p><h2 id=\"El-fin-del-sue\u00f1o-de-los-F\u00f6rsterNietzsche-\" tabindex=\"-1\" class=\"bbc-l3e97o e14hemmw0\">El fin del sue\u00f1o de los F\u00f6rster-Nietzsche <\/h2>\n<\/p>\n<div dir=\"ltr\" class=\"bbc-19j92fr e57qer20\" readability=\"9\">\n<p dir=\"ltr\" class=\"bbc-bm53ic e1cc2ql70\">Las noticias de lo que ocurr\u00eda en la colonia acabaron llegando a Alemania, a trav\u00e9s de cartas o de colonos que regresaron al pa\u00eds. En algunas misivas se le acusaba a F\u00f6rster de estafador. <\/p>\n<\/div>\n<div dir=\"ltr\" class=\"bbc-1ka88fa e57qer20\">\n<figure class=\"bbc-1qdcvv9 e6bmn90\">\n<div dir=\"ltr\" class=\"bbc-172p16q e57qer20\">\n<div dir=\"ltr\" class=\"bbc-189y18v e57qer20\" readability=\"6.5\">\n<div data-e2e=\"image-placeholder\" class=\"bbc-997y1y e1whu0\" readability=\"8\"><noscript><img loading=\"lazy\" srcset=\"http:\/\/cordobadirecto.com\/wp-content\/uploads\/2021\/11\/nueva-germania-el-fallido-intento-de-la-hermana-de-nietzsche-de-crear-una-comunidad-de-raza-aria-alemana-en-paraguay-31.jpg 240w, http:\/\/cordobadirecto.com\/wp-content\/uploads\/2021\/11\/nueva-germania-el-fallido-intento-de-la-hermana-de-nietzsche-de-crear-una-comunidad-de-raza-aria-alemana-en-paraguay-32.jpg 320w, http:\/\/cordobadirecto.com\/wp-content\/uploads\/2021\/11\/nueva-germania-el-fallido-intento-de-la-hermana-de-nietzsche-de-crear-una-comunidad-de-raza-aria-alemana-en-paraguay-33.jpg 480w, http:\/\/cordobadirecto.com\/wp-content\/uploads\/2021\/11\/nueva-germania-el-fallido-intento-de-la-hermana-de-nietzsche-de-crear-una-comunidad-de-raza-aria-alemana-en-paraguay-34.jpg 624w, http:\/\/cordobadirecto.com\/wp-content\/uploads\/2021\/11\/nueva-germania-el-fallido-intento-de-la-hermana-de-nietzsche-de-crear-una-comunidad-de-raza-aria-alemana-en-paraguay-35.jpg 800w\" alt=\"Imagen de algunos de los primeros colonos alemanes que llegaron a Nueva Germania.\" src=\"http:\/\/cordobadirecto.com\/wp-content\/uploads\/2021\/11\/nueva-germania-el-fallido-intento-de-la-hermana-de-nietzsche-de-crear-una-comunidad-de-raza-aria-alemana-en-paraguay-5.jpg\" sizes=\"(min-width: 1008px) 645px, 100vw\" width=\"976\" height=\"549\" class=\"eehpdyc0 bbc-100dhyn e1enwo3v0\"><\/noscript><\/p>\n<p role=\"text\" class=\"bbc-1s1cxbv etq3yw90\"><span class=\"bbc-1gnhmg2 e1yt7oin0\">Fuente de la imagen, <\/span><span lang=\"en-GB\">Jonatan Kurzwelly<\/span><\/p>\n<\/div>\n<\/div>\n<\/div>\n<\/figure>\n<\/div>\n<div dir=\"ltr\" class=\"bbc-19j92fr e57qer20\" readability=\"11\">\n<p dir=\"ltr\" class=\"bbc-bm53ic e1cc2ql70\">&#8220;Hay algunas cartas que dicen, por ejemplo, que hab\u00eda sido un error ir a Nueva Germania&#8221;, cuenta Kurzwelly.<\/p>\n<\/div>\n<div dir=\"ltr\" class=\"bbc-19j92fr e57qer20\" readability=\"8\">\n<p dir=\"ltr\" class=\"bbc-bm53ic e1cc2ql70\">Y as\u00ed es como nunca lleg\u00f3 un segundo contingente de alemanes y F\u00f6rster nunca pudo cumplir con el compromiso de traer 140 familias.<\/p>\n<\/div>\n<div dir=\"ltr\" class=\"bbc-19j92fr e57qer20\" readability=\"9\">\n<p dir=\"ltr\" class=\"bbc-bm53ic e1cc2ql70\">Al final, \u00e9l acab\u00f3 y\u00e9ndose a San Bernardino, donde<b>muri\u00f3<\/b><b> en 1889<\/b>. <\/p>\n<\/div>\n<div dir=\"ltr\" class=\"bbc-19j92fr e57qer20\" readability=\"13\">\n<p dir=\"ltr\" class=\"bbc-bm53ic e1cc2ql70\">&#8220;Hay dos teor\u00edas, la mayor\u00eda de gente dice que se suicid\u00f3, pero no se sabe a ciencia cierta. El reporte m\u00e9dico dec\u00eda que sufri\u00f3 un infarto. Se dice que el reporte m\u00e9dico fue falsificado por Elisabeth, pero no se puede comprobar&#8221;, explica el antrop\u00f3logo alem\u00e1n.<\/p>\n<\/div>\n<div dir=\"ltr\" class=\"bbc-1ka88fa e57qer20\">\n<figure class=\"bbc-1qdcvv9 e6bmn90\">\n<div dir=\"ltr\" class=\"bbc-172p16q e57qer20\">\n<div dir=\"ltr\" class=\"bbc-189y18v e57qer20\" readability=\"6.5\">\n<div data-e2e=\"image-placeholder\" class=\"bbc-997y1y e1whu0\" readability=\"8\"><noscript><img loading=\"lazy\" srcset=\"http:\/\/cordobadirecto.com\/wp-content\/uploads\/2021\/11\/nueva-germania-el-fallido-intento-de-la-hermana-de-nietzsche-de-crear-una-comunidad-de-raza-aria-alemana-en-paraguay-36.jpg 240w, http:\/\/cordobadirecto.com\/wp-content\/uploads\/2021\/11\/nueva-germania-el-fallido-intento-de-la-hermana-de-nietzsche-de-crear-una-comunidad-de-raza-aria-alemana-en-paraguay-37.jpg 320w, http:\/\/cordobadirecto.com\/wp-content\/uploads\/2021\/11\/nueva-germania-el-fallido-intento-de-la-hermana-de-nietzsche-de-crear-una-comunidad-de-raza-aria-alemana-en-paraguay-38.jpg 480w, http:\/\/cordobadirecto.com\/wp-content\/uploads\/2021\/11\/nueva-germania-el-fallido-intento-de-la-hermana-de-nietzsche-de-crear-una-comunidad-de-raza-aria-alemana-en-paraguay-39.jpg 624w, http:\/\/cordobadirecto.com\/wp-content\/uploads\/2021\/11\/nueva-germania-el-fallido-intento-de-la-hermana-de-nietzsche-de-crear-una-comunidad-de-raza-aria-alemana-en-paraguay-40.jpg 800w\" alt=\"Tumba de Bernhard F\u00f6rster en San Bernardino.\" src=\"http:\/\/cordobadirecto.com\/wp-content\/uploads\/2021\/11\/nueva-germania-el-fallido-intento-de-la-hermana-de-nietzsche-de-crear-una-comunidad-de-raza-aria-alemana-en-paraguay-6.jpg\" sizes=\"(min-width: 1008px) 645px, 100vw\" width=\"1024\" height=\"576\" class=\"eehpdyc0 bbc-100dhyn e1enwo3v0\"><\/noscript><\/p>\n<p role=\"text\" class=\"bbc-1s1cxbv etq3yw90\"><span class=\"bbc-1gnhmg2 e1yt7oin0\">Fuente de la imagen, <\/span><span lang=\"en-GB\">Cortes\u00eda Fabi\u00e1n Chamorro<\/span><\/p>\n<\/div>\n<\/div>\n<div dir=\"ltr\" class=\"bbc-3edg7g e57qer20\" readability=\"6\"><figcaption dir=\"ltr\" class=\"bbc-1t9zlwf eede9f50\" readability=\"2\"><span class=\"bbc-1gnhmg2 e1yt7oin0\">Pie de foto, <\/span><\/p>\n<p>Tumba de Bernhard F\u00f6rster en San Bernardino.<\/p>\n<\/figcaption><\/div>\n<\/div>\n<\/figure>\n<\/div>\n<div dir=\"ltr\" class=\"bbc-19j92fr e57qer20\" readability=\"10\">\n<p dir=\"ltr\" class=\"bbc-bm53ic e1cc2ql70\">Elisabeth viaj\u00f3 a Alemania, y aunque regres\u00f3 a Nueva Germania, <b>los colonos ya no la aceptaron<\/b> y se instal\u00f3 definitivamente en su pa\u00eds en 1893 para cuidar a su hermano enfermo.<\/p>\n<\/div>\n<div dir=\"ltr\" class=\"bbc-19j92fr e57qer20\" readability=\"10\">\n<p dir=\"ltr\" class=\"bbc-bm53ic e1cc2ql70\">Tras la muerte del fil\u00f3sofo en 1900, obtuvo los derechos de sus manuscritos y rechazando el acceso p\u00fablico a las obras, las edit\u00f3 y distorsion\u00f3.<\/p>\n<\/div>\n<div dir=\"ltr\" class=\"bbc-19j92fr e57qer20\" readability=\"8\">\n<p dir=\"ltr\" class=\"bbc-bm53ic e1cc2ql70\">Fue <b>simpatizante <\/b><b>del <\/b><b>nacionalsocialismo <\/b><b>y a su funeral en 1935 asistieron Adolf Hitler y otros dignatarios nazis<\/b>. <\/p>\n<\/div>\n<div dir=\"ltr\" class=\"bbc-19j92fr e57qer20\" readability=\"9\">\n<p dir=\"ltr\" class=\"bbc-bm53ic e1cc2ql70\">Despu\u00e9s de su muerte, expertos reeditaron los escritos de Nietzsche y hallaron las distorsionadas versiones de Elisabeth: falsific\u00f3 casi 30 cartas y reescribi\u00f3 varios pasajes.<\/p>\n<\/div>\n<div dir=\"ltr\" class=\"bbc-1ka88fa e57qer20\">\n<figure class=\"bbc-1qdcvv9 e6bmn90\">\n<div dir=\"ltr\" class=\"bbc-172p16q e57qer20\">\n<div dir=\"ltr\" class=\"bbc-189y18v e57qer20\" readability=\"6.5\">\n<div data-e2e=\"image-placeholder\" class=\"bbc-997y1y e1whu0\" readability=\"8\"><noscript><img loading=\"lazy\" srcset=\"http:\/\/cordobadirecto.com\/wp-content\/uploads\/2021\/11\/nueva-germania-el-fallido-intento-de-la-hermana-de-nietzsche-de-crear-una-comunidad-de-raza-aria-alemana-en-paraguay-41.jpg 240w, http:\/\/cordobadirecto.com\/wp-content\/uploads\/2021\/11\/nueva-germania-el-fallido-intento-de-la-hermana-de-nietzsche-de-crear-una-comunidad-de-raza-aria-alemana-en-paraguay-42.jpg 320w, http:\/\/cordobadirecto.com\/wp-content\/uploads\/2021\/11\/nueva-germania-el-fallido-intento-de-la-hermana-de-nietzsche-de-crear-una-comunidad-de-raza-aria-alemana-en-paraguay-43.jpg 480w, http:\/\/cordobadirecto.com\/wp-content\/uploads\/2021\/11\/nueva-germania-el-fallido-intento-de-la-hermana-de-nietzsche-de-crear-una-comunidad-de-raza-aria-alemana-en-paraguay-44.jpg 624w, http:\/\/cordobadirecto.com\/wp-content\/uploads\/2021\/11\/nueva-germania-el-fallido-intento-de-la-hermana-de-nietzsche-de-crear-una-comunidad-de-raza-aria-alemana-en-paraguay-45.jpg 800w\" alt=\"Adolf Hitler en el funeral de Elisabeth Nietzsche.\" src=\"http:\/\/cordobadirecto.com\/wp-content\/uploads\/2021\/11\/nueva-germania-el-fallido-intento-de-la-hermana-de-nietzsche-de-crear-una-comunidad-de-raza-aria-alemana-en-paraguay-7.jpg\" sizes=\"(min-width: 1008px) 645px, 100vw\" width=\"976\" height=\"549\" class=\"eehpdyc0 bbc-100dhyn e1enwo3v0\"><\/noscript><\/p>\n<p role=\"text\" class=\"bbc-1s1cxbv etq3yw90\"><span class=\"bbc-1gnhmg2 e1yt7oin0\">Fuente de la imagen, <\/span><span lang=\"en-GB\">Getty Images<\/span><\/p>\n<\/div>\n<\/div>\n<div dir=\"ltr\" class=\"bbc-3edg7g e57qer20\" readability=\"6\"><figcaption dir=\"ltr\" class=\"bbc-1t9zlwf eede9f50\" readability=\"2\"><span class=\"bbc-1gnhmg2 e1yt7oin0\">Pie de foto, <\/span><\/p>\n<p>Adolf Hitler en el funeral de Elisabeth Nietzsche.<\/p>\n<\/figcaption><\/div>\n<\/div>\n<\/figure>\n<\/div>\n<div dir=\"ltr\" class=\"bbc-19j92fr e57qer20\" readability=\"7\">\n<p dir=\"ltr\" class=\"bbc-bm53ic e1cc2ql70\">Y es as\u00ed como fall\u00f3 esta utop\u00eda aria. <\/p>\n<\/div>\n<div dir=\"ltr\" class=\"bbc-19j92fr e57qer20\" readability=\"10\">\n<p dir=\"ltr\" class=\"bbc-bm53ic e1cc2ql70\">&#8220;Nueva Germania no fracas\u00f3 como colonia, pues sigue hasta el d\u00eda de hoy. <b>Lo que fracas\u00f3 es el sue\u00f1o racista de F\u00f6rster<\/b>&#8220;, puntualiza Kurzwelly. <\/p>\n<\/div>\n<div dir=\"ltr\" class=\"bbc-19j92fr e57qer20\" readability=\"9\">\n<p dir=\"ltr\" class=\"bbc-bm53ic e1cc2ql70\">&#8220;Lo que hay que tener en cuenta es que el sue\u00f1o racista era de \u00e9l, de Elisabeth y quiz\u00e1 de una o dos familias m\u00e1s&#8221;.<\/p>\n<\/div>\n<div dir=\"ltr\" class=\"bbc-19j92fr e57qer20\" readability=\"13\">\n<p dir=\"ltr\" class=\"bbc-bm53ic e1cc2ql70\">&#8220;Otros, en esa \u00e9poca en la que hab\u00eda gigantescas olas de emigraci\u00f3n a las Am\u00e9ricas, lo \u00fanico que quer\u00edan era irse y construir nueva vida, y la idea del organizador detr\u00e1s de esa emigraci\u00f3n quiz\u00e1 les importaba menos&#8221;, a\u00f1ade el antrop\u00f3logo.<\/p>\n<\/div>\n<p><h2 id=\"Nueva-Germania-hoy-\" tabindex=\"-1\" class=\"bbc-l3e97o e14hemmw0\">Nueva Germania hoy <\/h2>\n<\/p>\n<div dir=\"ltr\" class=\"bbc-19j92fr e57qer20\" readability=\"10\">\n<p dir=\"ltr\" class=\"bbc-bm53ic e1cc2ql70\">El origen alem\u00e1n de esta localidad a\u00fan es visible, gracias a &#8220;las cuatro o cinco familias alemanas originales que se quedaron y que tuvieron descendencia&#8221;, dice Chamorro. <\/p>\n<\/div>\n<div dir=\"ltr\" class=\"bbc-19j92fr e57qer20\" readability=\"7\">\n<p dir=\"ltr\" class=\"bbc-bm53ic e1cc2ql70\">&#8220;Hoy en d\u00eda puedes ver a chicos rubitos hablando guaran\u00ed&#8221;.<\/p>\n<\/div>\n<div dir=\"ltr\" class=\"bbc-19j92fr e57qer20\" readability=\"11\">\n<p dir=\"ltr\" class=\"bbc-bm53ic e1cc2ql70\">En Nueva Germania se hablan <b>tres lenguas<\/b>. El guaran\u00ed y el espa\u00f1ol, que son los idiomas oficiales en Paraguay, y el alem\u00e1n, que usan las familias de ascendencia alemana.<\/p>\n<\/div>\n<div dir=\"ltr\" class=\"bbc-19j92fr e57qer20\" readability=\"10\">\n<p dir=\"ltr\" class=\"bbc-bm53ic e1cc2ql70\">&#8220;El alem\u00e1n que se habla muchas veces se mezcla con el espa\u00f1ol&#8221;, cuenta Jonatan Kurzwelly, quien vivi\u00f3 durante un tiempo en Nueva Germania para hacer su tesis.<\/p>\n<\/div>\n<div dir=\"ltr\" class=\"bbc-19j92fr e57qer20\" readability=\"8\">\n<p dir=\"ltr\" class=\"bbc-bm53ic e1cc2ql70\">El antrop\u00f3logo explica que existen<b> conexiones con Alemania<\/b> en la actualidad. &#8220;Algunas personas se fueron un tiempo a viajar o a vivir a Alemania&#8221;. <\/p>\n<\/div>\n<div dir=\"ltr\" class=\"bbc-1ka88fa e57qer20\">\n<figure class=\"bbc-1qdcvv9 e6bmn90\">\n<div dir=\"ltr\" class=\"bbc-172p16q e57qer20\">\n<div dir=\"ltr\" class=\"bbc-189y18v e57qer20\" readability=\"6.5\">\n<div data-e2e=\"image-placeholder\" class=\"bbc-997y1y e1whu0\" readability=\"8\"><noscript><img loading=\"lazy\" srcset=\"http:\/\/cordobadirecto.com\/wp-content\/uploads\/2021\/11\/nueva-germania-el-fallido-intento-de-la-hermana-de-nietzsche-de-crear-una-comunidad-de-raza-aria-alemana-en-paraguay-46.jpg 240w, http:\/\/cordobadirecto.com\/wp-content\/uploads\/2021\/11\/nueva-germania-el-fallido-intento-de-la-hermana-de-nietzsche-de-crear-una-comunidad-de-raza-aria-alemana-en-paraguay-47.jpg 320w, http:\/\/cordobadirecto.com\/wp-content\/uploads\/2021\/11\/nueva-germania-el-fallido-intento-de-la-hermana-de-nietzsche-de-crear-una-comunidad-de-raza-aria-alemana-en-paraguay-48.jpg 480w, http:\/\/cordobadirecto.com\/wp-content\/uploads\/2021\/11\/nueva-germania-el-fallido-intento-de-la-hermana-de-nietzsche-de-crear-una-comunidad-de-raza-aria-alemana-en-paraguay-49.jpg 624w, http:\/\/cordobadirecto.com\/wp-content\/uploads\/2021\/11\/nueva-germania-el-fallido-intento-de-la-hermana-de-nietzsche-de-crear-una-comunidad-de-raza-aria-alemana-en-paraguay-50.jpg 800w\" alt=\"Calle dedicada a Elisabeth Nietzsche en Nueva Germania.\" src=\"http:\/\/cordobadirecto.com\/wp-content\/uploads\/2021\/11\/nueva-germania-el-fallido-intento-de-la-hermana-de-nietzsche-de-crear-una-comunidad-de-raza-aria-alemana-en-paraguay-8.jpg\" sizes=\"(min-width: 1008px) 645px, 100vw\" width=\"976\" height=\"549\" class=\"eehpdyc0 bbc-100dhyn e1enwo3v0\"><\/noscript><\/p>\n<p role=\"text\" class=\"bbc-1s1cxbv etq3yw90\"><span class=\"bbc-1gnhmg2 e1yt7oin0\">Fuente de la imagen, <\/span><span lang=\"en-GB\">Cortes\u00eda Fabi\u00e1n Chamorro<\/span><\/p>\n<\/div>\n<\/div>\n<\/div>\n<\/figure>\n<\/div>\n<div dir=\"ltr\" class=\"bbc-19j92fr e57qer20\" readability=\"9\">\n<p dir=\"ltr\" class=\"bbc-bm53ic e1cc2ql70\">&#8220;Hay un acuerdo con una comunidad evang\u00e9lica en Alemania, que organiz\u00f3 algunos intercambios entre sus miembros&#8221;.<\/p>\n<\/div>\n<div dir=\"ltr\" class=\"bbc-19j92fr e57qer20\" readability=\"12\">\n<p dir=\"ltr\" class=\"bbc-bm53ic e1cc2ql70\">Hay dos iglesias, por ejemplo, la<b> iglesia evang\u00e9lica luterana<\/b>, con una fuerte relaci\u00f3n con la iglesia alemana luterana, y la cat\u00f3lica.<\/p>\n<\/div>\n<div dir=\"ltr\" class=\"bbc-19j92fr e57qer20\" readability=\"8\">\n<p dir=\"ltr\" class=\"bbc-bm53ic e1cc2ql70\">&#8220;Tradicionalmente esa tambi\u00e9n fue la divisi\u00f3n entre alemanes y paraguayos&#8221;, dice el antrop\u00f3logo.<\/p>\n<\/div>\n<div dir=\"ltr\" class=\"bbc-19j92fr e57qer20\" readability=\"11\">\n<p dir=\"ltr\" class=\"bbc-bm53ic e1cc2ql70\">En cuanto a identidad, dice que &#8220;algunos se definen como alemanes, otros se definen como ambas, alemanas y paraguayas y a veces tienen esa esa contradicci\u00f3n interna&#8221;.<\/p>\n<\/div>\n<div dir=\"ltr\" class=\"bbc-19j92fr e57qer20\" readability=\"8\">\n<p dir=\"ltr\" class=\"bbc-bm53ic e1cc2ql70\">&#8220;En Nueva Germania hay una tercera identidad, que es el ser <b>germanino<\/b>&#8220;.<\/p>\n<\/div>\n<div dir=\"ltr\" class=\"bbc-19j92fr e57qer20\" readability=\"10\">\n<p dir=\"ltr\" class=\"bbc-bm53ic e1cc2ql70\">Lo que no es representativo de la Nueva Germania que sobrevivi\u00f3 a Bernhard F\u00f6rster y su esposa Elisabeth Nietzsche, aclara Kurzwelly, es la idea racista con la que la pareja concibi\u00f3 la colonia. <\/p>\n<\/div>\n<div dir=\"ltr\" class=\"bbc-19j92fr e57qer20\" readability=\"9\">\n<p dir=\"ltr\" class=\"bbc-bm53ic e1cc2ql70\">&#8220;Las familias alemanas conviven con los paraguayos, a veces se casan entre ellos, se mezclan&#8221;<\/p>\n<\/div>\n<div dir=\"ltr\" class=\"bbc-19j92fr e57qer20\" readability=\"11\">\n<p dir=\"ltr\" class=\"bbc-bm53ic e1cc2ql70\">&#8220;Nueva Germania no hay que venderlo como un sue\u00f1o racista, ha sido un sue\u00f1o privado de dos personas con ideas muy racistas que se enfrent\u00f3 con la realidad dura del trabajo en el campo, del manejo de la colonia y de la insatisfacci\u00f3n de las personas de la colonia&#8221;.<\/p>\n<\/div>\n<div dir=\"ltr\" class=\"bbc-19j92fr e57qer20\" readability=\"9\">\n<p dir=\"ltr\" class=\"bbc-bm53ic e1cc2ql70\">&#8220;Un amigo m\u00edo dec\u00eda que le gustar\u00eda que Nueva Germania no fuese recordada como el primer intento protonazi, sino el primer intento fallido protonazi&#8221;. <\/p>\n<\/div>\n<div dir=\"ltr\" class=\"bbc-1ka88fa e57qer20\">\n<figure class=\"bbc-1qdcvv9 e6bmn90\">\n<div dir=\"ltr\" class=\"bbc-172p16q e57qer20\">\n<div dir=\"ltr\" class=\"bbc-189y18v e57qer20\">\n<div data-e2e=\"image-placeholder\" class=\"bbc-997y1y e1whu0\"><noscript><img loading=\"lazy\" srcset=\"http:\/\/cordobadirecto.com\/wp-content\/uploads\/2021\/11\/nueva-germania-el-fallido-intento-de-la-hermana-de-nietzsche-de-crear-una-comunidad-de-raza-aria-alemana-en-paraguay-51.jpg 240w, http:\/\/cordobadirecto.com\/wp-content\/uploads\/2021\/11\/nueva-germania-el-fallido-intento-de-la-hermana-de-nietzsche-de-crear-una-comunidad-de-raza-aria-alemana-en-paraguay-52.jpg 320w, http:\/\/cordobadirecto.com\/wp-content\/uploads\/2021\/11\/nueva-germania-el-fallido-intento-de-la-hermana-de-nietzsche-de-crear-una-comunidad-de-raza-aria-alemana-en-paraguay-53.jpg 464w\" alt=\"L\u00ednea\" src=\"http:\/\/cordobadirecto.com\/wp-content\/uploads\/2021\/11\/nueva-germania-el-fallido-intento-de-la-hermana-de-nietzsche-de-crear-una-comunidad-de-raza-aria-alemana-en-paraguay-9.jpg\" sizes=\"(min-width: 1008px) 645px, 100vw\" width=\"464\" height=\"2\" class=\"eehpdyc0 bbc-100dhyn e1enwo3v0\"><\/noscript><\/div>\n<\/div>\n<\/div>\n<\/figure>\n<\/div>\n<div dir=\"ltr\" class=\"bbc-19j92fr e57qer20\" readability=\"8\">\n<p dir=\"ltr\" class=\"bbc-bm53ic e1cc2ql70\"><i class=\"bbc-h1y5j7 ewc4zcb0\">Ahora puedes recibir notificaciones de BBC Mundo. Descarga la nueva versi\u00f3n de nuestra app y act\u00edvalas para no perderte nuestro mejor contenido.<\/i><\/p>\n<\/div>\n","protected":false},"excerpt":{"rendered":"<p>Mar Pichel @marpichel BBC News Mundo 6 noviembre 2021 Fuente de la imagen, Jonatan Kurzwelly En esta localidad hay nombres de calles relativos a personajes alemanes, una iglesia luterana, un museo con la historia del lugar y puedes ver a ni\u00f1os rubios de ojos azules hablando alem\u00e1n. Nada extraordinario. Aunque quiz\u00e1 si te digo que [&hellip;]<\/p>\n","protected":false},"author":1,"featured_media":26787,"comment_status":"closed","ping_status":"closed","sticky":false,"template":"","format":"standard","meta":[],"categories":[24],"tags":[],"_links":{"self":[{"href":"http:\/\/cordobadirecto.com\/index.php\/wp-json\/wp\/v2\/posts\/26786"}],"collection":[{"href":"http:\/\/cordobadirecto.com\/index.php\/wp-json\/wp\/v2\/posts"}],"about":[{"href":"http:\/\/cordobadirecto.com\/index.php\/wp-json\/wp\/v2\/types\/post"}],"author":[{"embeddable":true,"href":"http:\/\/cordobadirecto.com\/index.php\/wp-json\/wp\/v2\/users\/1"}],"replies":[{"embeddable":true,"href":"http:\/\/cordobadirecto.com\/index.php\/wp-json\/wp\/v2\/comments?post=26786"}],"version-history":[{"count":0,"href":"http:\/\/cordobadirecto.com\/index.php\/wp-json\/wp\/v2\/posts\/26786\/revisions"}],"wp:featuredmedia":[{"embeddable":true,"href":"http:\/\/cordobadirecto.com\/index.php\/wp-json\/wp\/v2\/media\/26787"}],"wp:attachment":[{"href":"http:\/\/cordobadirecto.com\/index.php\/wp-json\/wp\/v2\/media?parent=26786"}],"wp:term":[{"taxonomy":"category","embeddable":true,"href":"http:\/\/cordobadirecto.com\/index.php\/wp-json\/wp\/v2\/categories?post=26786"},{"taxonomy":"post_tag","embeddable":true,"href":"http:\/\/cordobadirecto.com\/index.php\/wp-json\/wp\/v2\/tags?post=26786"}],"curies":[{"name":"wp","href":"https:\/\/api.w.org\/{rel}","templated":true}]}}