{"id":26878,"date":"2021-11-08T04:11:21","date_gmt":"2021-11-08T04:11:21","guid":{"rendered":"http:\/\/cordobadirecto.com\/index.php\/2021\/11\/08\/dialogos-con-jose-tasa-que-puede-pasar-con-la-economia-el-dolar-y-los-mercados-a-a24\/"},"modified":"2021-11-08T04:11:21","modified_gmt":"2021-11-08T04:11:21","slug":"dialogos-con-jose-tasa-que-puede-pasar-con-la-economia-el-dolar-y-los-mercados-a-a24","status":"publish","type":"post","link":"http:\/\/cordobadirecto.com\/index.php\/2021\/11\/08\/dialogos-con-jose-tasa-que-puede-pasar-con-la-economia-el-dolar-y-los-mercados-a-a24\/","title":{"rendered":"Di\u00e1logos con Jos\u00e9 Tasa: \u00bfQu\u00e9 puede pasar con la <b>econom\u00eda<\/b> el d\u00f3lar y los mercados a &#8230; &#8211; A24"},"content":{"rendered":"<p>En un <b>nuevo<\/b> encuentro con el experto financiero que se escuda detr\u00e1s del &#8230; diputados de Schiaretti por el pedido de Alberto Fern\u00e1ndez a <b>C\u00f3rdoba<\/b>. <\/p>\n","protected":false},"excerpt":{"rendered":"<p>En un nuevo encuentro con el experto financiero que se escuda detr\u00e1s del &#8230; diputados de Schiaretti por el pedido de Alberto Fern\u00e1ndez a C\u00f3rdoba.<\/p>\n","protected":false},"author":1,"featured_media":0,"comment_status":"closed","ping_status":"closed","sticky":false,"template":"","format":"standard","meta":[],"categories":[40],"tags":[],"_links":{"self":[{"href":"http:\/\/cordobadirecto.com\/index.php\/wp-json\/wp\/v2\/posts\/26878"}],"collection":[{"href":"http:\/\/cordobadirecto.com\/index.php\/wp-json\/wp\/v2\/posts"}],"about":[{"href":"http:\/\/cordobadirecto.com\/index.php\/wp-json\/wp\/v2\/types\/post"}],"author":[{"embeddable":true,"href":"http:\/\/cordobadirecto.com\/index.php\/wp-json\/wp\/v2\/users\/1"}],"replies":[{"embeddable":true,"href":"http:\/\/cordobadirecto.com\/index.php\/wp-json\/wp\/v2\/comments?post=26878"}],"version-history":[{"count":0,"href":"http:\/\/cordobadirecto.com\/index.php\/wp-json\/wp\/v2\/posts\/26878\/revisions"}],"wp:attachment":[{"href":"http:\/\/cordobadirecto.com\/index.php\/wp-json\/wp\/v2\/media?parent=26878"}],"wp:term":[{"taxonomy":"category","embeddable":true,"href":"http:\/\/cordobadirecto.com\/index.php\/wp-json\/wp\/v2\/categories?post=26878"},{"taxonomy":"post_tag","embeddable":true,"href":"http:\/\/cordobadirecto.com\/index.php\/wp-json\/wp\/v2\/tags?post=26878"}],"curies":[{"name":"wp","href":"https:\/\/api.w.org\/{rel}","templated":true}]}}