{"id":27034,"date":"2021-11-08T08:13:34","date_gmt":"2021-11-08T08:13:34","guid":{"rendered":"http:\/\/cordobadirecto.com\/index.php\/2021\/11\/08\/fernandez-pidio-que-cordoba-se-integre-al-pais-y-profundizo-diferencias-comercio-y-justicia\/"},"modified":"2021-11-08T08:13:34","modified_gmt":"2021-11-08T08:13:34","slug":"fernandez-pidio-que-cordoba-se-integre-al-pais-y-profundizo-diferencias-comercio-y-justicia","status":"publish","type":"post","link":"http:\/\/cordobadirecto.com\/index.php\/2021\/11\/08\/fernandez-pidio-que-cordoba-se-integre-al-pais-y-profundizo-diferencias-comercio-y-justicia\/","title":{"rendered":"Fern\u00e1ndez pidi\u00f3 que <b>C\u00f3rdoba<\/b> \u201cse integre al pa\u00eds\u201d y profundiz\u00f3 diferencias &#8211; Comercio y Justicia"},"content":{"rendered":"<p>El presidente Alberto Fern\u00e1ndez cuestion\u00f3 la posici\u00f3n del Gobierno de <b>C\u00f3rdoba<\/b> y consider\u00f3 que \u201chace falta de una vez por todas que se integre al&nbsp;&#8230; <\/p>\n","protected":false},"excerpt":{"rendered":"<p>El presidente Alberto Fern\u00e1ndez cuestion\u00f3 la posici\u00f3n del Gobierno de C\u00f3rdoba y consider\u00f3 que \u201chace falta de una vez por todas que se integre al&nbsp;&#8230;<\/p>\n","protected":false},"author":1,"featured_media":0,"comment_status":"closed","ping_status":"closed","sticky":false,"template":"","format":"standard","meta":[],"categories":[40],"tags":[],"_links":{"self":[{"href":"http:\/\/cordobadirecto.com\/index.php\/wp-json\/wp\/v2\/posts\/27034"}],"collection":[{"href":"http:\/\/cordobadirecto.com\/index.php\/wp-json\/wp\/v2\/posts"}],"about":[{"href":"http:\/\/cordobadirecto.com\/index.php\/wp-json\/wp\/v2\/types\/post"}],"author":[{"embeddable":true,"href":"http:\/\/cordobadirecto.com\/index.php\/wp-json\/wp\/v2\/users\/1"}],"replies":[{"embeddable":true,"href":"http:\/\/cordobadirecto.com\/index.php\/wp-json\/wp\/v2\/comments?post=27034"}],"version-history":[{"count":0,"href":"http:\/\/cordobadirecto.com\/index.php\/wp-json\/wp\/v2\/posts\/27034\/revisions"}],"wp:attachment":[{"href":"http:\/\/cordobadirecto.com\/index.php\/wp-json\/wp\/v2\/media?parent=27034"}],"wp:term":[{"taxonomy":"category","embeddable":true,"href":"http:\/\/cordobadirecto.com\/index.php\/wp-json\/wp\/v2\/categories?post=27034"},{"taxonomy":"post_tag","embeddable":true,"href":"http:\/\/cordobadirecto.com\/index.php\/wp-json\/wp\/v2\/tags?post=27034"}],"curies":[{"name":"wp","href":"https:\/\/api.w.org\/{rel}","templated":true}]}}