{"id":27199,"date":"2021-11-09T23:08:22","date_gmt":"2021-11-09T23:08:22","guid":{"rendered":"https:\/\/cordoba.gob.ar\/?p=15925"},"modified":"2021-11-09T23:08:22","modified_gmt":"2021-11-09T23:08:22","slug":"se-comunican-los-seleccionados-para-el-festival-100-horas-de-teatro","status":"publish","type":"post","link":"http:\/\/cordobadirecto.com\/index.php\/2021\/11\/09\/se-comunican-los-seleccionados-para-el-festival-100-horas-de-teatro\/","title":{"rendered":"Se comunican los seleccionados para el Festival \u201c100 horas de Teatro\u201d"},"content":{"rendered":"<div><img src=\"http:\/\/cordobadirecto.com\/wp-content\/uploads\/2021\/11\/se-comunican-los-seleccionados-para-el-festival-100-horas-de-teatro.jpg\" class=\"ff-og-image-inserted\"><\/div>\n<ul>\n<li><strong>El evento se llevar\u00e1 a cabo desde el 23 al 28 de noviembre, en diferentes salas de teatro independiente de la ciudad.<\/strong><\/li>\n<\/ul>\n<hr>\n<p>Desde la Subsecretar\u00eda de Cultura, dependiente de la Secretar\u00eda de Gobierno de la Municipalidad de C\u00f3rdoba, se da a conocer los resultados de la convocatoria para formar parte del Festival \u201c100 Horas de Teatro\u201d.<\/p>\n<p>La convocatoria, abierta desde el martes 12 de octubre hasta el lunes 1 de noviembre de 2021 inclusive, estuvo destinada a todos los grupos de Teatro Independiente y\/o Elencos Concertados de la Ciudad.<\/p>\n<p>Se evaluaron 45 propuestas esc\u00e9nicas presentadas y de las cuales 12 fueron elegidas para la edici\u00f3n 2021. La curadur\u00eda del Festival est\u00e1 a cargo de la Red de Salas de Teatro de la Ciudad de C\u00f3rdoba y representada por Jorge Villegas en el proceso de selecci\u00f3n.<\/p>\n<p>El ciclo, se realizar\u00e1 desde el martes 23 al domingo 28 de noviembre de 2021 bajo modalidad itinerante por diferentes Salas de Teatro Independiente de la ciudad que se encuentran habilitadas por la ordenanza 10782\/04.<\/p>\n<p>A continuaci\u00f3n se detallan aquellos proyectos que resultaron elegidos e integran la grilla para esta edici\u00f3n 2021:<\/p>\n<p>\u2013 \u00bfQu\u00e9 hacemos con Ub\u00fa?\/ Elenco Temporal de la UNC-Tres Tigres<br \/>\u2013 La puta mejor embalsamada\/ Cortocircuito<br \/>\u2013 Lengua madre\/ Convenci\u00f3n Teatro<br \/>\u2013 No soy un robot\/ Teatro La Cochera<br \/>\u2013 Mediasnoches payasas\/ Payasos Autoconvocados<br \/>\u2013 Mi nombre es Eva Duarte\/ El Cuenco Teatro<br \/>\u2013 He nacido para verte sonre\u00edr\/ La Mucca Teatro<br \/>\u2013 Deshojado. Unipersonal de un actor ciego.<br \/>\u2013 En \u00e1mbar. Fantom\u00e1tica de objetos\/ Grupo Teatro La Chacarita y Grupo Ocho Ojos<br \/>\u2013 Payasos malvivientes, ladrones, delincuentes\/ A-Penas Clown<br \/>\u2013 \u00a1Bailemos\u2026 que se acaba el mundo!\/ Bineural Monokultur<br \/>\u2013 El ingrediente principal\/ En Tr\u00e1nsito<\/p>\n<p>Las obras suplentes son:<br \/>\u2013 \u00d1e\u2019\u1ebd, alma y palabra\/ Catapulta Danza<br \/>\u2013 Rtte. Un p\u00e1jaro\/ La Comisura + P\u00f3len<\/p>\n<p><strong>Acerca de \u201c100 Horas de Teatro\u201d<\/strong><\/p>\n<p>El lema de esta d\u00e9cima tercera edici\u00f3n invita a celebrar el reencuentro del p\u00fablico con las personas hacedoras del teatro local, confluyendo en una marat\u00f3nica fiesta.<\/p>\n<p>Ser\u00e1n 12 funciones teatrales y numerosas actividades paralelas: talleres, conversatorios para la comunidad art\u00edstica y actividades dirigidas a la comunidad en general.<\/p>\n<p>En este sentido, el convite quiere retomar la vivencia del teatro, a partir de los diversos encuentros que propicia la instancia de festival. Encuentros que por estos tiempos cobra mayor valor, en tanto nos conecta en espacios p\u00fablicos y comunes.<\/p>\n","protected":false},"excerpt":{"rendered":"<p>El evento se llevar\u00e1 a cabo desde el 23 al 28 de noviembre, en diferentes salas de teatro independiente de la ciudad. Desde la Subsecretar\u00eda de Cultura, dependiente de la Secretar\u00eda de Gobierno de la Municipalidad de C\u00f3rdoba, se da a conocer los resultados de la convocatoria para formar parte del Festival \u201c100 Horas de [&hellip;]<\/p>\n","protected":false},"author":1,"featured_media":27200,"comment_status":"closed","ping_status":"closed","sticky":false,"template":"","format":"standard","meta":[],"categories":[44],"tags":[],"_links":{"self":[{"href":"http:\/\/cordobadirecto.com\/index.php\/wp-json\/wp\/v2\/posts\/27199"}],"collection":[{"href":"http:\/\/cordobadirecto.com\/index.php\/wp-json\/wp\/v2\/posts"}],"about":[{"href":"http:\/\/cordobadirecto.com\/index.php\/wp-json\/wp\/v2\/types\/post"}],"author":[{"embeddable":true,"href":"http:\/\/cordobadirecto.com\/index.php\/wp-json\/wp\/v2\/users\/1"}],"replies":[{"embeddable":true,"href":"http:\/\/cordobadirecto.com\/index.php\/wp-json\/wp\/v2\/comments?post=27199"}],"version-history":[{"count":0,"href":"http:\/\/cordobadirecto.com\/index.php\/wp-json\/wp\/v2\/posts\/27199\/revisions"}],"wp:featuredmedia":[{"embeddable":true,"href":"http:\/\/cordobadirecto.com\/index.php\/wp-json\/wp\/v2\/media\/27200"}],"wp:attachment":[{"href":"http:\/\/cordobadirecto.com\/index.php\/wp-json\/wp\/v2\/media?parent=27199"}],"wp:term":[{"taxonomy":"category","embeddable":true,"href":"http:\/\/cordobadirecto.com\/index.php\/wp-json\/wp\/v2\/categories?post=27199"},{"taxonomy":"post_tag","embeddable":true,"href":"http:\/\/cordobadirecto.com\/index.php\/wp-json\/wp\/v2\/tags?post=27199"}],"curies":[{"name":"wp","href":"https:\/\/api.w.org\/{rel}","templated":true}]}}