{"id":27201,"date":"2021-11-09T19:57:40","date_gmt":"2021-11-09T19:57:40","guid":{"rendered":"https:\/\/cordoba.gob.ar\/?p=15838"},"modified":"2021-11-09T19:57:40","modified_gmt":"2021-11-09T19:57:40","slug":"abren-las-inscripciones-para-dos-ciclos-de-capacitaciones-gratuitas-en-artes-audiovisuales","status":"publish","type":"post","link":"http:\/\/cordobadirecto.com\/index.php\/2021\/11\/09\/abren-las-inscripciones-para-dos-ciclos-de-capacitaciones-gratuitas-en-artes-audiovisuales\/","title":{"rendered":"Abren las inscripciones para dos ciclos de capacitaciones gratuitas en Artes Audiovisuales"},"content":{"rendered":"<div><img src=\"http:\/\/cordobadirecto.com\/wp-content\/uploads\/2021\/11\/abren-las-inscripciones-para-dos-ciclos-de-capacitaciones-gratuitas-en-artes-audiovisuales.jpg\" class=\"ff-og-image-inserted\"><\/div>\n<ul>\n<li><strong>Se dictar\u00e1n talleres y seminarios sobre realizaci\u00f3n, reflexi\u00f3n y producci\u00f3n cinematogr\u00e1fica.<\/strong><\/li>\n<li><strong>Son propuestas que surgen de referentes culturales beneficiados por el Plan de Compromiso Cultural.<\/strong><\/li>\n<\/ul>\n<hr>\n<p>La Subsecretar\u00eda de Cultura de la Municipalidad de C\u00f3rdoba, abre las inscripciones para participar de dos ciclos de capacitaciones orientado a artes audiovisuales, las cuales comenzar\u00e1n el lunes 15 de noviembre y se extienden hasta el 1 de diciembre.<\/p>\n<p>Son espacios de formaci\u00f3n gratuitos, algunos se dictar\u00e1n bajo modalidad virtual y otros ser\u00e1n presenciales en el Cineclub Municipal.<\/p>\n<p>Las tem\u00e1ticas giran en torno a la realizaci\u00f3n audiovisual, la reflexi\u00f3n y producci\u00f3n cinematogr\u00e1fica a partir de la experiencia de referentes culturales que fueron beneficiados por el Plan de Compromiso Cultural 2021: Sabrina Moreno, Denise Haddad, Mat\u00edas Carrizo, Erwin Oto\u00f1o, Claudia Caminos, Pablo Fal\u00e1 y Rafael P\u00e9rez Boero.<\/p>\n<p>Cabe destacar que el Plan de Compromiso Cultural, impulsado por el Municipio desde el a\u00f1o 2020, resume un conjunto de acciones extraordinarias para contener y acompa\u00f1ar al sector cultural fuertemente afectado por la crisis socio-sanitaria provocada por la pandemia Covid-19. La iniciativa se concreta con 11 programas de apoyo a distintos sectores culturales y un aporte global de m\u00e1s de 17 millones de pesos.<\/p>\n<p><strong>Ciclo \u201cReflexi\u00f3n y producci\u00f3n cinematogr\u00e1fica\u201d<\/strong><\/p>\n<p>Estos seminarios se desarrollar\u00e1n de manera virtual.<\/p>\n<p>Comprende una master class a cargo de Sabrina Moreno sobre \u201cC\u00f3mo lograr la \u00f3pera prima\u201d; y dos seminarios: \u201cNarrativas Audiovisuales\u201d por cuenta de Denise Haddad, y \u201cDesarrollo de proyectos de largometraje\u201d de Mat\u00edas Carrizo.<\/p>\n<p>Quienes deseen inscribirse deber\u00e1n hacerlo completando este<strong><a href=\"https:\/\/docs.google.com\/forms\/d\/e\/1FAIpQLScLQ0v-BjaXsobZ-PplPKigIzrJwaT8q3apzSqkF_L3BGa9Kw\/viewform\"> formulario.<\/a><\/strong><\/p>\n<p>Ciclo \u201cRealizaci\u00f3n audiovisual\u201d<\/p>\n<p>Las capacitaciones ser\u00e1n todas presenciales en el Cineclub Municipal.<\/p>\n<p>Son cuatro talleres: \u201cSonido en proyectos audiovisuales independientes\u201d por Erwin Oto\u00f1o, \u201cDirecci\u00f3n de Arte audiovisual y esc\u00e9nico\u201d a cargo de Claudia Caminos, \u201cCreaci\u00f3n de contenido en video con Smartphone\u201d por Pablo Fal\u00e1, y \u201cVideoclip con celulares\u201d por Rafael P\u00e9rez Boero.<\/p>\n<p>Las personas interesadas podr\u00e1n anotarse a trav\u00e9s de este <strong><a href=\"https:\/\/docs.google.com\/forms\/d\/e\/1FAIpQLSdjpaSXaJ_L8XJDsyxL-q9AkuNLYr39RghkVaXQNRRi7tju_w\/viewform\">enlace.<\/a><\/strong><\/p>\n<p>Para acceder a las actividades, horarios y contenidos, ingresar el siguiente archivo: <strong><a href=\"https:\/\/cordoba.gob.ar\/wp-content\/uploads\/2021\/11\/GRILLA-DE-LAS-CAPACITACIONES-EN-AUDIOVISUAL-1.docx\">GRILLA DE CAPACITACIONES<\/a><\/strong><\/p>\n","protected":false},"excerpt":{"rendered":"<p>Se dictar\u00e1n talleres y seminarios sobre realizaci\u00f3n, reflexi\u00f3n y producci\u00f3n cinematogr\u00e1fica. Son propuestas que surgen de referentes culturales beneficiados por el Plan de Compromiso Cultural. La Subsecretar\u00eda de Cultura de la Municipalidad de C\u00f3rdoba, abre las inscripciones para participar de dos ciclos de capacitaciones orientado a artes audiovisuales, las cuales comenzar\u00e1n el lunes 15 de [&hellip;]<\/p>\n","protected":false},"author":1,"featured_media":27202,"comment_status":"closed","ping_status":"closed","sticky":false,"template":"","format":"standard","meta":[],"categories":[44],"tags":[],"_links":{"self":[{"href":"http:\/\/cordobadirecto.com\/index.php\/wp-json\/wp\/v2\/posts\/27201"}],"collection":[{"href":"http:\/\/cordobadirecto.com\/index.php\/wp-json\/wp\/v2\/posts"}],"about":[{"href":"http:\/\/cordobadirecto.com\/index.php\/wp-json\/wp\/v2\/types\/post"}],"author":[{"embeddable":true,"href":"http:\/\/cordobadirecto.com\/index.php\/wp-json\/wp\/v2\/users\/1"}],"replies":[{"embeddable":true,"href":"http:\/\/cordobadirecto.com\/index.php\/wp-json\/wp\/v2\/comments?post=27201"}],"version-history":[{"count":0,"href":"http:\/\/cordobadirecto.com\/index.php\/wp-json\/wp\/v2\/posts\/27201\/revisions"}],"wp:featuredmedia":[{"embeddable":true,"href":"http:\/\/cordobadirecto.com\/index.php\/wp-json\/wp\/v2\/media\/27202"}],"wp:attachment":[{"href":"http:\/\/cordobadirecto.com\/index.php\/wp-json\/wp\/v2\/media?parent=27201"}],"wp:term":[{"taxonomy":"category","embeddable":true,"href":"http:\/\/cordobadirecto.com\/index.php\/wp-json\/wp\/v2\/categories?post=27201"},{"taxonomy":"post_tag","embeddable":true,"href":"http:\/\/cordobadirecto.com\/index.php\/wp-json\/wp\/v2\/tags?post=27201"}],"curies":[{"name":"wp","href":"https:\/\/api.w.org\/{rel}","templated":true}]}}