{"id":27203,"date":"2021-11-10T04:13:10","date_gmt":"2021-11-10T04:13:10","guid":{"rendered":"http:\/\/cordobadirecto.com\/index.php\/2021\/11\/10\/el-modelo-de-cordoba-puede-llevar-a-la-argentina-al-crecimiento-y-desarrollo-hoy-dia-cordoba\/"},"modified":"2021-11-10T04:13:10","modified_gmt":"2021-11-10T04:13:10","slug":"el-modelo-de-cordoba-puede-llevar-a-la-argentina-al-crecimiento-y-desarrollo-hoy-dia-cordoba","status":"publish","type":"post","link":"http:\/\/cordobadirecto.com\/index.php\/2021\/11\/10\/el-modelo-de-cordoba-puede-llevar-a-la-argentina-al-crecimiento-y-desarrollo-hoy-dia-cordoba\/","title":{"rendered":"\u201cEl modelo de <b>C\u00f3rdoba<\/b> puede llevar a la Argentina al crecimiento y desarrollo\u201d | Hoy Dia <b>C\u00f3rdoba<\/b>"},"content":{"rendered":"<p>En una entrevista radial el intendente Mart\u00edn Llaryora expres\u00f3 que le gustar\u00eda \u201cver a Schiaretti como presidente en dos a\u00f1os ser\u00eda un gran&nbsp;&#8230; <\/p>\n","protected":false},"excerpt":{"rendered":"<p>En una entrevista radial el intendente Mart\u00edn Llaryora expres\u00f3 que le gustar\u00eda \u201cver a Schiaretti como presidente en dos a\u00f1os ser\u00eda un gran&nbsp;&#8230;<\/p>\n","protected":false},"author":1,"featured_media":0,"comment_status":"closed","ping_status":"closed","sticky":false,"template":"","format":"standard","meta":[],"categories":[40],"tags":[],"_links":{"self":[{"href":"http:\/\/cordobadirecto.com\/index.php\/wp-json\/wp\/v2\/posts\/27203"}],"collection":[{"href":"http:\/\/cordobadirecto.com\/index.php\/wp-json\/wp\/v2\/posts"}],"about":[{"href":"http:\/\/cordobadirecto.com\/index.php\/wp-json\/wp\/v2\/types\/post"}],"author":[{"embeddable":true,"href":"http:\/\/cordobadirecto.com\/index.php\/wp-json\/wp\/v2\/users\/1"}],"replies":[{"embeddable":true,"href":"http:\/\/cordobadirecto.com\/index.php\/wp-json\/wp\/v2\/comments?post=27203"}],"version-history":[{"count":0,"href":"http:\/\/cordobadirecto.com\/index.php\/wp-json\/wp\/v2\/posts\/27203\/revisions"}],"wp:attachment":[{"href":"http:\/\/cordobadirecto.com\/index.php\/wp-json\/wp\/v2\/media?parent=27203"}],"wp:term":[{"taxonomy":"category","embeddable":true,"href":"http:\/\/cordobadirecto.com\/index.php\/wp-json\/wp\/v2\/categories?post=27203"},{"taxonomy":"post_tag","embeddable":true,"href":"http:\/\/cordobadirecto.com\/index.php\/wp-json\/wp\/v2\/tags?post=27203"}],"curies":[{"name":"wp","href":"https:\/\/api.w.org\/{rel}","templated":true}]}}