{"id":27206,"date":"2021-11-10T06:20:43","date_gmt":"2021-11-10T06:20:43","guid":{"rendered":"https:\/\/www.bbc.com\/mundo\/noticias-internacional-59223471"},"modified":"2021-11-10T06:20:43","modified_gmt":"2021-11-10T06:20:43","slug":"como-bielorrusia-se-convirtio-en-el-eje-de-una-crisis-migratoria-con-europa-por-la-que-polonia-senala-a-putin","status":"publish","type":"post","link":"http:\/\/cordobadirecto.com\/index.php\/2021\/11\/10\/como-bielorrusia-se-convirtio-en-el-eje-de-una-crisis-migratoria-con-europa-por-la-que-polonia-senala-a-putin\/","title":{"rendered":"C\u00f3mo Bielorrusia se convirti\u00f3 en el eje de una crisis migratoria con Europa por la que Polonia se\u00f1ala a Putin"},"content":{"rendered":"<div dir=\"ltr\" class=\"e1j2237y5 bbc-q4ibpr e57qer20\">\n<div class=\"bbc-1atl7vu e1c9i7u14\">\n<ul role=\"list\" class=\"bbc-k0l9bd e1c9i7u12\">\n<li role=\"listitem\" class=\"bbc-1a3w4ok e1c9i7u11\">Redacci\u00f3n <\/li>\n<li role=\"listitem\" class=\"bbc-1p92jtu e1c9i7u10\">BBC News Mundo<\/li>\n<\/ul>\n<\/div>\n<\/div>\n<p><time datetime=\"2021-11-10\" class=\"bbc-14xtggo e4zesg50\">24 minutos<\/time><\/p>\n<div dir=\"ltr\" class=\"bbc-1ka88fa e57qer20\">\n<figure class=\"bbc-1qdcvv9 e6bmn90\">\n<div dir=\"ltr\" class=\"bbc-172p16q e57qer20\">\n<div dir=\"ltr\" class=\"bbc-189y18v e57qer20\" readability=\"6.5\">\n<div data-e2e=\"image-placeholder\" class=\"bbc-997y1y e1whu0\" readability=\"8\"><img loading=\"lazy\" srcset=\"http:\/\/cordobadirecto.com\/wp-content\/uploads\/2021\/11\/como-bielorrusia-se-convirtio-en-el-eje-de-una-crisis-migratoria-con-europa-por-la-que-polonia-senala-a-putin-7.jpg 240w, http:\/\/cordobadirecto.com\/wp-content\/uploads\/2021\/11\/como-bielorrusia-se-convirtio-en-el-eje-de-una-crisis-migratoria-con-europa-por-la-que-polonia-senala-a-putin-8.jpg 320w, http:\/\/cordobadirecto.com\/wp-content\/uploads\/2021\/11\/como-bielorrusia-se-convirtio-en-el-eje-de-una-crisis-migratoria-con-europa-por-la-que-polonia-senala-a-putin-9.jpg 480w, http:\/\/cordobadirecto.com\/wp-content\/uploads\/2021\/11\/como-bielorrusia-se-convirtio-en-el-eje-de-una-crisis-migratoria-con-europa-por-la-que-polonia-senala-a-putin-10.jpg 624w, http:\/\/cordobadirecto.com\/wp-content\/uploads\/2021\/11\/como-bielorrusia-se-convirtio-en-el-eje-de-una-crisis-migratoria-con-europa-por-la-que-polonia-senala-a-putin-11.jpg 800w\" alt=\"Frontera con Bielorrusia.\" src=\"http:\/\/cordobadirecto.com\/wp-content\/uploads\/2021\/11\/como-bielorrusia-se-convirtio-en-el-eje-de-una-crisis-migratoria-con-europa-por-la-que-polonia-senala-a-putin.jpg\" sizes=\"(min-width: 1008px) 645px, 100vw\" width=\"976\" height=\"549\" class=\"eehpdyc0 bbc-100dhyn e1enwo3v0\"><\/p>\n<p role=\"text\" class=\"bbc-1s1cxbv etq3yw90\"><span class=\"bbc-1gnhmg2 e1yt7oin0\">Fuente de la imagen, <\/span><span lang=\"en-GB\">Getty Images<\/span><\/p>\n<\/div>\n<\/div>\n<div dir=\"ltr\" class=\"bbc-3edg7g e57qer20\" readability=\"6.5\"><figcaption dir=\"ltr\" class=\"bbc-1t9zlwf eede9f50\" readability=\"3\"><span class=\"bbc-1gnhmg2 e1yt7oin0\">Pie de foto, <\/span><\/p>\n<p>Cerca de 2.000 migrantes se han agolpado frente a las vallas que instal\u00f3 Polonia en la frontera con Bielorrusia.<\/p>\n<\/figcaption><\/div>\n<\/div>\n<\/figure>\n<\/div>\n<div dir=\"ltr\" class=\"bbc-19j92fr e57qer20\" readability=\"14\">\n<p dir=\"ltr\" class=\"bbc-bm53ic e1cc2ql70\"><b>La imagen no puede ser m\u00e1s impactante: cerca de 2.000 migrantes se agolpan frente a un cerco ubicado en la ciudad polaca de Kuznica, en la frontera con Bielorrusia. Del otro lado, decenas de soldados polacos vigilan la valla para que ninguno de esos migrantes, la mayor\u00eda iraqu\u00edes kurdos que huyen de su pa\u00eds, ingresen a Polonia. <\/b><\/p>\n<\/div>\n<div dir=\"ltr\" class=\"bbc-19j92fr e57qer20\" readability=\"9\">\n<p dir=\"ltr\" class=\"bbc-bm53ic e1cc2ql70\">Y la valla divisoria es solo el signo de una crisis que viene creciendo desde mediados de este a\u00f1o: en los \u00faltimos <b>meses el influjo migratorio desde Bielorrusia se ha duplicado y ha puesto en jaque a los gobiernos de Lituania y Polonia. <\/b><\/p>\n<\/div>\n<div dir=\"ltr\" class=\"bbc-19j92fr e57qer20\" readability=\"9\">\n<p dir=\"ltr\" class=\"bbc-bm53ic e1cc2ql70\">De acuerdo al gobierno lituano, cerca de 4.000 migrantes han ingresado de forma ilegal a trav\u00e9s de la frontera con Bielorrusia en lo que va de 2021.<\/p>\n<\/div>\n<div dir=\"ltr\" class=\"bbc-19j92fr e57qer20\" readability=\"12\">\n<p dir=\"ltr\" class=\"bbc-bm53ic e1cc2ql70\">El primer ministro de Polonia, Mateusz Morawiecki, acus\u00f3 este martes al presidente de Rusia, Vladimir Putin, de estar detr\u00e1s de lo que est\u00e1 ocurriendo.<\/p>\n<\/div>\n<div dir=\"ltr\" class=\"bbc-19j92fr e57qer20\" readability=\"11\">\n<p dir=\"ltr\" class=\"bbc-bm53ic e1cc2ql70\">Morawiecki dijo que el l\u00edder de Bielorrusia, un aliado cercano a Putin, est\u00e1 &#8220;orquestando la crisis&#8221;, pero que &#8220;el autor intelectual est\u00e1 en Mosc\u00fa&#8221;.<\/p>\n<\/div>\n<div dir=\"ltr\" class=\"bbc-19j92fr e57qer20\" readability=\"13\">\n<p dir=\"ltr\" class=\"bbc-bm53ic e1cc2ql70\">Todo esto, con un agravante: ambos pa\u00edses son miembros de la Uni\u00f3n Europea, lo que convierte a esta zona en un nuevo paso de inmigraci\u00f3n, junto con el Mediterr\u00e1neo y los Balcanes, hacia territorio europeo.<\/p>\n<\/div>\n<div dir=\"ltr\" class=\"bbc-19j92fr e57qer20\" readability=\"10\">\n<p dir=\"ltr\" class=\"bbc-bm53ic e1cc2ql70\">Y las im\u00e1genes que se registran solo hacen recordar lo que ocurri\u00f3 en estos lugares a mediados de 2016, cuando miles de migrantes llegaron &#8211;<b>y muchos murieron en el intento- en su cruce a las costas europeas.<\/b><\/p>\n<\/div>\n<div dir=\"ltr\" class=\"bbc-19j92fr e57qer20\"><img srcset=\"http:\/\/cordobadirecto.com\/wp-content\/uploads\/2021\/11\/como-bielorrusia-se-convirtio-en-el-eje-de-una-crisis-migratoria-con-europa-por-la-que-polonia-senala-a-putin-1.png 640w, http:\/\/cordobadirecto.com\/wp-content\/uploads\/2021\/11\/como-bielorrusia-se-convirtio-en-el-eje-de-una-crisis-migratoria-con-europa-por-la-que-polonia-senala-a-putin.png 816w\" src=\"http:\/\/cordobadirecto.com\/wp-content\/uploads\/2021\/11\/como-bielorrusia-se-convirtio-en-el-eje-de-una-crisis-migratoria-con-europa-por-la-que-polonia-senala-a-putin.png\" alt=\"Map\" id=\"include-1\" class=\"bbc-yfiktt e1enwo3v0\"><\/div>\n<div dir=\"ltr\" class=\"bbc-19j92fr e57qer20\" readability=\"8\">\n<p dir=\"ltr\" class=\"bbc-bm53ic e1cc2ql70\">Pero <b>\u00bfqu\u00e9 hay detr\u00e1s de este nuevo flujo migratorio y por qu\u00e9 se acusa a Bielorrusia de utilizar a los migrantes como &#8220;un arma de venganza&#8221;?<\/b><\/p>\n<\/div>\n<div dir=\"ltr\" class=\"bbc-19j92fr e57qer20\" readability=\"14\">\n<p dir=\"ltr\" class=\"bbc-bm53ic e1cc2ql70\">&#8220;Se han escuchado testimonios de soldados bielorrusos ayudando a los migrantes a cruzar la frontera con Polonia. Muchos se\u00f1alan que esto es una respuesta de Aleksander Lukashenko, el presidente de Bielorrusia, por las sanciones que ha impuesto la Uni\u00f3n Europea&#8221;, dice Paul Adams, corresponsal de Asuntos Diplom\u00e1ticos de la BBC. <\/p>\n<\/div>\n<p><h2 id=\"Elecciones-controvertidas\" tabindex=\"-1\" class=\"bbc-l3e97o e14hemmw0\">Elecciones controvertidas<\/h2>\n<\/p>\n<div dir=\"ltr\" class=\"bbc-19j92fr e57qer20\" readability=\"13\">\n<p dir=\"ltr\" class=\"bbc-bm53ic e1cc2ql70\">Hace un a\u00f1o, no se hablaba de una ruta migratoria por Polonia para ingresar a la UE. Ese tr\u00e1nsito, que tuvo su crisis humanitaria m\u00e1s grave en 2016, estaba centrado en los Balcanes, los puntos en el mar Mediterr\u00e1neo en Italia y Grecia y el paso por el sur de Espa\u00f1a. <\/p>\n<\/div>\n<div dir=\"ltr\" class=\"bbc-19j92fr e57qer20\" readability=\"11\">\n<p dir=\"ltr\" class=\"bbc-bm53ic e1cc2ql70\">Sin embargo, las elecciones presidenciales en Bielorrusia, en agosto de 2020, <b>ser\u00edan el punto de partida de lo que se est\u00e1 viviendo esta semana en la frontera con Polonia.<\/b><\/p>\n<\/div>\n<div dir=\"ltr\" class=\"bbc-19j92fr e57qer20\" readability=\"11\">\n<p dir=\"ltr\" class=\"bbc-bm53ic e1cc2ql70\">En ese momento, el resultado electoral -de acuerdo al conteo del gobierno- dio una aplastante mayor\u00eda a favor de Aleksander Lukashenko, quien gobierna el pa\u00eds desde hace 20 a\u00f1os. Pero los resultados fueron rechazadas por amplios sectores de la oposici\u00f3n. <\/p>\n<\/div>\n<div dir=\"ltr\" class=\"bbc-1ka88fa e57qer20\">\n<figure class=\"bbc-1qdcvv9 e6bmn90\">\n<div dir=\"ltr\" class=\"bbc-172p16q e57qer20\">\n<div dir=\"ltr\" class=\"bbc-189y18v e57qer20\" readability=\"6.5\">\n<div data-e2e=\"image-placeholder\" class=\"bbc-997y1y e1whu0\" readability=\"8\"><noscript><img loading=\"lazy\" srcset=\"http:\/\/cordobadirecto.com\/wp-content\/uploads\/2021\/11\/como-bielorrusia-se-convirtio-en-el-eje-de-una-crisis-migratoria-con-europa-por-la-que-polonia-senala-a-putin-12.jpg 240w, http:\/\/cordobadirecto.com\/wp-content\/uploads\/2021\/11\/como-bielorrusia-se-convirtio-en-el-eje-de-una-crisis-migratoria-con-europa-por-la-que-polonia-senala-a-putin-13.jpg 320w, http:\/\/cordobadirecto.com\/wp-content\/uploads\/2021\/11\/como-bielorrusia-se-convirtio-en-el-eje-de-una-crisis-migratoria-con-europa-por-la-que-polonia-senala-a-putin-14.jpg 480w, http:\/\/cordobadirecto.com\/wp-content\/uploads\/2021\/11\/como-bielorrusia-se-convirtio-en-el-eje-de-una-crisis-migratoria-con-europa-por-la-que-polonia-senala-a-putin-15.jpg 624w, http:\/\/cordobadirecto.com\/wp-content\/uploads\/2021\/11\/como-bielorrusia-se-convirtio-en-el-eje-de-una-crisis-migratoria-con-europa-por-la-que-polonia-senala-a-putin-16.jpg 800w\" alt=\"Migrantes en la frontera.\" src=\"http:\/\/cordobadirecto.com\/wp-content\/uploads\/2021\/11\/como-bielorrusia-se-convirtio-en-el-eje-de-una-crisis-migratoria-con-europa-por-la-que-polonia-senala-a-putin-1.jpg\" sizes=\"(min-width: 1008px) 645px, 100vw\" width=\"976\" height=\"549\" class=\"eehpdyc0 bbc-100dhyn e1enwo3v0\"><\/noscript><\/p>\n<p role=\"text\" class=\"bbc-1s1cxbv etq3yw90\"><span class=\"bbc-1gnhmg2 e1yt7oin0\">Fuente de la imagen, <\/span><span lang=\"en-GB\">Getty Images<\/span><\/p>\n<\/div>\n<\/div>\n<div dir=\"ltr\" class=\"bbc-3edg7g e57qer20\" readability=\"6.5\"><figcaption dir=\"ltr\" class=\"bbc-1t9zlwf eede9f50\" readability=\"3\"><span class=\"bbc-1gnhmg2 e1yt7oin0\">Pie de foto, <\/span><\/p>\n<p>Cerca de 4.000 migrantes han ingresado a Lituania a trav\u00e9s de la frontera con Bielorrusia en lo que va de 2021.<\/p>\n<\/figcaption><\/div>\n<\/div>\n<\/figure>\n<\/div>\n<div dir=\"ltr\" class=\"bbc-19j92fr e57qer20\" readability=\"10\">\n<p dir=\"ltr\" class=\"bbc-bm53ic e1cc2ql70\">Eso llev\u00f3 a centenares de miles de personas a las calles para exigir la salida del que ha sido llamado &#8220;el \u00faltimo dictador de Europa&#8221;, en una de las mayores movilizaciones populares que se han visto desde que el pa\u00eds consigui\u00f3 la independencia de la Uni\u00f3n Sovi\u00e9tica en 1991. <\/p>\n<\/div>\n<div dir=\"ltr\" class=\"bbc-19j92fr e57qer20\" readability=\"12\">\n<p dir=\"ltr\" class=\"bbc-bm53ic e1cc2ql70\">Varios pa\u00edses como China y Rusia saludaron la reelecci\u00f3n de Lukashenko; sin embargo, otra decenas de pa\u00edses -entre ellos Estados Unidos, Alemania, Francia y Canad\u00e1- pusieron en duda el resultado de la votaci\u00f3n. <\/p>\n<\/div>\n<div dir=\"ltr\" class=\"bbc-19j92fr e57qer20\" readability=\"12\">\n<p dir=\"ltr\" class=\"bbc-bm53ic e1cc2ql70\">Por ejemplo, el entonces vocero del gobierno alem\u00e1n, <b>Steffen Seibert<\/b>, declar\u00f3 que los &#8220;est\u00e1ndares m\u00ednimos para las elecciones democr\u00e1ticas no se observaron durante la votaci\u00f3n y que los informes de la oposici\u00f3n sobre el fraude electoral eran cre\u00edbles&#8221;.<\/p>\n<\/div>\n<div dir=\"ltr\" class=\"bbc-19j92fr e57qer20\" readability=\"9\">\n<p dir=\"ltr\" class=\"bbc-bm53ic e1cc2ql70\">Sin embargo, fue la reacci\u00f3n de Lukashenko -quien rechaz\u00f3 las denuncias de fraude- ante las movilizaciones populares <b>lo que comenz\u00f3 a llamar la atenci\u00f3n de varios pa\u00edses en Occidente.<\/b><\/p>\n<\/div>\n<div dir=\"ltr\" class=\"bbc-19j92fr e57qer20\" readability=\"11\">\n<p dir=\"ltr\" class=\"bbc-bm53ic e1cc2ql70\">Primero fue el encarcelamiento de varios l\u00edderes de la oposici\u00f3n y la represi\u00f3n por parte de las fuerzas armadas de las movilizaciones en la calle, e incluso la intervenci\u00f3n a oficinas defensoras de Derechos Humanos, incluida la misi\u00f3n de la ONU.<\/p>\n<\/div>\n<div dir=\"ltr\" class=\"bbc-19j92fr e57qer20\" readability=\"14\">\n<p dir=\"ltr\" class=\"bbc-bm53ic e1cc2ql70\">Pero el hecho que desat\u00f3 la crisis ocurri\u00f3 el 23 de mayo de este a\u00f1o: un avi\u00f3n de la aerol\u00ednea Ryanair, que tiene su sede en Irlanda, y que cubr\u00eda la ruta Atenas-Vilnius, fue obligado a aterrizar en Minsk, la capital de Bielorrusia, cuando surcaba el <b>espacio a\u00e9reo de este pa\u00eds. <\/b><\/p>\n<\/div>\n<div class=\"bbc-sffzb7 e8v25yx0\">\n<div dir=\"ltr\" class=\"bbc-1ka88fa e57qer20\">\n<figure class=\"bbc-1qdcvv9 e6bmn90\">\n<div dir=\"ltr\" class=\"bbc-172p16q e57qer20\">\n<div dir=\"ltr\" class=\"bbc-189y18v e57qer20\" readability=\"6.5\">\n<div data-e2e=\"image-placeholder\" class=\"bbc-997y1y e1whu0\" readability=\"8\"><noscript><img loading=\"lazy\" srcset=\"http:\/\/cordobadirecto.com\/wp-content\/uploads\/2021\/11\/como-bielorrusia-se-convirtio-en-el-eje-de-una-crisis-migratoria-con-europa-por-la-que-polonia-senala-a-putin-17.jpg 240w, http:\/\/cordobadirecto.com\/wp-content\/uploads\/2021\/11\/como-bielorrusia-se-convirtio-en-el-eje-de-una-crisis-migratoria-con-europa-por-la-que-polonia-senala-a-putin-18.jpg 320w, http:\/\/cordobadirecto.com\/wp-content\/uploads\/2021\/11\/como-bielorrusia-se-convirtio-en-el-eje-de-una-crisis-migratoria-con-europa-por-la-que-polonia-senala-a-putin-19.jpg 480w, http:\/\/cordobadirecto.com\/wp-content\/uploads\/2021\/11\/como-bielorrusia-se-convirtio-en-el-eje-de-una-crisis-migratoria-con-europa-por-la-que-polonia-senala-a-putin-20.jpg 624w, http:\/\/cordobadirecto.com\/wp-content\/uploads\/2021\/11\/como-bielorrusia-se-convirtio-en-el-eje-de-una-crisis-migratoria-con-europa-por-la-que-polonia-senala-a-putin-21.jpg 800w\" alt=\"Frontera.\" src=\"http:\/\/cordobadirecto.com\/wp-content\/uploads\/2021\/11\/como-bielorrusia-se-convirtio-en-el-eje-de-una-crisis-migratoria-con-europa-por-la-que-polonia-senala-a-putin-2.jpg\" sizes=\"(min-width: 1008px) 645px, 100vw\" width=\"976\" height=\"549\" class=\"eehpdyc0 bbc-100dhyn e1enwo3v0\"><\/noscript><\/p>\n<p role=\"text\" class=\"bbc-1s1cxbv etq3yw90\"><span class=\"bbc-1gnhmg2 e1yt7oin0\">Fuente de la imagen, <\/span><span lang=\"en-GB\">Getty Images<\/span><\/p>\n<\/div>\n<\/div>\n<div dir=\"ltr\" class=\"bbc-3edg7g e57qer20\" readability=\"6.5\"><figcaption dir=\"ltr\" class=\"bbc-1t9zlwf eede9f50\" readability=\"3\"><span class=\"bbc-1gnhmg2 e1yt7oin0\">Pie de foto, <\/span><\/p>\n<p>La frontera entre Polonia y Bielorrusia se ha convertido en un punto cr\u00edtico en los \u00faltimos d\u00ecas.<\/p>\n<\/figcaption><\/div>\n<\/div>\n<\/figure>\n<\/div>\n<\/div>\n<div dir=\"ltr\" class=\"bbc-19j92fr e57qer20\" readability=\"9\">\n<p dir=\"ltr\" class=\"bbc-bm53ic e1cc2ql70\">En este vuelo viajaba Rom\u00e1n Protas\u00e9vich, periodista y uno de los l\u00edderes m\u00e1s visibles de la oposici\u00f3n a Lukashenko. <\/p>\n<\/div>\n<div dir=\"ltr\" class=\"bbc-19j92fr e57qer20\" readability=\"9\">\n<p dir=\"ltr\" class=\"bbc-bm53ic e1cc2ql70\">Protasevich fue sacado del avi\u00f3n junto a su esposa y enviado a una prisi\u00f3n. El avi\u00f3n continu\u00f3 su itinerario, pero <b>las reacciones no se hicieron esperar.<\/b><\/p>\n<\/div>\n<div dir=\"ltr\" class=\"bbc-19j92fr e57qer20\" readability=\"11\">\n<p dir=\"ltr\" class=\"bbc-bm53ic e1cc2ql70\">Aunque la Uni\u00f3n Europea y Estados Unidos ya hab\u00edan anunciado sanciones contra el gobierno bielorruso, durante el mes de junio de este a\u00f1o aumentaron las sanciones, especialmente dirigidas contra Lukashenko y sus principales colaboradores. <\/p>\n<\/div>\n<div dir=\"ltr\" class=\"bbc-19j92fr e57qer20\" readability=\"8\">\n<p dir=\"ltr\" class=\"bbc-bm53ic e1cc2ql70\">Entonces, lleg\u00f3 la respuesta de Bielorrusia.<\/p>\n<\/div>\n<p><h2 id=\"Migrantes-como-arma\" tabindex=\"-1\" class=\"bbc-l3e97o e14hemmw0\">&#8220;Migrantes como arma&#8221;<\/h2>\n<\/p>\n<div dir=\"ltr\" class=\"bbc-19j92fr e57qer20\" readability=\"8\">\n<p dir=\"ltr\" class=\"bbc-bm53ic e1cc2ql70\">Durante el mes de junio de 2021 se comenz\u00f3 a notar un aumento de migrantes que intentaban ingresar a Polonia y a Lituania a trav\u00e9s de la frontera por Bielorrusia. <\/p>\n<\/div>\n<div dir=\"ltr\" class=\"bbc-19j92fr e57qer20\" readability=\"9\">\n<p dir=\"ltr\" class=\"bbc-bm53ic e1cc2ql70\">El gobierno lituano se\u00f1al\u00f3 que Lukashenko estaba utilizando a los migrantes como &#8220;un arma pol\u00edtica&#8221;, <b>debido a las sanciones de la UE. <\/b><\/p>\n<\/div>\n<div dir=\"ltr\" class=\"bbc-19j92fr e57qer20\" readability=\"8\">\n<p dir=\"ltr\" class=\"bbc-bm53ic e1cc2ql70\">Voceros de este pa\u00eds denunciaron que Bielorrusia le estaba dando visas de turismo a migrantes de Irak y Siria para facilitar su entrada en avi\u00f3n en el pa\u00eds y poder llegar a su frontera. <\/p>\n<\/div>\n<div dir=\"ltr\" class=\"bbc-19j92fr e57qer20\" readability=\"11\">\n<p dir=\"ltr\" class=\"bbc-bm53ic e1cc2ql70\">Una investigaci\u00f3n de la BBC, publicada en octubre, constataba c\u00f3mo Bielorrusia estaba ayudando a migrantes de estos pa\u00edses <b>otorg\u00e1ndoles visas de turista<\/b> para circular por su pa\u00eds hacia la frontera con Lituania y Polonia. <\/p>\n<\/div>\n<div dir=\"ltr\" class=\"bbc-19j92fr e57qer20\" readability=\"10\">\n<p dir=\"ltr\" class=\"bbc-bm53ic e1cc2ql70\">Pero no solo les facilitan la llegada a Minsk, sino que tambi\u00e9n los transportan hasta las fronteras, como se\u00f1ala el periodista Adams. <\/p>\n<\/div>\n<div dir=\"ltr\" class=\"bbc-1ka88fa e57qer20\">\n<figure class=\"bbc-1qdcvv9 e6bmn90\">\n<div dir=\"ltr\" class=\"bbc-172p16q e57qer20\">\n<div dir=\"ltr\" class=\"bbc-189y18v e57qer20\" readability=\"6.5\">\n<div data-e2e=\"image-placeholder\" class=\"bbc-997y1y e1whu0\" readability=\"8\"><noscript><img loading=\"lazy\" srcset=\"http:\/\/cordobadirecto.com\/wp-content\/uploads\/2021\/11\/como-bielorrusia-se-convirtio-en-el-eje-de-una-crisis-migratoria-con-europa-por-la-que-polonia-senala-a-putin-22.jpg 240w, http:\/\/cordobadirecto.com\/wp-content\/uploads\/2021\/11\/como-bielorrusia-se-convirtio-en-el-eje-de-una-crisis-migratoria-con-europa-por-la-que-polonia-senala-a-putin-23.jpg 320w, http:\/\/cordobadirecto.com\/wp-content\/uploads\/2021\/11\/como-bielorrusia-se-convirtio-en-el-eje-de-una-crisis-migratoria-con-europa-por-la-que-polonia-senala-a-putin-24.jpg 480w, http:\/\/cordobadirecto.com\/wp-content\/uploads\/2021\/11\/como-bielorrusia-se-convirtio-en-el-eje-de-una-crisis-migratoria-con-europa-por-la-que-polonia-senala-a-putin-25.jpg 624w, http:\/\/cordobadirecto.com\/wp-content\/uploads\/2021\/11\/como-bielorrusia-se-convirtio-en-el-eje-de-una-crisis-migratoria-con-europa-por-la-que-polonia-senala-a-putin-26.jpg 800w\" alt=\"Lukashenko\" src=\"http:\/\/cordobadirecto.com\/wp-content\/uploads\/2021\/11\/como-bielorrusia-se-convirtio-en-el-eje-de-una-crisis-migratoria-con-europa-por-la-que-polonia-senala-a-putin-3.jpg\" sizes=\"(min-width: 1008px) 645px, 100vw\" width=\"976\" height=\"549\" class=\"eehpdyc0 bbc-100dhyn e1enwo3v0\"><\/noscript><\/p>\n<p role=\"text\" class=\"bbc-1s1cxbv etq3yw90\"><span class=\"bbc-1gnhmg2 e1yt7oin0\">Fuente de la imagen, <\/span><span lang=\"en-GB\">Getty Images<\/span><\/p>\n<\/div>\n<\/div>\n<div dir=\"ltr\" class=\"bbc-3edg7g e57qer20\" readability=\"7.5\"><figcaption dir=\"ltr\" class=\"bbc-1t9zlwf eede9f50\" readability=\"5\"><span class=\"bbc-1gnhmg2 e1yt7oin0\">Pie de foto, <\/span><\/p>\n<p>Aleksander Lukashenko, actual presidente de Bielorrusia, ha sido acusado de usar los migrantes como un &#8220;arma de venganza&#8221;.<\/p>\n<\/figcaption><\/div>\n<\/div>\n<\/figure>\n<\/div>\n<div dir=\"ltr\" class=\"bbc-19j92fr e57qer20\" readability=\"9\">\n<p dir=\"ltr\" class=\"bbc-bm53ic e1cc2ql70\">&#8220;Los migrantes nos han contado numerosas historias sobre el papel que desempe\u00f1aron los soldados bielorrusos al ayudarlos a realizar cruces ilegales hacia Polonia y Lituania&#8221;, anota el corresponsal.<\/p>\n<\/div>\n<div dir=\"ltr\" class=\"bbc-19j92fr e57qer20\" readability=\"10\">\n<p dir=\"ltr\" class=\"bbc-bm53ic e1cc2ql70\">&#8220;Algunos cruzan en peque\u00f1os grupos, mientras <b>que otros han hablado de <\/b><b>haber sido<\/b><b> transportados a la frontera en camiones militares<\/b><b>&#8220;<\/b>, agrega. <\/p>\n<\/div>\n<div dir=\"ltr\" class=\"bbc-19j92fr e57qer20\" readability=\"8\">\n<p dir=\"ltr\" class=\"bbc-bm53ic e1cc2ql70\">El gobierno bielorruso ha negado cualquier relaci\u00f3n con el aumento de los migrantes en las fronteras de Lituania y Polonia. <\/p>\n<\/div>\n<div dir=\"ltr\" class=\"bbc-19j92fr e57qer20\" readability=\"10\">\n<p dir=\"ltr\" class=\"bbc-bm53ic e1cc2ql70\">Adem\u00e1s, la agencia fronteriza de Bielorrusia emiti\u00f3 un comunicado de prensa esta semana en el que<b> confirmaba que cerca de 2.000 &#8220;refugiados&#8221;<\/b> se hab\u00edan reunido frente a las vallas instaladas por el gobierno polaco. <\/p>\n<\/div>\n<div dir=\"ltr\" class=\"bbc-19j92fr e57qer20\" readability=\"9\">\n<p dir=\"ltr\" class=\"bbc-bm53ic e1cc2ql70\">&#8220;Estas personas quieren pedir refugio y el gobierno polaco est\u00e1 utilizando medidas injustificadas para detenerlos&#8221;, se puede leer en el comunicado. <\/p>\n<\/div>\n<p><h2 id=\"Escalada-preocupante\" tabindex=\"-1\" class=\"bbc-l3e97o e14hemmw0\">Escalada preocupante<\/h2>\n<\/p>\n<div dir=\"ltr\" class=\"bbc-19j92fr e57qer20\" readability=\"10\">\n<p dir=\"ltr\" class=\"bbc-bm53ic e1cc2ql70\">La situaci\u00f3n comenz\u00f3 a ser preocupante a partir de octubre, cuando tanto el gobierno polaco como el lituano anunciaron que iban a construir vallas para detener el flujo migratorio <b>desde Bielorrusia. <\/b><\/p>\n<\/div>\n<div dir=\"ltr\" class=\"bbc-19j92fr e57qer20\" readability=\"9\">\n<p dir=\"ltr\" class=\"bbc-bm53ic e1cc2ql70\">Esto cre\u00f3 el atasco que ha tenido su cl\u00edmax esta semana, algo que la Uni\u00f3n Europea y la OTAN han descrito como &#8220;preocupante&#8221;. <\/p>\n<\/div>\n<div dir=\"ltr\" class=\"bbc-1ka88fa e57qer20\">\n<figure class=\"bbc-1qdcvv9 e6bmn90\">\n<div dir=\"ltr\" class=\"bbc-172p16q e57qer20\">\n<div dir=\"ltr\" class=\"bbc-189y18v e57qer20\" readability=\"6.5\">\n<div data-e2e=\"image-placeholder\" class=\"bbc-997y1y e1whu0\" readability=\"8\"><noscript><img loading=\"lazy\" srcset=\"http:\/\/cordobadirecto.com\/wp-content\/uploads\/2021\/11\/como-bielorrusia-se-convirtio-en-el-eje-de-una-crisis-migratoria-con-europa-por-la-que-polonia-senala-a-putin-27.jpg 240w, http:\/\/cordobadirecto.com\/wp-content\/uploads\/2021\/11\/como-bielorrusia-se-convirtio-en-el-eje-de-una-crisis-migratoria-con-europa-por-la-que-polonia-senala-a-putin-28.jpg 320w, http:\/\/cordobadirecto.com\/wp-content\/uploads\/2021\/11\/como-bielorrusia-se-convirtio-en-el-eje-de-una-crisis-migratoria-con-europa-por-la-que-polonia-senala-a-putin-29.jpg 480w, http:\/\/cordobadirecto.com\/wp-content\/uploads\/2021\/11\/como-bielorrusia-se-convirtio-en-el-eje-de-una-crisis-migratoria-con-europa-por-la-que-polonia-senala-a-putin-30.jpg 624w, http:\/\/cordobadirecto.com\/wp-content\/uploads\/2021\/11\/como-bielorrusia-se-convirtio-en-el-eje-de-una-crisis-migratoria-con-europa-por-la-que-polonia-senala-a-putin-31.jpg 800w\" alt=\"Bielorrusia.\" src=\"http:\/\/cordobadirecto.com\/wp-content\/uploads\/2021\/11\/como-bielorrusia-se-convirtio-en-el-eje-de-una-crisis-migratoria-con-europa-por-la-que-polonia-senala-a-putin-4.jpg\" sizes=\"(min-width: 1008px) 645px, 100vw\" width=\"800\" height=\"600\" class=\"eehpdyc0 bbc-100dhyn e1enwo3v0\"><\/noscript><\/p>\n<p role=\"text\" class=\"bbc-1s1cxbv etq3yw90\"><span class=\"bbc-1gnhmg2 e1yt7oin0\">Fuente de la imagen, <\/span><span lang=\"en-GB\">Getty Images<\/span><\/p>\n<\/div>\n<\/div>\n<div dir=\"ltr\" class=\"bbc-3edg7g e57qer20\" readability=\"6.5\"><figcaption dir=\"ltr\" class=\"bbc-1t9zlwf eede9f50\" readability=\"3\"><span class=\"bbc-1gnhmg2 e1yt7oin0\">Pie de foto, <\/span><\/p>\n<p>Los migrantes que llegan a la frontera con Polonia desde Bielorrusia deben soportar temperaturas extremas.<\/p>\n<\/figcaption><\/div>\n<\/div>\n<\/figure>\n<\/div>\n<div dir=\"ltr\" class=\"bbc-19j92fr e57qer20\" readability=\"8\">\n<p dir=\"ltr\" class=\"bbc-bm53ic e1cc2ql70\">La OTAN se\u00f1al\u00f3 que est\u00e1 lista para prestar asistencia para mantener el &#8220;orden y la seguridad en la regi\u00f3n&#8221;. <\/p>\n<\/div>\n<div dir=\"ltr\" class=\"bbc-19j92fr e57qer20\" readability=\"14\">\n<p dir=\"ltr\" class=\"bbc-bm53ic e1cc2ql70\">Adem\u00e1s, frente a esta situaci\u00f3n, la presidenta de la Comisi\u00f3n Europea, \u00darsula von der Leyen, pidi\u00f3 a los estados miembros de la UE que impongan nuevas sanciones contra el r\u00e9gimen bielorruso, al que acus\u00f3 de &#8220;poner en riesgo la vida de las personas&#8221;.<\/p>\n<\/div>\n<div dir=\"ltr\" class=\"bbc-19j92fr e57qer20\" readability=\"9\">\n<p dir=\"ltr\" class=\"bbc-bm53ic e1cc2ql70\">Mientras tanto, Estados Unidos inst\u00f3 a Lukashenko a &#8220;detener de inmediato [su] campa\u00f1a de orquestaci\u00f3n y coerci\u00f3n&#8221; <b>del flujo ilegal de migrantes a trav\u00e9s de la frontera de su pa\u00eds hacia Europa.<\/b><\/p>\n<\/div>\n<div dir=\"ltr\" class=\"bbc-19j92fr e57qer20\" readability=\"11\">\n<p dir=\"ltr\" class=\"bbc-bm53ic e1cc2ql70\">Varias organizaciones de derechos humanos tambi\u00e9n han llamado la atenci\u00f3n sobre el estado de los migrantes en la frontera, especialmente debido a las bajas temperaturas que se presentan durante la noche, que podr\u00eda afectar a los menores. <\/p>\n<\/div>\n<div dir=\"ltr\" class=\"bbc-19j92fr e57qer20\" readability=\"10\">\n<p dir=\"ltr\" class=\"bbc-bm53ic e1cc2ql70\">&#8220;La situaci\u00f3n en ese lugar es delicada. Muchos de ellos no tienen los recursos para sobrevivir en un clima de esta naturaleza y varios han muerto en los \u00faltimos meses. Por eso es importante regular su situaci\u00f3n&#8221;, le dijo a la BBC la abogada Marta Gorczinska. <\/p>\n<\/div>\n<div dir=\"ltr\" class=\"bbc-1ka88fa e57qer20\">\n<figure class=\"bbc-1qdcvv9 e6bmn90\">\n<div dir=\"ltr\" class=\"bbc-172p16q e57qer20\">\n<div dir=\"ltr\" class=\"bbc-189y18v e57qer20\" readability=\"6.5\">\n<div data-e2e=\"image-placeholder\" class=\"bbc-997y1y e1whu0\" readability=\"8\"><noscript><img loading=\"lazy\" srcset=\"http:\/\/cordobadirecto.com\/wp-content\/uploads\/2021\/11\/como-bielorrusia-se-convirtio-en-el-eje-de-una-crisis-migratoria-con-europa-por-la-que-polonia-senala-a-putin-32.jpg 240w, http:\/\/cordobadirecto.com\/wp-content\/uploads\/2021\/11\/como-bielorrusia-se-convirtio-en-el-eje-de-una-crisis-migratoria-con-europa-por-la-que-polonia-senala-a-putin-33.jpg 320w, http:\/\/cordobadirecto.com\/wp-content\/uploads\/2021\/11\/como-bielorrusia-se-convirtio-en-el-eje-de-una-crisis-migratoria-con-europa-por-la-que-polonia-senala-a-putin-34.jpg 480w, http:\/\/cordobadirecto.com\/wp-content\/uploads\/2021\/11\/como-bielorrusia-se-convirtio-en-el-eje-de-una-crisis-migratoria-con-europa-por-la-que-polonia-senala-a-putin-35.jpg 624w, http:\/\/cordobadirecto.com\/wp-content\/uploads\/2021\/11\/como-bielorrusia-se-convirtio-en-el-eje-de-una-crisis-migratoria-con-europa-por-la-que-polonia-senala-a-putin-36.jpg 800w\" alt=\"Belorrusia\" src=\"http:\/\/cordobadirecto.com\/wp-content\/uploads\/2021\/11\/como-bielorrusia-se-convirtio-en-el-eje-de-una-crisis-migratoria-con-europa-por-la-que-polonia-senala-a-putin-5.jpg\" sizes=\"(min-width: 1008px) 645px, 100vw\" width=\"976\" height=\"549\" class=\"eehpdyc0 bbc-100dhyn e1enwo3v0\"><\/noscript><\/p>\n<p role=\"text\" class=\"bbc-1s1cxbv etq3yw90\"><span class=\"bbc-1gnhmg2 e1yt7oin0\">Fuente de la imagen, <\/span><span lang=\"en-GB\">Getty Images<\/span><\/p>\n<\/div>\n<\/div>\n<\/div>\n<\/figure>\n<\/div>\n<div dir=\"ltr\" class=\"bbc-1ka88fa e57qer20\">\n<figure class=\"bbc-1qdcvv9 e6bmn90\">\n<div dir=\"ltr\" class=\"bbc-172p16q e57qer20\">\n<div dir=\"ltr\" class=\"bbc-189y18v e57qer20\">\n<div data-e2e=\"image-placeholder\" class=\"bbc-997y1y e1whu0\"><noscript><img loading=\"lazy\" srcset=\"http:\/\/cordobadirecto.com\/wp-content\/uploads\/2021\/11\/como-bielorrusia-se-convirtio-en-el-eje-de-una-crisis-migratoria-con-europa-por-la-que-polonia-senala-a-putin-37.jpg 240w, http:\/\/cordobadirecto.com\/wp-content\/uploads\/2021\/11\/como-bielorrusia-se-convirtio-en-el-eje-de-una-crisis-migratoria-con-europa-por-la-que-polonia-senala-a-putin-38.jpg 320w, http:\/\/cordobadirecto.com\/wp-content\/uploads\/2021\/11\/como-bielorrusia-se-convirtio-en-el-eje-de-una-crisis-migratoria-con-europa-por-la-que-polonia-senala-a-putin-39.jpg 464w\" alt=\"L\u00ednea\" src=\"http:\/\/cordobadirecto.com\/wp-content\/uploads\/2021\/11\/como-bielorrusia-se-convirtio-en-el-eje-de-una-crisis-migratoria-con-europa-por-la-que-polonia-senala-a-putin-6.jpg\" sizes=\"(min-width: 1008px) 645px, 100vw\" width=\"464\" height=\"2\" class=\"eehpdyc0 bbc-100dhyn e1enwo3v0\"><\/noscript><\/div>\n<\/div>\n<\/div>\n<\/figure>\n<\/div>\n<div dir=\"ltr\" class=\"bbc-19j92fr e57qer20\" readability=\"8\">\n<p dir=\"ltr\" class=\"bbc-bm53ic e1cc2ql70\"><i class=\"bbc-h1y5j7 ewc4zcb0\">Ahora puedes recibir notificaciones de BBC News Mundo. Descarga nuestra app y act\u00edvalas para no perderte nuestro mejor contenido.<\/i><\/p>\n<\/div>\n","protected":false},"excerpt":{"rendered":"<p>Redacci\u00f3n BBC News Mundo 24 minutos Fuente de la imagen, Getty Images Pie de foto, Cerca de 2.000 migrantes se han agolpado frente a las vallas que instal\u00f3 Polonia en la frontera con Bielorrusia. La imagen no puede ser m\u00e1s impactante: cerca de 2.000 migrantes se agolpan frente a un cerco ubicado en la ciudad [&hellip;]<\/p>\n","protected":false},"author":1,"featured_media":27207,"comment_status":"closed","ping_status":"closed","sticky":false,"template":"","format":"standard","meta":[],"categories":[24],"tags":[],"_links":{"self":[{"href":"http:\/\/cordobadirecto.com\/index.php\/wp-json\/wp\/v2\/posts\/27206"}],"collection":[{"href":"http:\/\/cordobadirecto.com\/index.php\/wp-json\/wp\/v2\/posts"}],"about":[{"href":"http:\/\/cordobadirecto.com\/index.php\/wp-json\/wp\/v2\/types\/post"}],"author":[{"embeddable":true,"href":"http:\/\/cordobadirecto.com\/index.php\/wp-json\/wp\/v2\/users\/1"}],"replies":[{"embeddable":true,"href":"http:\/\/cordobadirecto.com\/index.php\/wp-json\/wp\/v2\/comments?post=27206"}],"version-history":[{"count":0,"href":"http:\/\/cordobadirecto.com\/index.php\/wp-json\/wp\/v2\/posts\/27206\/revisions"}],"wp:featuredmedia":[{"embeddable":true,"href":"http:\/\/cordobadirecto.com\/index.php\/wp-json\/wp\/v2\/media\/27207"}],"wp:attachment":[{"href":"http:\/\/cordobadirecto.com\/index.php\/wp-json\/wp\/v2\/media?parent=27206"}],"wp:term":[{"taxonomy":"category","embeddable":true,"href":"http:\/\/cordobadirecto.com\/index.php\/wp-json\/wp\/v2\/categories?post=27206"},{"taxonomy":"post_tag","embeddable":true,"href":"http:\/\/cordobadirecto.com\/index.php\/wp-json\/wp\/v2\/tags?post=27206"}],"curies":[{"name":"wp","href":"https:\/\/api.w.org\/{rel}","templated":true}]}}