{"id":27286,"date":"2021-11-10T06:48:06","date_gmt":"2021-11-10T06:48:06","guid":{"rendered":"http:\/\/cordobadirecto.com\/index.php\/2021\/11\/10\/teresa-parodi-con-sus-nietos-e-invitados-en-el-centro-cultural-kirchner\/"},"modified":"2021-11-10T06:48:06","modified_gmt":"2021-11-10T06:48:06","slug":"teresa-parodi-con-sus-nietos-e-invitados-en-el-centro-cultural-kirchner","status":"publish","type":"post","link":"http:\/\/cordobadirecto.com\/index.php\/2021\/11\/10\/teresa-parodi-con-sus-nietos-e-invitados-en-el-centro-cultural-kirchner\/","title":{"rendered":"Teresa Parodi con sus nietos e invitados en el Centro Cultural Kirchner"},"content":{"rendered":"<figure class=\"mb-3\"> <img src=\"http:\/\/cordobadirecto.com\/wp-content\/uploads\/2021\/11\/teresa-parodi-con-sus-nietos-e-invitados-en-el-centro-cultural-kirchner.jpg\" alt=\"La cantautora de folclore correntina, con familia y amigos en el CCK.\"><figcaption> La cantautora de folclore correntina, con familia y amigos en el CCK. <\/figcaption><\/figure>\n<p>La cantante y compositora <strong>Teresa Parodi<\/strong> ofrecer\u00e1 el concierto <strong>Rama y Racimo<\/strong>, donde estar\u00e1 acompa\u00f1ada por sus nietas y nietos y m\u00fasicos invitados el viernes 19, a las 20, en el Auditorio Nacional del Centro Cultural Kirchner.<\/p>\n<p>Con entrada libre y gratuita, quienes deseen asistir al show podr\u00e1n adquirir los tickets de acceso en la p\u00e1gina web del CCK ( cck.gob.ar) a partir del martes 16 a las 12.<\/p>\n<p><strong>&#8220;Tocar mis canciones con mis nietos es un deseo que tengo hace mucho tiempo. Vamos a tocar no solamente las canciones del \u00faltimo disco, sino un repertorio de canciones de toda la vida. Es un proyecto que acaricio en sus m\u00e1s m\u00ednimos detalle&#8221;<\/strong>, destac\u00f3 la artista correntina, voz esencial del folclore argentino.<\/p>\n<p><strong>&#8220;Son estudiosos y han crecido mucho todos estos a\u00f1os. Han tenido un cuidado, un compromiso y una ocupaci\u00f3n por el oficio que me emociona desde siempre y me hace muy feliz. Es una noche muy importante para mi&#8221;, agreg\u00f3 la autora de &#8220;Pedro Canoero&#8221;,<\/strong> sobre este encuentro musical con <strong>Ezequiel, Emilia <\/strong>y<strong> Lautaro<\/strong> los tres hijos de <strong>Camilo<\/strong>, su hijo que tambi\u00e9n toca con ella, y con <strong>Luciana<\/strong>, otra nieta que cantar\u00e1 como como invitada.<\/p>\n<p>Adem\u00e1s estar\u00e1n acompa\u00f1ando a Teresa, Camilo, su hijo percusionista, <strong>Facundo Guevara; Manu Sija, Fernando Correa <\/strong>y<strong> Juan<\/strong> <strong>Manuel Colombo<\/strong>.<\/p>\n<p>La entrada para el concierto es gratuita, solo con reserva previa, y se podr\u00e1 gestionar el martes 16 de noviembre a las 12. Todas las personas que asistan deben estar previamente registradas. No se podr\u00e1 realizar reserva de entradas en el lugar. Cada usuario podr\u00e1 realizar hasta dos reservas por actividad, una para s\u00ed y otra para un acompa\u00f1ante. <\/p>\n","protected":false},"excerpt":{"rendered":"<p>La cantautora de folclore correntina, con familia y amigos en el CCK. La cantante y compositora Teresa Parodi ofrecer\u00e1 el concierto Rama y Racimo, donde estar\u00e1 acompa\u00f1ada por sus nietas y nietos y m\u00fasicos invitados el viernes 19, a las 20, en el Auditorio Nacional del Centro Cultural Kirchner. Con entrada libre y gratuita, quienes [&hellip;]<\/p>\n","protected":false},"author":1,"featured_media":27287,"comment_status":"closed","ping_status":"closed","sticky":false,"template":"","format":"standard","meta":[],"categories":[20],"tags":[],"_links":{"self":[{"href":"http:\/\/cordobadirecto.com\/index.php\/wp-json\/wp\/v2\/posts\/27286"}],"collection":[{"href":"http:\/\/cordobadirecto.com\/index.php\/wp-json\/wp\/v2\/posts"}],"about":[{"href":"http:\/\/cordobadirecto.com\/index.php\/wp-json\/wp\/v2\/types\/post"}],"author":[{"embeddable":true,"href":"http:\/\/cordobadirecto.com\/index.php\/wp-json\/wp\/v2\/users\/1"}],"replies":[{"embeddable":true,"href":"http:\/\/cordobadirecto.com\/index.php\/wp-json\/wp\/v2\/comments?post=27286"}],"version-history":[{"count":0,"href":"http:\/\/cordobadirecto.com\/index.php\/wp-json\/wp\/v2\/posts\/27286\/revisions"}],"wp:featuredmedia":[{"embeddable":true,"href":"http:\/\/cordobadirecto.com\/index.php\/wp-json\/wp\/v2\/media\/27287"}],"wp:attachment":[{"href":"http:\/\/cordobadirecto.com\/index.php\/wp-json\/wp\/v2\/media?parent=27286"}],"wp:term":[{"taxonomy":"category","embeddable":true,"href":"http:\/\/cordobadirecto.com\/index.php\/wp-json\/wp\/v2\/categories?post=27286"},{"taxonomy":"post_tag","embeddable":true,"href":"http:\/\/cordobadirecto.com\/index.php\/wp-json\/wp\/v2\/tags?post=27286"}],"curies":[{"name":"wp","href":"https:\/\/api.w.org\/{rel}","templated":true}]}}