{"id":27288,"date":"2021-11-10T06:48:08","date_gmt":"2021-11-10T06:48:08","guid":{"rendered":"http:\/\/cordobadirecto.com\/index.php\/2021\/11\/10\/a-los-85-anos-murio-el-actor-dean-stockwell-conocido-por-el-nino-del-cabello-verde\/"},"modified":"2021-11-10T06:48:08","modified_gmt":"2021-11-10T06:48:08","slug":"a-los-85-anos-murio-el-actor-dean-stockwell-conocido-por-el-nino-del-cabello-verde","status":"publish","type":"post","link":"http:\/\/cordobadirecto.com\/index.php\/2021\/11\/10\/a-los-85-anos-murio-el-actor-dean-stockwell-conocido-por-el-nino-del-cabello-verde\/","title":{"rendered":"A los 85 a\u00f1os muri\u00f3 el actor Dean Stockwell, conocido por &#8220;El ni\u00f1o del cabello verde&#8221;"},"content":{"rendered":"<figure class=\"mb-3\"> <img src=\"http:\/\/cordobadirecto.com\/wp-content\/uploads\/2021\/11\/a-los-85-anos-murio-el-actor-dean-stockwell-conocido-por-el-nino-del-cabello-verde.jpg\" alt=\"Stockwell como Al Calavicci, en la serie Viajeros en el tiempo, de 1989.\"><figcaption> Stockwell como Al Calavicci, en la serie &#8220;Viajeros en el tiempo&#8221;, de 1989. <\/figcaption><\/figure>\n<p>El actor estadounidense <strong>Dean Stockwell,<\/strong> quien comenz\u00f3 su carrera cinematogr\u00e1fica en la d\u00e9cada de 1940, falleci\u00f3&nbsp;el domingo 7&nbsp;mientras dorm\u00eda en su rancho de Nuevo M\u00e9xico , a la edad de 85 a\u00f1os, luego de una larga carrera en la que fue actor infantil -en 1945 en <strong>&#8220;El valle de la abnegaci\u00f3n&#8221;<\/strong>, de Tay Garnett y <strong>&#8220;Leven anclas&#8221;<\/strong>, de George Sidney, luego en 1948 como figura central de la pol\u00e9mica <strong>&#8220;El ni\u00f1o del cabello verde&#8221;<\/strong>, de Joseph Losey- y tambi\u00e9n actor de culto en t\u00edtulos m\u00e1s recientes como <strong>&#8220;Par\u00eds, Texas&#8221;<\/strong> (1984), de Wim Wenders, o <strong>&#8220;Terciopelo azul&#8221; <\/strong>(1986), de David Lynch.<\/p>\n<p>La noticia fue reproducida este martes por la prensa de Hollywood.<\/p>\n<p>Desde los principios de su carrera actu\u00f3 tanto en cine como televisi\u00f3n, aunque su \u00fanico Globo de Oro lo obtuvo en 1990 como secundario por la serie <strong>&#8220;A trav\u00e9s del tiempo&#8221;<\/strong>, y en dos ocasiones se llev\u00f3 el premio al mejor actor en Cannes, en galardones que reconocieron a todo el reparto de <strong>&#8220;Compulsi\u00f3n&#8221;<\/strong> (1959), de Richard Fleischer, y <strong>&#8220;Viaje de un largo d\u00eda hacia la noche&#8221;<\/strong> (1962), de Sidney Lumet.<\/p>\n<p>Nacido en Hollywood en 1936, creci\u00f3 entre Los \u00c1ngeles y Nueva York porque su padre era actor y cantante l\u00edrico, que trabaj\u00f3 en musicales como <strong>&#8220;Oklahoma!&#8221;<\/strong> o <strong>&#8220;Carrusel&#8221;<\/strong> y dobl\u00f3 la voz del pr\u00edncipe en la pel\u00edcula de Disney &#8220;Blancanieves y los siete enanitos&#8221;.<\/p>\n<figure class=\"mb-3\"> <img data-src=\"http:\/\/cordobadirecto.com\/wp-content\/uploads\/2021\/11\/a-los-85-anos-murio-el-actor-dean-stockwell-conocido-por-el-nino-del-cabello-verde-1.jpg\" src=\"https:\/\/www.telam.com.ar\/assets\/img\/not_image.png\" class=\" lazy \" alt=\"Stockwell como Peter, en El ni\u00f1o del cabello verde, de Joseph Losey, en 1948.\"><figcaption> Stockwell como Peter, en &#8220;El ni\u00f1o del cabello verde&#8221;, de Joseph Losey, en 1948. <\/figcaption><\/figure>\n<p>Tras un paso por los escenarios de Broadway junto a su hermano mayor, Guy, Dean tuvo un intenso recorrido ante las c\u00e1maras a partir de 1945, que incluy\u00f3 una participaci\u00f3n en <strong>&#8220;Abbott y Costello en Hollywood&#8221;<\/strong>, de Sylvan Simon, <strong>&#8220;Los verdes a\u00f1os&#8221;<\/strong> (1946), de Victor Saville, <strong>&#8220;La luz es para todos&#8221;<\/strong> (1947), de Elia Kazan, la recordada <strong>&#8220;El ni\u00f1o del cabello verde&#8221;<\/strong> (1948), de Losey, que condeno a su director a las &#8220;listas negras&#8221; de Hollywood, y<strong> &#8220;Kim de la India&#8221;<\/strong> (1950), tambi\u00e9n de Saville, junto a Erroll Flynn.<\/p>\n<p>El actor no se dej\u00f3 estar y se inscribi\u00f3 en la Universidad de Berkeley, California, pero la abandon\u00f3 cansado de sus compa\u00f1eros de clase; reapareci\u00f3 en el cine ya mayor y a principios de los a\u00f1os 60 se introdujo en la cultura &#8220;hippie&#8221; junto a amigos como Neil Young y Dennis Hopper.<\/p>\n<p>En los 80 encaden\u00f3 filmes como <strong>&#8220;Duna&#8221;<\/strong> (1984), de David Lynch, <strong>&#8220;Vivir y morir en Los \u00c1ngeles&#8221;<\/strong> (1985), de William Friedkin, la citada <strong>&#8220;Terciopelo azul&#8221;,<\/strong> <strong>&#8220;Jardines de piedra&#8221; <\/strong>(1987),<strong> &#8220;Tucker, el hombre y su sue\u00f1o&#8221; <\/strong>(1988)<strong> <\/strong>y<strong> &#8220;El poder de la justicia&#8221;<\/strong> (1997), de Francis Ford Coppola, y <strong>&#8220;Casada con la mafia&#8221;<\/strong> (1988), de Jonathan Demme, por la que fue candidato a un Oscar como actor secundario.<\/p>\n<p>Stockwell sigui\u00f3 trabajando hasta que tuvo un derrame cerebral en 2015. <\/p>\n","protected":false},"excerpt":{"rendered":"<p>Stockwell como Al Calavicci, en la serie &#8220;Viajeros en el tiempo&#8221;, de 1989. El actor estadounidense Dean Stockwell, quien comenz\u00f3 su carrera cinematogr\u00e1fica en la d\u00e9cada de 1940, falleci\u00f3&nbsp;el domingo 7&nbsp;mientras dorm\u00eda en su rancho de Nuevo M\u00e9xico , a la edad de 85 a\u00f1os, luego de una larga carrera en la que fue actor [&hellip;]<\/p>\n","protected":false},"author":1,"featured_media":27289,"comment_status":"closed","ping_status":"closed","sticky":false,"template":"","format":"standard","meta":[],"categories":[20],"tags":[],"_links":{"self":[{"href":"http:\/\/cordobadirecto.com\/index.php\/wp-json\/wp\/v2\/posts\/27288"}],"collection":[{"href":"http:\/\/cordobadirecto.com\/index.php\/wp-json\/wp\/v2\/posts"}],"about":[{"href":"http:\/\/cordobadirecto.com\/index.php\/wp-json\/wp\/v2\/types\/post"}],"author":[{"embeddable":true,"href":"http:\/\/cordobadirecto.com\/index.php\/wp-json\/wp\/v2\/users\/1"}],"replies":[{"embeddable":true,"href":"http:\/\/cordobadirecto.com\/index.php\/wp-json\/wp\/v2\/comments?post=27288"}],"version-history":[{"count":0,"href":"http:\/\/cordobadirecto.com\/index.php\/wp-json\/wp\/v2\/posts\/27288\/revisions"}],"wp:featuredmedia":[{"embeddable":true,"href":"http:\/\/cordobadirecto.com\/index.php\/wp-json\/wp\/v2\/media\/27289"}],"wp:attachment":[{"href":"http:\/\/cordobadirecto.com\/index.php\/wp-json\/wp\/v2\/media?parent=27288"}],"wp:term":[{"taxonomy":"category","embeddable":true,"href":"http:\/\/cordobadirecto.com\/index.php\/wp-json\/wp\/v2\/categories?post=27288"},{"taxonomy":"post_tag","embeddable":true,"href":"http:\/\/cordobadirecto.com\/index.php\/wp-json\/wp\/v2\/tags?post=27288"}],"curies":[{"name":"wp","href":"https:\/\/api.w.org\/{rel}","templated":true}]}}