{"id":27339,"date":"2021-11-10T15:06:38","date_gmt":"2021-11-10T15:06:38","guid":{"rendered":"https:\/\/puntoapunto.com.ar\/?p=318501"},"modified":"2021-11-10T15:06:38","modified_gmt":"2021-11-10T15:06:38","slug":"llenemos-el-vaso-la-campana-solidaria-destinada-a-ninos-cordobeses","status":"publish","type":"post","link":"http:\/\/cordobadirecto.com\/index.php\/2021\/11\/10\/llenemos-el-vaso-la-campana-solidaria-destinada-a-ninos-cordobeses\/","title":{"rendered":"Llenemos el Vaso, la campa\u00f1a solidaria destinada a ni\u00f1os cordobeses"},"content":{"rendered":"<div><img src=\"http:\/\/cordobadirecto.com\/wp-content\/uploads\/2021\/11\/llenemos-el-vaso-la-campana-solidaria-destinada-a-ninos-cordobeses.jpg\" class=\"ff-og-image-inserted\"><\/div>\n<div class=\"tdb-block-inner td-fix-index\" readability=\"32.178972712681\">\n<p>La Asociaci\u00f3n Civil Vaso de Leche lanza <strong>\u201cLlenemos el VASO\u201d<\/strong>, su primera gran<strong> campa\u00f1a p\u00fablica en la ciudad de C\u00f3rdoba, con el objetivo principal de <\/strong><strong>dar a conocer su misi\u00f3n<\/strong> e invitar a la poblaci\u00f3n a sumarse a la causa con d<strong>onaciones <\/strong><strong>individuales de $500 por mes<\/strong>, el equivalente a una<strong> raci\u00f3n de leche<\/strong>, que ser\u00e1 <strong>destinada a <\/strong><strong>los m\u00e1s de 1.500 ni\u00f1os y ni\u00f1as<\/strong> quela asociaci\u00f3n asiste a diario a trav\u00e9s de sus <strong>programas VASO-Comedores y VASO-Conin<\/strong>.<\/p>\n<p><a href=\"https:\/\/vasodeleche.org\/\" target=\"_blank\" rel=\"noopener\">Vaso de Leche<\/a> acompa\u00f1a desde hace 17 a\u00f1os la infancia de los que menos tienen. Se ocupa de<strong> intervenir en situaciones de d\u00e9ficit nutricional realizando <\/strong><strong>acciones positivas<\/strong>, de forma profesional e interdisciplinaria, para que los sectores m\u00e1s vulnerados adquieran herramientas \u00fatiles que permitan alcanzar el sue\u00f1o de una ni\u00f1ez cordobesa completamente nutrida.<\/p>\n<p>Formar parte de la campa\u00f1a \u201cLlenemos el VASO\u201d es muy simple, con un <strong>c\u00f3digo QR<\/strong>, que<br \/>encontrar\u00e1n en diferentes publicaciones en los medios de comunicaci\u00f3n, la <strong>factura de Aguas Cordobesas, carteler\u00eda en los locales de Pizzer\u00eda Popular, v\u00eda p\u00fablica y en las redes sociales de Vaso de Leche<\/strong>, quienes deseen sumarse, podr\u00e1n donar $500.<strong> La campa\u00f1a estar\u00e1 vigente hasta el mes de diciembre.<\/strong><\/p>\n<\/p><\/div>\n","protected":false},"excerpt":{"rendered":"<p>La Asociaci\u00f3n Civil Vaso de Leche lanza \u201cLlenemos el VASO\u201d, su primera gran campa\u00f1a p\u00fablica en la ciudad de C\u00f3rdoba, con el objetivo principal de dar a conocer su misi\u00f3n e invitar a la poblaci\u00f3n a sumarse a la causa con donaciones individuales de $500 por mes, el equivalente a una raci\u00f3n de leche, que [&hellip;]<\/p>\n","protected":false},"author":1,"featured_media":27340,"comment_status":"closed","ping_status":"closed","sticky":false,"template":"","format":"standard","meta":[],"categories":[25],"tags":[],"_links":{"self":[{"href":"http:\/\/cordobadirecto.com\/index.php\/wp-json\/wp\/v2\/posts\/27339"}],"collection":[{"href":"http:\/\/cordobadirecto.com\/index.php\/wp-json\/wp\/v2\/posts"}],"about":[{"href":"http:\/\/cordobadirecto.com\/index.php\/wp-json\/wp\/v2\/types\/post"}],"author":[{"embeddable":true,"href":"http:\/\/cordobadirecto.com\/index.php\/wp-json\/wp\/v2\/users\/1"}],"replies":[{"embeddable":true,"href":"http:\/\/cordobadirecto.com\/index.php\/wp-json\/wp\/v2\/comments?post=27339"}],"version-history":[{"count":0,"href":"http:\/\/cordobadirecto.com\/index.php\/wp-json\/wp\/v2\/posts\/27339\/revisions"}],"wp:featuredmedia":[{"embeddable":true,"href":"http:\/\/cordobadirecto.com\/index.php\/wp-json\/wp\/v2\/media\/27340"}],"wp:attachment":[{"href":"http:\/\/cordobadirecto.com\/index.php\/wp-json\/wp\/v2\/media?parent=27339"}],"wp:term":[{"taxonomy":"category","embeddable":true,"href":"http:\/\/cordobadirecto.com\/index.php\/wp-json\/wp\/v2\/categories?post=27339"},{"taxonomy":"post_tag","embeddable":true,"href":"http:\/\/cordobadirecto.com\/index.php\/wp-json\/wp\/v2\/tags?post=27339"}],"curies":[{"name":"wp","href":"https:\/\/api.w.org\/{rel}","templated":true}]}}