{"id":27344,"date":"2021-11-10T19:12:37","date_gmt":"2021-11-10T19:12:37","guid":{"rendered":"https:\/\/cordoba.gob.ar\/?p=16045"},"modified":"2021-11-10T19:12:37","modified_gmt":"2021-11-10T19:12:37","slug":"destacada-participacion-de-estudiantes-de-escuelas-municipales-en-el-25-concurso-de-literatura-y-matematica-cuentos-con-cuentas","status":"publish","type":"post","link":"http:\/\/cordobadirecto.com\/index.php\/2021\/11\/10\/destacada-participacion-de-estudiantes-de-escuelas-municipales-en-el-25-concurso-de-literatura-y-matematica-cuentos-con-cuentas\/","title":{"rendered":"Destacada participaci\u00f3n de estudiantes de escuelas municipales en el 25\u00b0 Concurso de Literatura y Matem\u00e1tica \u201cCuentos con Cuentas\u201d"},"content":{"rendered":"<div><img src=\"http:\/\/cordobadirecto.com\/wp-content\/uploads\/2021\/11\/destacada-participacion-de-estudiantes-de-escuelas-municipales-en-el-25-concurso-de-literatura-y-matematica-cuentos-con-cuentas.jpg\" class=\"ff-og-image-inserted\"><\/div>\n<ul>\n<li><strong>14 estudiantes de escuelas municipales participaron de la \u00faltima instancia nacional del certamen de literatura y matem\u00e1tica.<\/strong><\/li>\n<li><strong>Una de las participantes se proclam\u00f3 primera subcampeona del certamen en la categor\u00eda Nivel elemental A, \u201cProsa\u201d y otros tres alumnos recibieron menciones honor\u00edficas.<\/strong><\/li>\n<\/ul>\n<hr>\n<p>La instancia final del 25\u00ba Concurso Literatura y Matem\u00e1tica \u201cCuentos con Cuentas\u201d convoc\u00f3 a m\u00e1s de 200 alumnos de todas las provincias argentinas, 25 de ellos de la provincia de C\u00f3rdoba, de los cuales 14 concurren a las Escuelas Municipales Dr. Carlos Fern\u00e1ndez Ordo\u00f1ez, Dr. Pedro Carande Carro, Luz Vieira M\u00e9ndez y Gobernador Brigadier San Mart\u00edn.<\/p>\n<p>Los estudiantes municipales comenzaron esta aventura intelectual en abril del presente a\u00f1o, enfrentando todos los desaf\u00edos que se les fueron presentando, rondas escolares que cada escuela las realiz\u00f3 en fechas propias antes del 2 de junio, a modo de preparaci\u00f3n, interescolares, regionales y nacionales, participando tambi\u00e9n de los talleres literarios propuestos como \u201cLa cocina del escritor\u201d, \u201cNudo y desenlace\u201d y \u201cAl Infinito y m\u00e1s all\u00e1\u201d.<\/p>\n<p>De los alumnos cordobeses participantes, Hania L\u00f3pez, alumna de 10 a\u00f1os, de 5to grado de la Escuela Municipal Gob. Brig. San Mart\u00edn fue seleccionada como primera subcampeona del mencionado concurso.<\/p>\n<p>Hania obtuvo su galard\u00f3n luego de escribir una prosa titulada \u201cEl regalo Maldito\u201d que describe todos los acontecimientos malos que vivi\u00f3 un chico durante el d\u00eda y al finalizar el mismo, como para completarlo, recibi\u00f3 un regalo cuyo contenido era un problema matem\u00e1tico a resolver. Como lo resolvi\u00f3 mal qued\u00f3 atrapado en la maldici\u00f3n del regalo.<\/p>\n<p><em>\u201cEscrib\u00ed sobre esta tem\u00e1tica porque me encanta escribir cuentos de terror y adem\u00e1s quer\u00eda que fuera diferente a las otras rondas. Me gust\u00f3 mucho participar en este concurso y me gustar\u00eda volver a hacerlo el a\u00f1o que viene\u201d<\/em>, cont\u00f3 la subcampeona.<\/p>\n<p>Adem\u00e1s, otros tres estudiantes municipales, Martina Jazm\u00edn Avenda\u00f1o de la Escuela Dr. Pedro Carande Carro, Bautista Chaih de la Escuela Brigadier J. I. San Mart\u00edn y Morena Luz Gigena Becerra de la Escuela Dr. Carlos Fern\u00e1ndez Ord\u00f3\u00f1ez lograron una menci\u00f3n honor\u00edfica en la misma categor\u00eda.<\/p>\n<p>El secretario de Educaci\u00f3n Horacio Ferreyra expres\u00f3 que <em>\u201ccomo parte de la comunidad educativa felicitamos a los estudiantes que han participado en cada una de las instancias del certamen de Literatura y Matem\u00e1tica, pudiendo articular ambos espacios curriculares: la Lengua como eje de interacci\u00f3n humana y la Matem\u00e1tica como una poderosa herramienta simb\u00f3lica para comprender el mundo.\u201d<\/em><\/p>\n<p>SOBRE EL CONCURSO<\/p>\n<p>La propuesta de Literatura y Matem\u00e1tica \u201cCuentos con Cuentas\u201d, organizada por la Fundaci\u00f3n Olimp\u00edada Matem\u00e1tica Argentina, consiste en resolver un problema matem\u00e1tico, y luego escribir una historia en forma de cuento, prosa, poema u otro texto literario. En el escrito se debe, necesariamente incluir el problema y resoluci\u00f3n.<\/p>\n<p>Es una instancia en donde el ingenio, la imaginaci\u00f3n, la creaci\u00f3n, las estrategias, problemas matem\u00e1ticos y la escritura se combinar\u00e1n para producir diferentes textos literarios.<\/p>\n","protected":false},"excerpt":{"rendered":"<p>14 estudiantes de escuelas municipales participaron de la \u00faltima instancia nacional del certamen de literatura y matem\u00e1tica. Una de las participantes se proclam\u00f3 primera subcampeona del certamen en la categor\u00eda Nivel elemental A, \u201cProsa\u201d y otros tres alumnos recibieron menciones honor\u00edficas. La instancia final del 25\u00ba Concurso Literatura y Matem\u00e1tica \u201cCuentos con Cuentas\u201d convoc\u00f3 a [&hellip;]<\/p>\n","protected":false},"author":1,"featured_media":27345,"comment_status":"closed","ping_status":"closed","sticky":false,"template":"","format":"standard","meta":[],"categories":[44],"tags":[],"_links":{"self":[{"href":"http:\/\/cordobadirecto.com\/index.php\/wp-json\/wp\/v2\/posts\/27344"}],"collection":[{"href":"http:\/\/cordobadirecto.com\/index.php\/wp-json\/wp\/v2\/posts"}],"about":[{"href":"http:\/\/cordobadirecto.com\/index.php\/wp-json\/wp\/v2\/types\/post"}],"author":[{"embeddable":true,"href":"http:\/\/cordobadirecto.com\/index.php\/wp-json\/wp\/v2\/users\/1"}],"replies":[{"embeddable":true,"href":"http:\/\/cordobadirecto.com\/index.php\/wp-json\/wp\/v2\/comments?post=27344"}],"version-history":[{"count":0,"href":"http:\/\/cordobadirecto.com\/index.php\/wp-json\/wp\/v2\/posts\/27344\/revisions"}],"wp:featuredmedia":[{"embeddable":true,"href":"http:\/\/cordobadirecto.com\/index.php\/wp-json\/wp\/v2\/media\/27345"}],"wp:attachment":[{"href":"http:\/\/cordobadirecto.com\/index.php\/wp-json\/wp\/v2\/media?parent=27344"}],"wp:term":[{"taxonomy":"category","embeddable":true,"href":"http:\/\/cordobadirecto.com\/index.php\/wp-json\/wp\/v2\/categories?post=27344"},{"taxonomy":"post_tag","embeddable":true,"href":"http:\/\/cordobadirecto.com\/index.php\/wp-json\/wp\/v2\/tags?post=27344"}],"curies":[{"name":"wp","href":"https:\/\/api.w.org\/{rel}","templated":true}]}}