{"id":27396,"date":"2021-11-10T14:51:00","date_gmt":"2021-11-10T14:51:00","guid":{"rendered":"https:\/\/lmdiario.com.ar\/contenido\/316256\/el-delantero-nicolas-gonzalez-fue-desafectado-de-la-seleccion-argentina"},"modified":"2021-11-10T14:51:00","modified_gmt":"2021-11-10T14:51:00","slug":"el-delantero-nicolas-gonzalez-fue-desafectado-de-la-seleccion-argentina","status":"publish","type":"post","link":"http:\/\/cordobadirecto.com\/index.php\/2021\/11\/10\/el-delantero-nicolas-gonzalez-fue-desafectado-de-la-seleccion-argentina\/","title":{"rendered":"El delantero Nicol\u00e1s Gonz\u00e1lez fue desafectado de la Selecci\u00f3n argentina"},"content":{"rendered":"<div><img src=\"http:\/\/cordobadirecto.com\/wp-content\/uploads\/2021\/11\/el-delantero-nicolas-gonzalez-fue-desafectado-de-la-seleccion-argentina.jpg\" class=\"ff-og-image-inserted\"><\/div>\n<p>El delantero Nicol\u00e1s Gonz\u00e1lez fue desafectado de la Selecci\u00f3n argentina para la doble convocatoria de las eliminatorias sudamericanas para el Mundial de Qatar 2022.<\/p>\n<p>El jugador de la Fiorentina de Italia fue desafectado luego de haber contra\u00eddo coronavirus ya que, pese a recibir el alta, los an\u00e1lisis a los que fue sometido le siguen dando positivo.<\/p>\n<p>De esta manera el cuerpo t\u00e9cnico liderado por Lionel Scaloni decidi\u00f3 que Gonz\u00e1lez sea baja para la doble fecha ante Uruguay, el viernes en Montevideo, y Brasil, el martes en San Juan.<\/p>\n<p>&#8220;#Selecci\u00f3nMayor El futbolista de @acffiorentina, Nicol\u00e1s Gonz\u00e1lez, queda desafectado para los partidos ante @AUFOficial y @CBF_Futebol&#8221;, indic\u00f3 la AFA de manera oficial en su cuenta de Twitter.<\/p>\n<p>Gonz\u00e1lez contrajo el virus hace dos semanas en Italia, pero la idea de Scaloni era que una vez que termine el per\u00edodo de aislamiento pudiera viajar y sumarse al equipo albiceleste, algo que finalmente no pudo concretar.<\/p>\n<p>Es que los testeos a los que fue sometido el ex futbolista de Argentinos Juniors les sigui\u00f3 dando positivo, por lo que nunca pudo viajar al predio de Ezeiza.<\/p>\n","protected":false},"excerpt":{"rendered":"<p>El delantero Nicol\u00e1s Gonz\u00e1lez fue desafectado de la Selecci\u00f3n argentina para la doble convocatoria de las eliminatorias sudamericanas para el Mundial de Qatar 2022. El jugador de la Fiorentina de Italia fue desafectado luego de haber contra\u00eddo coronavirus ya que, pese a recibir el alta, los an\u00e1lisis a los que fue sometido le siguen dando [&hellip;]<\/p>\n","protected":false},"author":1,"featured_media":27397,"comment_status":"open","ping_status":"closed","sticky":false,"template":"","format":"standard","meta":[],"categories":[21],"tags":[],"_links":{"self":[{"href":"http:\/\/cordobadirecto.com\/index.php\/wp-json\/wp\/v2\/posts\/27396"}],"collection":[{"href":"http:\/\/cordobadirecto.com\/index.php\/wp-json\/wp\/v2\/posts"}],"about":[{"href":"http:\/\/cordobadirecto.com\/index.php\/wp-json\/wp\/v2\/types\/post"}],"author":[{"embeddable":true,"href":"http:\/\/cordobadirecto.com\/index.php\/wp-json\/wp\/v2\/users\/1"}],"replies":[{"embeddable":true,"href":"http:\/\/cordobadirecto.com\/index.php\/wp-json\/wp\/v2\/comments?post=27396"}],"version-history":[{"count":0,"href":"http:\/\/cordobadirecto.com\/index.php\/wp-json\/wp\/v2\/posts\/27396\/revisions"}],"wp:featuredmedia":[{"embeddable":true,"href":"http:\/\/cordobadirecto.com\/index.php\/wp-json\/wp\/v2\/media\/27397"}],"wp:attachment":[{"href":"http:\/\/cordobadirecto.com\/index.php\/wp-json\/wp\/v2\/media?parent=27396"}],"wp:term":[{"taxonomy":"category","embeddable":true,"href":"http:\/\/cordobadirecto.com\/index.php\/wp-json\/wp\/v2\/categories?post=27396"},{"taxonomy":"post_tag","embeddable":true,"href":"http:\/\/cordobadirecto.com\/index.php\/wp-json\/wp\/v2\/tags?post=27396"}],"curies":[{"name":"wp","href":"https:\/\/api.w.org\/{rel}","templated":true}]}}