{"id":27435,"date":"2021-11-10T15:18:37","date_gmt":"2021-11-10T15:18:37","guid":{"rendered":"https:\/\/www.ole.com.ar\/autos\/traslado-juan-manuel-fangio_0_mYpYis7KC.html"},"modified":"2021-11-10T15:18:37","modified_gmt":"2021-11-10T15:18:37","slug":"los-restos-de-fangio-descansan-en-el-museo","status":"publish","type":"post","link":"http:\/\/cordobadirecto.com\/index.php\/2021\/11\/10\/los-restos-de-fangio-descansan-en-el-museo\/","title":{"rendered":"Los restos de Fangio descansan en el Museo"},"content":{"rendered":"<div><img src=\"http:\/\/cordobadirecto.com\/wp-content\/uploads\/2021\/11\/los-restos-de-fangio-descansan-en-el-museo.jpg\" class=\"ff-og-image-inserted\"><\/div>\n<p><mark>Los restos de Juan Manuel Fangio ya est\u00e1n en el Museo <\/mark>que lleva su nombre, donde&nbsp;descansar\u00e1n&nbsp;en un mausoleo. El homenaje cont\u00f3 en la previa con una caravana que transport\u00f3 sus restos desde el cementerio local hasta el lugar donde descansar\u00e1 a partir de ahora.<\/p>\n<p> El tributo a Fangio comenz\u00f3 ayer en la ciudad de Mar del Plata, donde se realiz\u00f3 una conferencia de prensa en el hotel NH Provincial. La misma <mark>cont\u00f3 la presencia de personalidades destacadas como Sir Jackie Stewart, Oreste Berta y Horacio Pagani<\/mark> y sirvi\u00f3 como lanzamiento formal del evento, que tambi\u00e9n busc\u00f3 recordar el 70 aniversario del primer t\u00edtulo logrado por el \u201cChueco\u201d en la F\u00f3rmula 1.<\/p>\n<p>La actividad de este mi\u00e9rcoles arranc\u00f3 a las 10 de la ma\u00f1ana con el retiro del f\u00e9retro del cementerio y luego se procedi\u00f3 al inicio de<mark> la caravana, la cual recorri\u00f3 distintos puntos distinguidos entre ellos, la casa de su padre y la escuela donde estudi\u00f3.<\/mark><\/p>\n<p>Una vez en el Museo Juan Manuel Fangio, <mark>los restos fueron depositados con honores y con una ceremonia religiosa<\/mark> se procedi\u00f3 a completar el homenaje. Adem\u00e1s, diferentes personas destacadas del ambiente fueron los oradores en la \u00faltima despedida.<\/p>\n<p> \u201c<mark>Es un honor para m\u00ed estar aqu\u00ed en este momento<\/mark>. Es uno de los momentos m\u00e1s importantes de mi vida\u201d, manifest\u00f3 Stewart durante su exposici\u00f3n. Vale recordar que la relaci\u00f3n que un\u00eda al brit\u00e1nico con el balcarce\u00f1o fue de mutuo afecto y admiraci\u00f3n, tal como lo expres\u00f3 ayer durante la conferencia de prensa en Mar del Plata.<\/p>\n<div class=\"entry-tags\">\n<h2>TEMAS QUE APARECEN EN ESTA NOTA<\/h2>\n<\/p><\/div>\n","protected":false},"excerpt":{"rendered":"<p>Los restos de Juan Manuel Fangio ya est\u00e1n en el Museo que lleva su nombre, donde&nbsp;descansar\u00e1n&nbsp;en un mausoleo. El homenaje cont\u00f3 en la previa con una caravana que transport\u00f3 sus restos desde el cementerio local hasta el lugar donde descansar\u00e1 a partir de ahora. El tributo a Fangio comenz\u00f3 ayer en la ciudad de Mar [&hellip;]<\/p>\n","protected":false},"author":1,"featured_media":27436,"comment_status":"closed","ping_status":"closed","sticky":false,"template":"","format":"standard","meta":[],"categories":[21],"tags":[],"_links":{"self":[{"href":"http:\/\/cordobadirecto.com\/index.php\/wp-json\/wp\/v2\/posts\/27435"}],"collection":[{"href":"http:\/\/cordobadirecto.com\/index.php\/wp-json\/wp\/v2\/posts"}],"about":[{"href":"http:\/\/cordobadirecto.com\/index.php\/wp-json\/wp\/v2\/types\/post"}],"author":[{"embeddable":true,"href":"http:\/\/cordobadirecto.com\/index.php\/wp-json\/wp\/v2\/users\/1"}],"replies":[{"embeddable":true,"href":"http:\/\/cordobadirecto.com\/index.php\/wp-json\/wp\/v2\/comments?post=27435"}],"version-history":[{"count":0,"href":"http:\/\/cordobadirecto.com\/index.php\/wp-json\/wp\/v2\/posts\/27435\/revisions"}],"wp:featuredmedia":[{"embeddable":true,"href":"http:\/\/cordobadirecto.com\/index.php\/wp-json\/wp\/v2\/media\/27436"}],"wp:attachment":[{"href":"http:\/\/cordobadirecto.com\/index.php\/wp-json\/wp\/v2\/media?parent=27435"}],"wp:term":[{"taxonomy":"category","embeddable":true,"href":"http:\/\/cordobadirecto.com\/index.php\/wp-json\/wp\/v2\/categories?post=27435"},{"taxonomy":"post_tag","embeddable":true,"href":"http:\/\/cordobadirecto.com\/index.php\/wp-json\/wp\/v2\/tags?post=27435"}],"curies":[{"name":"wp","href":"https:\/\/api.w.org\/{rel}","templated":true}]}}