{"id":27493,"date":"2021-11-10T22:45:00","date_gmt":"2021-11-10T22:45:00","guid":{"rendered":"http:\/\/cordobadirecto.com\/index.php\/2021\/11\/10\/italia-registra-un-nuevo-record-de-casos-diarios-en-cuatro-meses\/"},"modified":"2021-11-10T22:45:00","modified_gmt":"2021-11-10T22:45:00","slug":"italia-registra-un-nuevo-record-de-casos-diarios-en-cuatro-meses","status":"publish","type":"post","link":"http:\/\/cordobadirecto.com\/index.php\/2021\/11\/10\/italia-registra-un-nuevo-record-de-casos-diarios-en-cuatro-meses\/","title":{"rendered":"Italia registra un nuevo r\u00e9cord de casos diarios en cuatro meses"},"content":{"rendered":"<figure class=\"mb-3\"><img src=\"http:\/\/cordobadirecto.com\/wp-content\/uploads\/2021\/11\/italia-registra-un-nuevo-record-de-casos-diarios-en-cuatro-meses.jpg\" alt=\"A pesar de que el 838 de la poblacin mayor de 12 aos se encuentra con doble dosis aumentan las infecciones Foto Archivo\"><figcaption> A pesar de que el 83,8% de la poblaci\u00f3n mayor de 12 a\u00f1os se encuentra con doble dosis, aumentan las infecciones. Foto: Archivo <\/figcaption><\/figure>\n<p>Italia registr\u00f3 7.891 nuevos casos de coronavirus en las las \u00faltimas 24 horas, la cifra m\u00e1s alta desde el 27 de agosto, mientras se enfrenta a un aumento sostenido de contagios inform\u00f3 este mi\u00e9rcoles el Ministerio de Salud, cuyo responsable, R<strong>oberto Speranza, destac\u00f3 la necesidad de aplicar una tercera dosis de la vacuna a personas entre 40 y 60 a\u00f1os a partir de diciembre<\/strong>.<\/p>\n<p>La cifra de contagios registrada implica un abrupto incremento de m\u00e1s de 1.800 casos respecto de los 6.032 contabilizados el d\u00eda anterior.<\/p>\n<p>La regi\u00f3n m\u00e1s afectada sigue siendo la de Lombard\u00eda, con 1.073 casos, seguida por V\u00e9neto con 931 y Campania con 841.<\/p>\n<p>Durante la jornada, las autoridades sanitarias dieron de alta a 5.319 pacientes, una cifra inferior a la de los nuevos enfermos, con lo cual las infecciones activas crecieron hasta 102.859.<\/p>\n<p>Adem\u00e1s, <strong>el ministerio inform\u00f3 que hubo 60 muertes<\/strong>, lo que marc\u00f3 un leve descenso respecto de los 68 de las 24 horas previas, seg\u00fan la agencia de noticias Sputnik.<\/p>\n<p>Desde el inicio de la pandemia en febrero de 2021, el pa\u00eds acumulaba 4.826.738 infecciones y 132.551 fallecimientos.<\/p>\n<figure class=\"mb-3\"><img data-src=\"http:\/\/cordobadirecto.com\/wp-content\/uploads\/2021\/11\/italia-registra-un-nuevo-record-de-casos-diarios-en-cuatro-meses-1.jpg\" src=\"https:\/\/www.telam.com.ar\/assets\/img\/not_image.png\" class=\" lazy \" alt=\"El ministro de Salud Roberto Speranza anunci una tercera dosis para las edades entre 40 y 60 Foto Archivo\"><figcaption> El ministro de Salud, Roberto Speranza, anunci\u00f3 una tercera dosis para las edades entre 40 y 60. Foto: Archivo <\/figcaption><\/figure>\n<p><br open>A su vez, el total de las dosis suministradas en el marco de la campa\u00f1a de vacunaci\u00f3n se acercaba a 91,3 millones, mientras los italianos con <strong>la pauta completa ya son m\u00e1s de 45,2 millones, es decir el 83,8% de<\/strong> la poblaci\u00f3n mayor de 12 a\u00f1os.<\/p>\n<p>M\u00e1s tarde, <strong>Speranza defendi\u00f3 la necesidad de suministrar una tercera dosis a personas entre 40 y 60 a\u00f1os<\/strong> a partir de diciembre.<\/p>\n<p><strong>&#8220;Una tercera dosis es absolutamente estrat\u00e9gica para avanzar en la campa\u00f1a de vacunaci\u00f3n&#8221;,<\/strong> expuso el funcionario en una exposici\u00f3n ante la C\u00e1mara de Diputados.<\/p>\n<p>Agreg\u00f3 que se trata de una medida que de tomar m\u00e1s pa\u00edses facilitar\u00e1 el control de los posibles brotes previstos para oto\u00f1o e invierno, rese\u00f1\u00f3 la agencia Europa Press. <\/p>\n","protected":false},"excerpt":{"rendered":"<p>A pesar de que el 83,8% de la poblaci\u00f3n mayor de 12 a\u00f1os se encuentra con doble dosis, aumentan las infecciones. Foto: Archivo Italia registr\u00f3 7.891 nuevos casos de coronavirus en las las \u00faltimas 24 horas, la cifra m\u00e1s alta desde el 27 de agosto, mientras se enfrenta a un aumento sostenido de contagios inform\u00f3 [&hellip;]<\/p>\n","protected":false},"author":1,"featured_media":27494,"comment_status":"closed","ping_status":"closed","sticky":false,"template":"","format":"standard","meta":[],"categories":[24],"tags":[],"_links":{"self":[{"href":"http:\/\/cordobadirecto.com\/index.php\/wp-json\/wp\/v2\/posts\/27493"}],"collection":[{"href":"http:\/\/cordobadirecto.com\/index.php\/wp-json\/wp\/v2\/posts"}],"about":[{"href":"http:\/\/cordobadirecto.com\/index.php\/wp-json\/wp\/v2\/types\/post"}],"author":[{"embeddable":true,"href":"http:\/\/cordobadirecto.com\/index.php\/wp-json\/wp\/v2\/users\/1"}],"replies":[{"embeddable":true,"href":"http:\/\/cordobadirecto.com\/index.php\/wp-json\/wp\/v2\/comments?post=27493"}],"version-history":[{"count":0,"href":"http:\/\/cordobadirecto.com\/index.php\/wp-json\/wp\/v2\/posts\/27493\/revisions"}],"wp:featuredmedia":[{"embeddable":true,"href":"http:\/\/cordobadirecto.com\/index.php\/wp-json\/wp\/v2\/media\/27494"}],"wp:attachment":[{"href":"http:\/\/cordobadirecto.com\/index.php\/wp-json\/wp\/v2\/media?parent=27493"}],"wp:term":[{"taxonomy":"category","embeddable":true,"href":"http:\/\/cordobadirecto.com\/index.php\/wp-json\/wp\/v2\/categories?post=27493"},{"taxonomy":"post_tag","embeddable":true,"href":"http:\/\/cordobadirecto.com\/index.php\/wp-json\/wp\/v2\/tags?post=27493"}],"curies":[{"name":"wp","href":"https:\/\/api.w.org\/{rel}","templated":true}]}}