{"id":27502,"date":"2021-11-09T15:09:39","date_gmt":"2021-11-09T15:09:39","guid":{"rendered":"https:\/\/cordoba.gob.ar\/?p=15824"},"modified":"2021-11-09T15:09:39","modified_gmt":"2021-11-09T15:09:39","slug":"la-natacion-adaptada-tuvo-su-gran-torneo-en-el-polideportivo-general-paz","status":"publish","type":"post","link":"http:\/\/cordobadirecto.com\/index.php\/2021\/11\/09\/la-natacion-adaptada-tuvo-su-gran-torneo-en-el-polideportivo-general-paz\/","title":{"rendered":"La nataci\u00f3n adaptada tuvo su gran torneo en el Polideportivo General Paz"},"content":{"rendered":"<div><img src=\"http:\/\/cordobadirecto.com\/wp-content\/uploads\/2021\/11\/la-natacion-adaptada-tuvo-su-gran-torneo-en-el-polideportivo-general-paz.jpg\" class=\"ff-og-image-inserted\"><\/div>\n<ul>\n<li><strong>Participaron m\u00e1s de 100 nadadores de C\u00f3rdoba y de otras provincias.<\/strong><\/li>\n<li><strong>La Municipalidad de C\u00f3rdoba facilit\u00f3 las instalaciones del Polideportivo General Paz y la log\u00edstica para la realizaci\u00f3n del evento.<\/strong><\/li>\n<\/ul>\n<hr>\n<p>El Polideportivo Municipal General Paz fue el escenario elegido para disputar el 15\u00ba torneo Centro de la Rep\u00fablica de nataci\u00f3n adaptada, que se llev\u00f3 adelante el pasado s\u00e1bado 6 de noviembre.<\/p>\n<p>El torneo fue organizado por el CIN (Centro Integral de Nataci\u00f3n) y cont\u00f3 con el apoyo de la Subsecretar\u00eda de Deporte y Recreaci\u00f3n, dependiente de la Secretar\u00eda de Gobierno.<\/p>\n<p>Participaron m\u00e1s de 100 nadadores representando a delegaciones del interior cordob\u00e9s y de otras provincias.<\/p>\n<p>La Municipalidad de C\u00f3rdoba present\u00f3 un equipo, pero adem\u00e1s ayud\u00f3 con la log\u00edstica del evento al facilitar las instalaciones del Polideportivo General Paz, el personal guardavida, los cronometristas, el servicio m\u00e9dico y tres copas para la premiaci\u00f3n.<\/p>\n<p>Puestos finales: 1\u00ba) Agencia C\u00f3rdoba Deportes; 2\u00ba) CIN; 3\u00ba) Municipalidad de C\u00f3rdoba compartido con CEMAI (Centro de Movimiento Adaptado e inclusivo).<\/p>\n<p>El equipo de la Municipalidad de C\u00f3rdoba, dirigido por el profesor Gonzalo Frutos, estuvo integrado por Emiliano Videla, Luciana Britos, Candela Lupo, Vanina Vergara, Federico Colombo, Soledad Rivero y Jorge Teruel.<\/p>\n<p>Para el torneo del pr\u00f3ximo a\u00f1o se extender\u00e1n invitaciones a equipos de pa\u00edses lim\u00edtrofes, quienes podr\u00e1n sumarse a Uruguay, un asiduo asistente a esta competencia.<\/p>\n","protected":false},"excerpt":{"rendered":"<p>Participaron m\u00e1s de 100 nadadores de C\u00f3rdoba y de otras provincias. La Municipalidad de C\u00f3rdoba facilit\u00f3 las instalaciones del Polideportivo General Paz y la log\u00edstica para la realizaci\u00f3n del evento. El Polideportivo Municipal General Paz fue el escenario elegido para disputar el 15\u00ba torneo Centro de la Rep\u00fablica de nataci\u00f3n adaptada, que se llev\u00f3 adelante [&hellip;]<\/p>\n","protected":false},"author":1,"featured_media":27503,"comment_status":"closed","ping_status":"closed","sticky":false,"template":"","format":"standard","meta":[],"categories":[44],"tags":[],"_links":{"self":[{"href":"http:\/\/cordobadirecto.com\/index.php\/wp-json\/wp\/v2\/posts\/27502"}],"collection":[{"href":"http:\/\/cordobadirecto.com\/index.php\/wp-json\/wp\/v2\/posts"}],"about":[{"href":"http:\/\/cordobadirecto.com\/index.php\/wp-json\/wp\/v2\/types\/post"}],"author":[{"embeddable":true,"href":"http:\/\/cordobadirecto.com\/index.php\/wp-json\/wp\/v2\/users\/1"}],"replies":[{"embeddable":true,"href":"http:\/\/cordobadirecto.com\/index.php\/wp-json\/wp\/v2\/comments?post=27502"}],"version-history":[{"count":0,"href":"http:\/\/cordobadirecto.com\/index.php\/wp-json\/wp\/v2\/posts\/27502\/revisions"}],"wp:featuredmedia":[{"embeddable":true,"href":"http:\/\/cordobadirecto.com\/index.php\/wp-json\/wp\/v2\/media\/27503"}],"wp:attachment":[{"href":"http:\/\/cordobadirecto.com\/index.php\/wp-json\/wp\/v2\/media?parent=27502"}],"wp:term":[{"taxonomy":"category","embeddable":true,"href":"http:\/\/cordobadirecto.com\/index.php\/wp-json\/wp\/v2\/categories?post=27502"},{"taxonomy":"post_tag","embeddable":true,"href":"http:\/\/cordobadirecto.com\/index.php\/wp-json\/wp\/v2\/tags?post=27502"}],"curies":[{"name":"wp","href":"https:\/\/api.w.org\/{rel}","templated":true}]}}