{"id":27914,"date":"2021-11-14T06:35:47","date_gmt":"2021-11-14T06:35:47","guid":{"rendered":"https:\/\/www.bbc.com\/mundo\/noticias-internacional-59278657"},"modified":"2021-11-14T06:35:47","modified_gmt":"2021-11-14T06:35:47","slug":"cop26-los-avances-y-las-sombras-que-deja-el-nuevo-acuerdo-mundial-por-el-cambio-climatico","status":"publish","type":"post","link":"http:\/\/cordobadirecto.com\/index.php\/2021\/11\/14\/cop26-los-avances-y-las-sombras-que-deja-el-nuevo-acuerdo-mundial-por-el-cambio-climatico\/","title":{"rendered":"COP26: los avances (y las sombras) que deja el nuevo acuerdo mundial por el cambio clim\u00e1tico"},"content":{"rendered":"<div dir=\"ltr\" class=\"e1j2237y5 bbc-q4ibpr e57qer20\">\n<div class=\"bbc-1atl7vu e1c9i7u14\">\n<ul role=\"list\" class=\"bbc-k0l9bd e1c9i7u12\">\n<li role=\"listitem\" class=\"bbc-1a3w4ok e1c9i7u11\">Matt McGrath <\/li>\n<li role=\"listitem\" class=\"bbc-1p92jtu e1c9i7u10\">Corresponsal de Medio Ambiente BBC<\/li>\n<\/ul>\n<\/div>\n<\/div>\n<p><time datetime=\"2021-11-14\" class=\"bbc-14xtggo e4zesg50\">33 minutos<\/time><\/p>\n<div dir=\"ltr\" class=\"bbc-1ka88fa e57qer20\">\n<figure class=\"bbc-1qdcvv9 e6bmn90\">\n<div dir=\"ltr\" class=\"bbc-172p16q e57qer20\">\n<div dir=\"ltr\" class=\"bbc-189y18v e57qer20\" readability=\"6.5\">\n<div data-e2e=\"image-placeholder\" class=\"bbc-997y1y e1whu0\" readability=\"8\"><img loading=\"lazy\" srcset=\"http:\/\/cordobadirecto.com\/wp-content\/uploads\/2021\/11\/cop26-los-avances-y-las-sombras-que-deja-el-nuevo-acuerdo-mundial-por-el-cambio-climatico-6.jpg 240w, http:\/\/cordobadirecto.com\/wp-content\/uploads\/2021\/11\/cop26-los-avances-y-las-sombras-que-deja-el-nuevo-acuerdo-mundial-por-el-cambio-climatico-7.jpg 320w, http:\/\/cordobadirecto.com\/wp-content\/uploads\/2021\/11\/cop26-los-avances-y-las-sombras-que-deja-el-nuevo-acuerdo-mundial-por-el-cambio-climatico-8.jpg 480w, http:\/\/cordobadirecto.com\/wp-content\/uploads\/2021\/11\/cop26-los-avances-y-las-sombras-que-deja-el-nuevo-acuerdo-mundial-por-el-cambio-climatico-9.jpg 624w, http:\/\/cordobadirecto.com\/wp-content\/uploads\/2021\/11\/cop26-los-avances-y-las-sombras-que-deja-el-nuevo-acuerdo-mundial-por-el-cambio-climatico-10.jpg 800w\" alt=\"Manifestaci\u00f3n cerca de la conferencia de la COP, en apoyo de las v\u00edctimas de las exploraciones petrol\u00edferas\" src=\"http:\/\/cordobadirecto.com\/wp-content\/uploads\/2021\/11\/cop26-los-avances-y-las-sombras-que-deja-el-nuevo-acuerdo-mundial-por-el-cambio-climatico.jpg\" sizes=\"(min-width: 1008px) 645px, 100vw\" width=\"976\" height=\"549\" class=\"eehpdyc0 bbc-100dhyn e1enwo3v0\"><\/p>\n<p role=\"text\" class=\"bbc-1s1cxbv etq3yw90\"><span class=\"bbc-1gnhmg2 e1yt7oin0\">Fuente de la imagen, <\/span><span lang=\"en-GB\">Reuters<\/span><\/p>\n<\/div>\n<\/div>\n<div dir=\"ltr\" class=\"bbc-3edg7g e57qer20\" readability=\"6.5\"><figcaption dir=\"ltr\" class=\"bbc-1t9zlwf eede9f50\" readability=\"3\"><span class=\"bbc-1gnhmg2 e1yt7oin0\">Pie de foto, <\/span><\/p>\n<p>Manifestaci\u00f3n cerca de la conferencia de la COP26 en apoyo de las v\u00edctimas de las exploraciones petrol\u00edferas<\/p>\n<\/figcaption><\/div>\n<\/div>\n<\/figure>\n<\/div>\n<div dir=\"ltr\" class=\"bbc-19j92fr e57qer20\" readability=\"9\">\n<p dir=\"ltr\" class=\"bbc-bm53ic e1cc2ql70\"><b>Aunque el Pacto Clim\u00e1tico de Glasgow es un ambicioso intento de frenar el aumento de las temperaturas en el planeta, la disputa de \u00faltima hora sobre el carb\u00f3n trajo sombras al acuerdo.<\/b><\/p>\n<\/div>\n<div dir=\"ltr\" class=\"bbc-19j92fr e57qer20\" readability=\"10\">\n<p dir=\"ltr\" class=\"bbc-bm53ic e1cc2ql70\">India, apoyada por China, presion\u00f3 para que se diluyera ese compromiso clave. La petici\u00f3n espec\u00edfica fue cambiar en el documento la frase &#8220;eliminaci\u00f3n progresiva&#8221; por <b>&#8220;reducci\u00f3n progresiva&#8221;<\/b>.<\/p>\n<\/div>\n<div dir=\"ltr\" class=\"bbc-19j92fr e57qer20\" readability=\"10\">\n<p dir=\"ltr\" class=\"bbc-bm53ic e1cc2ql70\">Esa, sin duda, fue una demostraci\u00f3n descarada de fuerza geopol\u00edtica que dej\u00f3 a los pa\u00edses en desarrollo y a los Estados insulares con pocas opciones fuera de aceptar los cambios.<\/p>\n<\/div>\n<div dir=\"ltr\" class=\"bbc-19j92fr e57qer20\" readability=\"11\">\n<p dir=\"ltr\" class=\"bbc-bm53ic e1cc2ql70\">El nuevo pacto llega pocos d\u00edas despu\u00e9s de otro notable logro chino, pues el mi\u00e9rcoles pasado, la agencia de noticias Xinhua anunci\u00f3 que el pa\u00eds hab\u00eda producido m\u00e1s carb\u00f3n que nunca en un solo d\u00eda.<\/p>\n<\/div>\n<div dir=\"ltr\" class=\"bbc-19j92fr e57qer20\" readability=\"10\">\n<p dir=\"ltr\" class=\"bbc-bm53ic e1cc2ql70\">De acuerdo con el informe, solo ese d\u00eda se extrajeron unas <b>12 millones de toneladas<\/b> del material cuyo consumo representar\u00e1 emisiones de di\u00f3xido de carbono aproximadamente equivalentes a las que produce Irlanda durante todo un a\u00f1o.<\/p>\n<\/div>\n<div dir=\"ltr\" class=\"bbc-19j92fr e57qer20\" readability=\"7\">\n<p dir=\"ltr\" class=\"bbc-bm53ic e1cc2ql70\">Esta es la realidad del carbono que llega a nuestra atm\u00f3sfera cada d\u00eda.<\/p>\n<\/div>\n<div dir=\"ltr\" class=\"bbc-19j92fr e57qer20\" readability=\"10\">\n<p dir=\"ltr\" class=\"bbc-bm53ic e1cc2ql70\">Visto as\u00ed, el acuerdo alcanzado el s\u00e1bado tras largas negociaciones, parece <b>un<\/b><b>a<\/b><b> simple <\/b><b>curita <\/b>ante la profunda herida que amenaza la vida en el planeta.<\/p>\n<\/div>\n<div dir=\"ltr\" class=\"bbc-19j92fr e57qer20\" readability=\"11\">\n<p dir=\"ltr\" class=\"bbc-bm53ic e1cc2ql70\">No obstante, los negociadores que trabajaron d\u00eda y noche para alcanzar el pacto no estar\u00edan, en lo absoluto, de acuerdo con esta valoraci\u00f3n.<\/p>\n<\/div>\n<div dir=\"ltr\" class=\"bbc-1ka88fa e57qer20\">\n<figure class=\"bbc-1qdcvv9 e6bmn90\">\n<div dir=\"ltr\" class=\"bbc-172p16q e57qer20\">\n<div dir=\"ltr\" class=\"bbc-189y18v e57qer20\" readability=\"6.5\">\n<div data-e2e=\"image-placeholder\" class=\"bbc-997y1y e1whu0\" readability=\"8\"><noscript><img loading=\"lazy\" srcset=\"http:\/\/cordobadirecto.com\/wp-content\/uploads\/2021\/11\/cop26-los-avances-y-las-sombras-que-deja-el-nuevo-acuerdo-mundial-por-el-cambio-climatico-11.jpg 240w, http:\/\/cordobadirecto.com\/wp-content\/uploads\/2021\/11\/cop26-los-avances-y-las-sombras-que-deja-el-nuevo-acuerdo-mundial-por-el-cambio-climatico-12.jpg 320w, http:\/\/cordobadirecto.com\/wp-content\/uploads\/2021\/11\/cop26-los-avances-y-las-sombras-que-deja-el-nuevo-acuerdo-mundial-por-el-cambio-climatico-13.jpg 480w, http:\/\/cordobadirecto.com\/wp-content\/uploads\/2021\/11\/cop26-los-avances-y-las-sombras-que-deja-el-nuevo-acuerdo-mundial-por-el-cambio-climatico-14.jpg 624w, http:\/\/cordobadirecto.com\/wp-content\/uploads\/2021\/11\/cop26-los-avances-y-las-sombras-que-deja-el-nuevo-acuerdo-mundial-por-el-cambio-climatico-15.jpg 800w\" alt=\"Presidente de la COP26, Alok Sharma\" src=\"http:\/\/cordobadirecto.com\/wp-content\/uploads\/2021\/11\/cop26-los-avances-y-las-sombras-que-deja-el-nuevo-acuerdo-mundial-por-el-cambio-climatico-1.jpg\" sizes=\"(min-width: 1008px) 645px, 100vw\" width=\"976\" height=\"549\" class=\"eehpdyc0 bbc-100dhyn e1enwo3v0\"><\/noscript><\/p>\n<p role=\"text\" class=\"bbc-1s1cxbv etq3yw90\"><span class=\"bbc-1gnhmg2 e1yt7oin0\">Fuente de la imagen, <\/span><span lang=\"en-GB\">Getty Images<\/span><\/p>\n<\/div>\n<\/div>\n<\/div>\n<\/figure>\n<\/div>\n<p><h2 id=\"Avances\" tabindex=\"-1\" class=\"bbc-l3e97o e14hemmw0\">Avances<\/h2>\n<\/p>\n<div dir=\"ltr\" class=\"bbc-19j92fr e57qer20\" readability=\"8\">\n<p dir=\"ltr\" class=\"bbc-bm53ic e1cc2ql70\">El acuerdo final es bastante progresista y prev\u00e9 que los pa\u00edses vuelvan a presentar planes reforzados el a\u00f1o que viene.<\/p>\n<\/div>\n<div dir=\"ltr\" class=\"bbc-19j92fr e57qer20\" readability=\"9\">\n<p dir=\"ltr\" class=\"bbc-bm53ic e1cc2ql70\">Tambi\u00e9n, el texto se destaca por nombrar al carb\u00f3n como causa del problema <b>por primera vez en 30 a\u00f1os<\/b> de diplomacia de la ONU.<\/p>\n<\/div>\n<div dir=\"ltr\" class=\"bbc-19j92fr e57qer20\" readability=\"12\">\n<p dir=\"ltr\" class=\"bbc-bm53ic e1cc2ql70\">En \u00e9l hay adem\u00e1s una duplicaci\u00f3n significativa de los fondos para ayudar a los pa\u00edses pobres a adaptarse a los impactos del cambio clim\u00e1tico, as\u00ed como la perspectiva de un fondo nuevo con US$1 bill\u00f3n al a\u00f1o a partir de 2025, en comparaci\u00f3n con el objetivo actual de US$100.000 millones al a\u00f1o.<\/p>\n<\/div>\n<div dir=\"ltr\" class=\"bbc-19j92fr e57qer20\" readability=\"10\">\n<p dir=\"ltr\" class=\"bbc-bm53ic e1cc2ql70\">Los observadores tambi\u00e9n afirman que existe el <b>&#8220;inicio de un avance&#8221;<\/b> en la cuesti\u00f3n clave de las <b>&#8220;p\u00e9rdidas y los da\u00f1os&#8221;<\/b>, el mecanismo firmado en 2013 que establece que los pa\u00edses m\u00e1s ricos deben compensar a los m\u00e1s pobres por los efectos del cambio clim\u00e1tico a los que no pueden adaptarse. <\/p>\n<\/div>\n<div dir=\"ltr\" class=\"bbc-1ka88fa e57qer20\">\n<figure class=\"bbc-1qdcvv9 e6bmn90\">\n<div dir=\"ltr\" class=\"bbc-172p16q e57qer20\">\n<div dir=\"ltr\" class=\"bbc-189y18v e57qer20\" readability=\"6.5\">\n<div data-e2e=\"image-placeholder\" class=\"bbc-997y1y e1whu0\" readability=\"8\"><noscript><img loading=\"lazy\" srcset=\"http:\/\/cordobadirecto.com\/wp-content\/uploads\/2021\/11\/cop26-los-avances-y-las-sombras-que-deja-el-nuevo-acuerdo-mundial-por-el-cambio-climatico-16.jpg 240w, http:\/\/cordobadirecto.com\/wp-content\/uploads\/2021\/11\/cop26-los-avances-y-las-sombras-que-deja-el-nuevo-acuerdo-mundial-por-el-cambio-climatico-17.jpg 320w, http:\/\/cordobadirecto.com\/wp-content\/uploads\/2021\/11\/cop26-los-avances-y-las-sombras-que-deja-el-nuevo-acuerdo-mundial-por-el-cambio-climatico-18.jpg 480w, http:\/\/cordobadirecto.com\/wp-content\/uploads\/2021\/11\/cop26-los-avances-y-las-sombras-que-deja-el-nuevo-acuerdo-mundial-por-el-cambio-climatico-19.jpg 624w, http:\/\/cordobadirecto.com\/wp-content\/uploads\/2021\/11\/cop26-los-avances-y-las-sombras-que-deja-el-nuevo-acuerdo-mundial-por-el-cambio-climatico-20.jpg 800w\" alt=\"Ministo del Medio Ambiente de India, Bhupender Yadav\" src=\"http:\/\/cordobadirecto.com\/wp-content\/uploads\/2021\/11\/cop26-los-avances-y-las-sombras-que-deja-el-nuevo-acuerdo-mundial-por-el-cambio-climatico-2.jpg\" sizes=\"(min-width: 1008px) 645px, 100vw\" width=\"976\" height=\"549\" class=\"eehpdyc0 bbc-100dhyn e1enwo3v0\"><\/noscript><\/p>\n<p role=\"text\" class=\"bbc-1s1cxbv etq3yw90\"><span class=\"bbc-1gnhmg2 e1yt7oin0\">Fuente de la imagen, <\/span><span lang=\"en-GB\">Getty Images<\/span><\/p>\n<\/div>\n<\/div>\n<div dir=\"ltr\" class=\"bbc-3edg7g e57qer20\" readability=\"6\"><figcaption dir=\"ltr\" class=\"bbc-1t9zlwf eede9f50\" readability=\"2\"><span class=\"bbc-1gnhmg2 e1yt7oin0\">Pie de foto, <\/span><\/p>\n<p>India pidi\u00f3 cambios en el texto relacionados con el carb\u00f3n.<\/p>\n<\/figcaption><\/div>\n<\/div>\n<\/figure>\n<\/div>\n<p><h2 id=\"Sombras\" tabindex=\"-1\" class=\"bbc-l3e97o e14hemmw0\">Sombras<\/h2>\n<\/p>\n<div dir=\"ltr\" class=\"bbc-19j92fr e57qer20\" readability=\"8\">\n<p dir=\"ltr\" class=\"bbc-bm53ic e1cc2ql70\">Pese a estas luces de esperanza, el acuerdo tambi\u00e9n presenta algunas deficiencias importantes.<\/p>\n<\/div>\n<div dir=\"ltr\" class=\"bbc-19j92fr e57qer20\" readability=\"9\">\n<p dir=\"ltr\" class=\"bbc-bm53ic e1cc2ql70\">Una de ellas son las <b>cl\u00e1usulas enga\u00f1osas <\/b>que permitir\u00e1n a algunos pa\u00edses evitar la actualizaci\u00f3n de sus planes de reducci\u00f3n de emisiones en funci\u00f3n de las &#8220;diferentes circunstancias nacionales&#8221;.<\/p>\n<\/div>\n<div dir=\"ltr\" class=\"bbc-19j92fr e57qer20\" readability=\"10\">\n<p dir=\"ltr\" class=\"bbc-bm53ic e1cc2ql70\">Existe la preocupaci\u00f3n de que algunas de las mayores econom\u00edas en desarrollo, como India y China, utilicen esta cl\u00e1usula para evadan la actualizaci\u00f3n de sus planes el a\u00f1o que viene.<\/p>\n<\/div>\n<div dir=\"ltr\" class=\"bbc-1ka88fa e57qer20\">\n<figure class=\"bbc-1qdcvv9 e6bmn90\">\n<div dir=\"ltr\" class=\"bbc-172p16q e57qer20\">\n<div dir=\"ltr\" class=\"bbc-189y18v e57qer20\">\n<div data-e2e=\"image-placeholder\" class=\"bbc-997y1y e1whu0\"><noscript><img loading=\"lazy\" srcset=\"http:\/\/cordobadirecto.com\/wp-content\/uploads\/2021\/11\/cop26-los-avances-y-las-sombras-que-deja-el-nuevo-acuerdo-mundial-por-el-cambio-climatico-21.jpg 240w, http:\/\/cordobadirecto.com\/wp-content\/uploads\/2021\/11\/cop26-los-avances-y-las-sombras-que-deja-el-nuevo-acuerdo-mundial-por-el-cambio-climatico-22.jpg 320w, http:\/\/cordobadirecto.com\/wp-content\/uploads\/2021\/11\/cop26-los-avances-y-las-sombras-que-deja-el-nuevo-acuerdo-mundial-por-el-cambio-climatico-23.jpg 480w, http:\/\/cordobadirecto.com\/wp-content\/uploads\/2021\/11\/cop26-los-avances-y-las-sombras-que-deja-el-nuevo-acuerdo-mundial-por-el-cambio-climatico-24.jpg 624w, http:\/\/cordobadirecto.com\/wp-content\/uploads\/2021\/11\/cop26-los-avances-y-las-sombras-que-deja-el-nuevo-acuerdo-mundial-por-el-cambio-climatico-25.jpg 800w\" alt=\"Miembros de las delegaciones de India y China en la sesi\u00f3n plenaria del \u00faltimo d\u00eda de la COP26\" src=\"http:\/\/cordobadirecto.com\/wp-content\/uploads\/2021\/11\/cop26-los-avances-y-las-sombras-que-deja-el-nuevo-acuerdo-mundial-por-el-cambio-climatico-3.jpg\" sizes=\"(min-width: 1008px) 645px, 100vw\" width=\"976\" height=\"549\" class=\"eehpdyc0 bbc-100dhyn e1enwo3v0\"><\/noscript><\/p>\n<p role=\"text\" class=\"bbc-1s1cxbv etq3yw90\"><span class=\"bbc-1gnhmg2 e1yt7oin0\">Fuente de la imagen, <\/span><span lang=\"en-GB\">EPA<\/span><\/p>\n<\/div>\n<\/div>\n<div dir=\"ltr\" class=\"bbc-3edg7g e57qer20\" readability=\"7\"><figcaption dir=\"ltr\" class=\"bbc-1t9zlwf eede9f50\" readability=\"4\"><span class=\"bbc-1gnhmg2 e1yt7oin0\">Pie de foto, <\/span><\/p>\n<p>Miembros de las delegaciones de India y China el \u00faltimo d\u00eda &#8211; en los \u00faltimos momentos, los dos pa\u00edses presionaron para diluir el acuerdo<\/p>\n<\/figcaption><\/div>\n<\/div>\n<\/figure>\n<\/div>\n<div dir=\"ltr\" class=\"bbc-19j92fr e57qer20\" readability=\"8\">\n<p dir=\"ltr\" class=\"bbc-bm53ic e1cc2ql70\">A los pa\u00edses que est\u00e1n en primera l\u00ednea todav\u00eda se les hace demasiado hincapi\u00e9 en la reducci\u00f3n de las emisiones de carbono a expensas de ayudarles a adaptarse a un clima cambiante.<\/p>\n<\/div>\n<div dir=\"ltr\" class=\"bbc-19j92fr e57qer20\" readability=\"7\">\n<p dir=\"ltr\" class=\"bbc-bm53ic e1cc2ql70\">Algunas de las promesas del mundo real que se firmaron aqu\u00ed iban m\u00e1s all\u00e1 de una broma.<\/p>\n<\/div>\n<div dir=\"ltr\" class=\"bbc-19j92fr e57qer20\" readability=\"10\">\n<p dir=\"ltr\" class=\"bbc-bm53ic e1cc2ql70\">Corea del Sur fue nombrada como un pa\u00eds que deb\u00eda abandonar el carb\u00f3n en la d\u00e9cada de <b>2030<\/b>, pero el gobierno de Se\u00fal se\u00f1al\u00f3 t\u00edmidamente una cl\u00e1usula en el compromiso que dec\u00eda &#8220;en la d\u00e9cada de 2030 o tan pronto como sea posible despu\u00e9s&#8221; para decir que dejar\u00e1n de quemar carb\u00f3n en 2049.<\/p>\n<\/div>\n<div dir=\"ltr\" class=\"bbc-19j92fr e57qer20\" readability=\"12\">\n<p dir=\"ltr\" class=\"bbc-bm53ic e1cc2ql70\">En la misma l\u00ednea, el lanzamiento de una iniciativa mundial para abandonar los motores de <b>gasolina y di\u00e9sel<\/b> fue un fracaso debido a que los principales pa\u00edses automovil\u00edsticos, como Alemania y Estados Unidos, no se adhirieron.<\/p>\n<\/div>\n<p><h2 id=\"El-objetivo-de-15-grados\" tabindex=\"-1\" class=\"bbc-l3e97o e14hemmw0\">El objetivo de 1,5 grados<\/h2>\n<\/p>\n<div dir=\"ltr\" class=\"bbc-19j92fr e57qer20\" readability=\"10\">\n<p dir=\"ltr\" class=\"bbc-bm53ic e1cc2ql70\">Pero la principal pregunta que surge es si el paquete global acordado en Glasgow evitar\u00e1 que el mundo se caliente m\u00e1s de 1,5 grados, el objetivo declarado de la COP26.<\/p>\n<\/div>\n<div dir=\"ltr\" class=\"bbc-19j92fr e57qer20\" readability=\"10\">\n<p dir=\"ltr\" class=\"bbc-bm53ic e1cc2ql70\">Y aunque esa respuesta no la tenemos todav\u00eda, podemos pensar con certeza que el texto ayudar\u00e1 a reavivar el <b>sentido de la colaboraci\u00f3n internacional <\/b>muy da\u00f1ado en los \u00faltimos a\u00f1os por las tendencias nacionalistas en todo el mundo.<\/p>\n<\/div>\n<div dir=\"ltr\" class=\"bbc-19j92fr e57qer20\" readability=\"13\">\n<p dir=\"ltr\" class=\"bbc-bm53ic e1cc2ql70\">En \u00faltima instancia, este pacto \u2014por defectuoso y tard\u00edo que sea\u2014 mantiene viva la llama de la esperanza de que las temperaturas puedan mantenerse bajo control este siglo, entre <b>1,8 y 2,4 grados<\/b>.<\/p>\n<\/div>\n<div dir=\"ltr\" class=\"bbc-19j92fr e57qer20\" readability=\"11\">\n<p dir=\"ltr\" class=\"bbc-bm53ic e1cc2ql70\">Pero, por otro lado, esa es una perspectiva aterradora en un mundo que ya se ha calentado algo m\u00e1s de la mitad de esa cantidad, con impactos masivos en todo el planeta.<\/p>\n<\/div>\n<div dir=\"ltr\" class=\"bbc-19j92fr e57qer20\" readability=\"10\">\n<p dir=\"ltr\" class=\"bbc-bm53ic e1cc2ql70\">La triste realidad, al igual que la producci\u00f3n r\u00e9cord de carb\u00f3n en China, es que<b> la atm\u00f3sfera s\u00f3lo responde a las emisiones<\/b> y no a las decisiones tomadas en una conferencia como la COP26.<\/p>\n<\/div>\n<div class=\"bbc-sffzb7 e8v25yx0\">\n<div dir=\"ltr\" class=\"bbc-1ka88fa e57qer20\">\n<figure class=\"bbc-1qdcvv9 e6bmn90\">\n<div dir=\"ltr\" class=\"bbc-172p16q e57qer20\">\n<div dir=\"ltr\" class=\"bbc-189y18v e57qer20\">\n<div data-e2e=\"image-placeholder\" class=\"bbc-997y1y e1whu0\"><noscript><img loading=\"lazy\" srcset=\"http:\/\/cordobadirecto.com\/wp-content\/uploads\/2021\/11\/cop26-los-avances-y-las-sombras-que-deja-el-nuevo-acuerdo-mundial-por-el-cambio-climatico-26.jpg 240w, http:\/\/cordobadirecto.com\/wp-content\/uploads\/2021\/11\/cop26-los-avances-y-las-sombras-que-deja-el-nuevo-acuerdo-mundial-por-el-cambio-climatico-27.jpg 320w, http:\/\/cordobadirecto.com\/wp-content\/uploads\/2021\/11\/cop26-los-avances-y-las-sombras-que-deja-el-nuevo-acuerdo-mundial-por-el-cambio-climatico-28.jpg 480w, http:\/\/cordobadirecto.com\/wp-content\/uploads\/2021\/11\/cop26-los-avances-y-las-sombras-que-deja-el-nuevo-acuerdo-mundial-por-el-cambio-climatico-29.jpg 624w, http:\/\/cordobadirecto.com\/wp-content\/uploads\/2021\/11\/cop26-los-avances-y-las-sombras-que-deja-el-nuevo-acuerdo-mundial-por-el-cambio-climatico-30.jpg 800w\" alt=\"More on Climate Change bottom strapline\" src=\"http:\/\/cordobadirecto.com\/wp-content\/uploads\/2021\/11\/cop26-los-avances-y-las-sombras-que-deja-el-nuevo-acuerdo-mundial-por-el-cambio-climatico-4.jpg\" sizes=\"(min-width: 1008px) 645px, 100vw\" width=\"1920\" height=\"30\" class=\"eehpdyc0 bbc-100dhyn e1enwo3v0\"><\/noscript><\/div>\n<\/div>\n<\/div>\n<\/figure>\n<\/div>\n<\/div>\n<div dir=\"ltr\" class=\"bbc-1ka88fa e57qer20\">\n<figure class=\"bbc-1qdcvv9 e6bmn90\">\n<div dir=\"ltr\" class=\"bbc-172p16q e57qer20\">\n<div dir=\"ltr\" class=\"bbc-189y18v e57qer20\">\n<div data-e2e=\"image-placeholder\" class=\"bbc-997y1y e1whu0\"><noscript><img loading=\"lazy\" srcset=\"http:\/\/cordobadirecto.com\/wp-content\/uploads\/2021\/11\/cop26-los-avances-y-las-sombras-que-deja-el-nuevo-acuerdo-mundial-por-el-cambio-climatico-26.jpg 240w, http:\/\/cordobadirecto.com\/wp-content\/uploads\/2021\/11\/cop26-los-avances-y-las-sombras-que-deja-el-nuevo-acuerdo-mundial-por-el-cambio-climatico-27.jpg 320w, http:\/\/cordobadirecto.com\/wp-content\/uploads\/2021\/11\/cop26-los-avances-y-las-sombras-que-deja-el-nuevo-acuerdo-mundial-por-el-cambio-climatico-28.jpg 480w, http:\/\/cordobadirecto.com\/wp-content\/uploads\/2021\/11\/cop26-los-avances-y-las-sombras-que-deja-el-nuevo-acuerdo-mundial-por-el-cambio-climatico-29.jpg 624w, http:\/\/cordobadirecto.com\/wp-content\/uploads\/2021\/11\/cop26-los-avances-y-las-sombras-que-deja-el-nuevo-acuerdo-mundial-por-el-cambio-climatico-30.jpg 800w\" alt=\"More on Climate Change bottom strapline\" src=\"http:\/\/cordobadirecto.com\/wp-content\/uploads\/2021\/11\/cop26-los-avances-y-las-sombras-que-deja-el-nuevo-acuerdo-mundial-por-el-cambio-climatico-4.jpg\" sizes=\"(min-width: 1008px) 645px, 100vw\" width=\"1920\" height=\"30\" class=\"eehpdyc0 bbc-100dhyn e1enwo3v0\"><\/noscript><\/div>\n<\/div>\n<\/div>\n<\/figure>\n<\/div>\n<div dir=\"ltr\" class=\"bbc-19j92fr e57qer20\" readability=\"8\">\n<p dir=\"ltr\" class=\"bbc-bm53ic e1cc2ql70\"><i class=\"bbc-h1y5j7 ewc4zcb0\">La imagen arriba es de<\/i><i class=\"bbc-h1y5j7 ewc4zcb0\"> Getty Images. <\/i><i class=\"bbc-h1y5j7 ewc4zcb0\">La visualizaci\u00f3n de colores representando el clima es cortes\u00eda del profesor <\/i><i class=\"bbc-h1y5j7 ewc4zcb0\">Ed Hawkins <\/i><i class=\"bbc-h1y5j7 ewc4zcb0\">y la universidad de<\/i><i class=\"bbc-h1y5j7 ewc4zcb0\"> Reading.<\/i><\/p>\n<\/div>\n<div dir=\"ltr\" class=\"bbc-1ka88fa e57qer20\">\n<figure class=\"bbc-1qdcvv9 e6bmn90\">\n<div dir=\"ltr\" class=\"bbc-172p16q e57qer20\">\n<div dir=\"ltr\" class=\"bbc-189y18v e57qer20\">\n<div data-e2e=\"image-placeholder\" class=\"bbc-997y1y e1whu0\"><noscript><img loading=\"lazy\" srcset=\"http:\/\/cordobadirecto.com\/wp-content\/uploads\/2021\/11\/cop26-los-avances-y-las-sombras-que-deja-el-nuevo-acuerdo-mundial-por-el-cambio-climatico-31.jpg 240w, http:\/\/cordobadirecto.com\/wp-content\/uploads\/2021\/11\/cop26-los-avances-y-las-sombras-que-deja-el-nuevo-acuerdo-mundial-por-el-cambio-climatico-32.jpg 320w, http:\/\/cordobadirecto.com\/wp-content\/uploads\/2021\/11\/cop26-los-avances-y-las-sombras-que-deja-el-nuevo-acuerdo-mundial-por-el-cambio-climatico-33.jpg 464w\" alt=\"line\" src=\"http:\/\/cordobadirecto.com\/wp-content\/uploads\/2021\/11\/cop26-los-avances-y-las-sombras-que-deja-el-nuevo-acuerdo-mundial-por-el-cambio-climatico-5.jpg\" sizes=\"(min-width: 1008px) 645px, 100vw\" width=\"464\" height=\"2\" class=\"eehpdyc0 bbc-100dhyn e1enwo3v0\"><\/noscript><\/div>\n<\/div>\n<\/div>\n<\/figure>\n<\/div>\n<div dir=\"ltr\" class=\"bbc-19j92fr e57qer20\" readability=\"8\">\n<p dir=\"ltr\" class=\"bbc-bm53ic e1cc2ql70\"><i class=\"bbc-h1y5j7 ewc4zcb0\">Ahora puedes recibir notificaciones de BBC Mundo. Descarga la nueva versi\u00f3n de nuestra app y act\u00edvalas para no perderte nuestro mejor contenido.<\/i><\/p>\n<\/div>\n","protected":false},"excerpt":{"rendered":"<p>Matt McGrath Corresponsal de Medio Ambiente BBC 33 minutos Fuente de la imagen, Reuters Pie de foto, Manifestaci\u00f3n cerca de la conferencia de la COP26 en apoyo de las v\u00edctimas de las exploraciones petrol\u00edferas Aunque el Pacto Clim\u00e1tico de Glasgow es un ambicioso intento de frenar el aumento de las temperaturas en el planeta, la [&hellip;]<\/p>\n","protected":false},"author":1,"featured_media":27915,"comment_status":"closed","ping_status":"closed","sticky":false,"template":"","format":"standard","meta":[],"categories":[24],"tags":[],"_links":{"self":[{"href":"http:\/\/cordobadirecto.com\/index.php\/wp-json\/wp\/v2\/posts\/27914"}],"collection":[{"href":"http:\/\/cordobadirecto.com\/index.php\/wp-json\/wp\/v2\/posts"}],"about":[{"href":"http:\/\/cordobadirecto.com\/index.php\/wp-json\/wp\/v2\/types\/post"}],"author":[{"embeddable":true,"href":"http:\/\/cordobadirecto.com\/index.php\/wp-json\/wp\/v2\/users\/1"}],"replies":[{"embeddable":true,"href":"http:\/\/cordobadirecto.com\/index.php\/wp-json\/wp\/v2\/comments?post=27914"}],"version-history":[{"count":0,"href":"http:\/\/cordobadirecto.com\/index.php\/wp-json\/wp\/v2\/posts\/27914\/revisions"}],"wp:featuredmedia":[{"embeddable":true,"href":"http:\/\/cordobadirecto.com\/index.php\/wp-json\/wp\/v2\/media\/27915"}],"wp:attachment":[{"href":"http:\/\/cordobadirecto.com\/index.php\/wp-json\/wp\/v2\/media?parent=27914"}],"wp:term":[{"taxonomy":"category","embeddable":true,"href":"http:\/\/cordobadirecto.com\/index.php\/wp-json\/wp\/v2\/categories?post=27914"},{"taxonomy":"post_tag","embeddable":true,"href":"http:\/\/cordobadirecto.com\/index.php\/wp-json\/wp\/v2\/tags?post=27914"}],"curies":[{"name":"wp","href":"https:\/\/api.w.org\/{rel}","templated":true}]}}