{"id":28049,"date":"2021-11-14T12:12:00","date_gmt":"2021-11-14T12:12:00","guid":{"rendered":"http:\/\/cordobadirecto.com\/index.php\/2021\/11\/14\/la-reina-isabel-ii-suspendio-su-asistencia-a-un-acto-por-un-problema-en-la-espalda\/"},"modified":"2021-11-14T12:12:00","modified_gmt":"2021-11-14T12:12:00","slug":"la-reina-isabel-ii-suspendio-su-asistencia-a-un-acto-por-un-problema-en-la-espalda","status":"publish","type":"post","link":"http:\/\/cordobadirecto.com\/index.php\/2021\/11\/14\/la-reina-isabel-ii-suspendio-su-asistencia-a-un-acto-por-un-problema-en-la-espalda\/","title":{"rendered":"La reina Isabel II suspendi\u00f3 su asistencia a un acto por un problema en la espalda"},"content":{"rendered":"<figure class=\"mb-3\"><img src=\"http:\/\/cordobadirecto.com\/wp-content\/uploads\/2021\/11\/la-reina-isabel-ii-suspendio-su-asistencia-a-un-acto-por-un-problema-en-la-espalda.jpg\" alt=\"Isabel II sucedi a su padre el rey Jorge VI en 1952 y el ao que viene cumplir 70 aos en el trono\"><figcaption> Isabel II sucedi\u00f3 a su padre, el rey Jorge VI, en 1952 y el a\u00f1o que viene cumplir\u00e1 70 a\u00f1os en el trono. <\/figcaption><\/figure>\n<p>La reina Isabel II de Inglaterra <strong>se torci\u00f3 la espalda<\/strong> y no asistir\u00e1 a un acto en Londres en homenaje a los brit\u00e1nicos ca\u00eddos en guerras, inform\u00f3 hoy el Palacio de Buckingham, <strong>reavivando temores por la salud<\/strong> de la anciana monarca.<\/p>\n<p>Se esperaba que el evento de hoy, uno de los m\u00e1s importantes del calendario oficial de la reina, de <strong>95 a\u00f1os<\/strong>, fuera su primera aparici\u00f3n p\u00fablica luego de haber cancelado otros actos en semanas recientes por consejo m\u00e9dico.<\/p>\n<p><strong>&#8220;La Reina, que se torci\u00f3 la espalda, decidi\u00f3 esta ma\u00f1ana con gran pesar que no podr\u00e1 asistir al servicio dominical del Recuerdo de hoy en el Cenotafio&#8221;<\/strong>, dijo el palacio en un comunicado.<\/p>\n<p>&#8220;Su Majestad est\u00e1 decepcionada por perderse el servicio&#8221;, a\u00f1adi\u00f3 el palacio, inform\u00f3 la agencia de noticias AFP.<\/p>\n<p>El palacio de Buckingham hab\u00eda informado hace tres d\u00edas que la monarca ten\u00eda la &#8220;intenci\u00f3n firme&#8221; de participar a la ceremonia, un homenaje a las v\u00edctimas de la guerra.<\/p>\n<blockquote class><p>El palacio de Buckingham hab\u00eda informado hace tres d\u00edas que la monarca ten\u00eda la &#8220;intenci\u00f3n firme&#8221; de participar a la ceremonia, un homenaje a las v\u00edctimas de la guerra.<\/p><\/blockquote>\n<p>Su participaci\u00f3n estaba prevista desde el balc\u00f3n del ministerio de Relaciones Exteriores en Londres.<\/p>\n<p>Obligada a guardar reposo por orden de sus m\u00e9dicos, <strong>la jefa de Estado del Reino Unido tuvo que anular su participaci\u00f3n en varios actos p\u00fablicos estas \u00faltimas semanas<\/strong>.<\/p>\n<p>Este domingo tambi\u00e9n, los m\u00e9dicos estimaron que no era razonable que se desplazara en coche y estuviera de pie durante la ceremonia.<\/p>\n<p>Su hijo y heredero al trono, el pr\u00edncipe Carlos, que hoy cumple 73 a\u00f1os, depositar\u00e1 una corona de flores en nombre de su madre en el Cenotafio, un monumento de guerra en el centro de Londres, como ha hecho desde 2017.<\/p>\n<p>Es precisamente a partir de esa fecha que Isabel II empez\u00f3 a confiar algunas de sus funciones a otros miembros de la Familia Real.<\/p>\n<blockquote class><p>El estado de salud de la reina preocupa a los brit\u00e1nicos<\/p><\/blockquote>\n<p>Durante una visita al barrio londinense de Brixton, la semana pasada, el pr\u00edncipe Carlos contest\u00f3 a una pregunta sobre el estado de salud de su madre: &#8220;Est\u00e1 bien&#8221;, dijo.<\/p>\n<p>El 20 de octubre, Isabel II acept\u00f3 &#8220;a rega\u00f1adientes&#8221; el consejo de sus m\u00e9dicos de guardar reposo durante unos d\u00edas.<\/p>\n<p>Un d\u00eda antes, particip\u00f3 de una recepci\u00f3n en el castillo de Windsor junto al primer ministro brit\u00e1nico, Boris Johnson, y al empresario estadounidense Bill Gates.<\/p>\n<p>Isabel II pas\u00f3 la noche siguiente en el hospital, su primera hospitalizaci\u00f3n desde 2013, para someterse a pruebas sobre las que no se dieron detalles.<\/p>\n<p>Las informaciones publicadas por la prensa avivaron las dudas sobre su salud, as\u00ed como las cr\u00edticas sobre la falta de transparencia del palacio de Buckingham.<\/p>\n<p>Los m\u00e9dicos aconsejaron a la reina prolongar su reposo y anular su participaci\u00f3n en varios actos p\u00fablicos.<\/p>\n<p>Por eso, Isabel II no asisti\u00f3 a la COP26, la conferencia mundial sobre el clima que tuvo lugar en Glasgow, Escocia.<\/p>\n<p>Los pr\u00edncipes Carlos y Guillermo representaron a la familia real. Tambi\u00e9n anul\u00f3 un viaje de dos d\u00edas a Irlanda del Norte.<\/p>\n<p><strong>Isabel II, cuyo esposo, el pr\u00edncipe Felipe, muri\u00f3 en abril a la edad de 99 a\u00f1os, fue vista recientemente caminando con un bast\u00f3n, un hecho que no se ve\u00eda desde 2004.<\/strong><\/p>\n<p>Pero tambi\u00e9n fue vista al volante de su Jaguar, en las tierras del castillo de Windsor, a 40 kil\u00f3metros de Londres, su lugar principal de residencia en este momento. La imagen tranquiliz\u00f3 a los brit\u00e1nicos.<\/p>\n<p>Isabel II sucedi\u00f3 a su padre, el rey Jorge VI, en 1952 y el a\u00f1o que viene cumplir\u00e1 70 a\u00f1os en el trono. <\/p>\n","protected":false},"excerpt":{"rendered":"<p>Isabel II sucedi\u00f3 a su padre, el rey Jorge VI, en 1952 y el a\u00f1o que viene cumplir\u00e1 70 a\u00f1os en el trono. La reina Isabel II de Inglaterra se torci\u00f3 la espalda y no asistir\u00e1 a un acto en Londres en homenaje a los brit\u00e1nicos ca\u00eddos en guerras, inform\u00f3 hoy el Palacio de Buckingham, [&hellip;]<\/p>\n","protected":false},"author":1,"featured_media":28050,"comment_status":"closed","ping_status":"closed","sticky":false,"template":"","format":"standard","meta":[],"categories":[24],"tags":[],"_links":{"self":[{"href":"http:\/\/cordobadirecto.com\/index.php\/wp-json\/wp\/v2\/posts\/28049"}],"collection":[{"href":"http:\/\/cordobadirecto.com\/index.php\/wp-json\/wp\/v2\/posts"}],"about":[{"href":"http:\/\/cordobadirecto.com\/index.php\/wp-json\/wp\/v2\/types\/post"}],"author":[{"embeddable":true,"href":"http:\/\/cordobadirecto.com\/index.php\/wp-json\/wp\/v2\/users\/1"}],"replies":[{"embeddable":true,"href":"http:\/\/cordobadirecto.com\/index.php\/wp-json\/wp\/v2\/comments?post=28049"}],"version-history":[{"count":0,"href":"http:\/\/cordobadirecto.com\/index.php\/wp-json\/wp\/v2\/posts\/28049\/revisions"}],"wp:featuredmedia":[{"embeddable":true,"href":"http:\/\/cordobadirecto.com\/index.php\/wp-json\/wp\/v2\/media\/28050"}],"wp:attachment":[{"href":"http:\/\/cordobadirecto.com\/index.php\/wp-json\/wp\/v2\/media?parent=28049"}],"wp:term":[{"taxonomy":"category","embeddable":true,"href":"http:\/\/cordobadirecto.com\/index.php\/wp-json\/wp\/v2\/categories?post=28049"},{"taxonomy":"post_tag","embeddable":true,"href":"http:\/\/cordobadirecto.com\/index.php\/wp-json\/wp\/v2\/tags?post=28049"}],"curies":[{"name":"wp","href":"https:\/\/api.w.org\/{rel}","templated":true}]}}