{"id":28051,"date":"2021-11-13T22:31:00","date_gmt":"2021-11-13T22:31:00","guid":{"rendered":"http:\/\/cordobadirecto.com\/index.php\/2021\/11\/13\/con-sabor-agridulce-la-cop26-aprobo-el-pacto-de-glasgow\/"},"modified":"2021-11-13T22:31:00","modified_gmt":"2021-11-13T22:31:00","slug":"con-sabor-agridulce-la-cop26-aprobo-el-pacto-de-glasgow","status":"publish","type":"post","link":"http:\/\/cordobadirecto.com\/index.php\/2021\/11\/13\/con-sabor-agridulce-la-cop26-aprobo-el-pacto-de-glasgow\/","title":{"rendered":"Con sabor agridulce, la COP26 aprob\u00f3 el Pacto de Glasgow"},"content":{"rendered":"<figure class=\"mb-3\"><img src=\"http:\/\/cordobadirecto.com\/wp-content\/uploads\/2021\/11\/con-sabor-agridulce-la-cop26-aprobo-el-pacto-de-glasgow.jpg\" alt=\"A finales de 2022 los pases presentarn sus compromisos para evitar el efecto invernadero\"><figcaption> A finales de 2022 los pa\u00edses presentar\u00e1n sus compromisos para evitar el efecto invernadero. <\/figcaption><\/figure>\n<p>&nbsp;<br \/>Los casi 200 pa\u00edses reunidos en la conferencia clim\u00e1tica COP26 adoptaron este s\u00e1bado el denominado Pacto de Glasgow para acelerar la lucha contra el cambio clim\u00e1tico y perfilar las bases de su futura financiaci\u00f3n, aunque sin garantizar el objetivo de limitar el calentamiento global a +1,5 \u00baC, por lo que grupos ecologistas y la ONU calificaron al texto de insuficiente y contradictorio.<\/p>\n<p>Tras dos semanas de duras negociaciones, la aprobaci\u00f3n final del texto se sell\u00f3 con un simb\u00f3lico martillazo del presidente brit\u00e1nico de las negociaciones, Alok Sharma.<\/p>\n<p>El documento propone que los Estados signatarios presenten a finales de 2022 -tres a\u00f1os antes de lo previsto- nuevos compromisos de recortes de emisiones de gases de efecto invernadero, pero &#8220;teniendo en cuenta las diferentes circunstancias nacionales&#8221;.<\/p>\n<figure class=\"mb-3\"><img data-src=\"http:\/\/cordobadirecto.com\/wp-content\/uploads\/2021\/11\/con-sabor-agridulce-la-cop26-aprobo-el-pacto-de-glasgow-1.jpg\" src=\"https:\/\/www.telam.com.ar\/assets\/img\/not_image.png\" class=\" lazy \" alt=\"El documento sienta las bases para la financiacin para adaptacin a los efectos del cambio climtico\"><figcaption> El documento sienta las bases para la financiaci\u00f3n para adaptaci\u00f3n a los efectos del cambio clim\u00e1tico. <\/figcaption><\/figure>\n<p>Con 24 horas de retraso, la COP26 aprob\u00f3 un texto que abre el paso a consultas formales para crear fondos de financiaci\u00f3n y para estudiar posteriormente los da\u00f1os y p\u00e9rdidas de los pa\u00edses m\u00e1s vulnerables, aunque sin precisar ni fechas exactas ni montos.<\/p>\n<p>&#8220;Lo que este texto est\u00e1 intentando hacer es tapar agujeros y echar a andar un proceso&#8221;, en especial en el tema de las finanzas para adaptaci\u00f3n a los efectos del cambio clim\u00e1tico, es decir para prepararse ante lo que viene, explic\u00f3 la vicepresidenta para el Clima y Econom\u00eda del Instituto de Recursos Mundiales, Helen Mountford.<\/p>\n<blockquote class><p>&#8220;Lo que este texto est\u00e1 intentando hacer es tapar agujeros y echar a andar un proceso&#8221;<cite class=\"author\">Helen Mountford<\/cite><\/p><\/blockquote>\n<p>Los pa\u00edses pobres, que hicieron poco por provocar la crisis clim\u00e1tica, dieron batalla hasta el final para lograr avances en materia de dinero, pero el resultado fue discreto.<\/p>\n<p>El pacto &#8220;decide establecer el Di\u00e1logo de Glasgow (&#8230;) para discutir los preparativos para financiar las actividades con el fin de evitar, minimizar y remediar los da\u00f1os y p\u00e9rdidas&#8221;. Una etapa que debe culminar en 2024.<\/p>\n<p>&#8220;Es t\u00edmido, es d\u00e9bil y el objetivo de 1,5\u00baC apenas sigue vivo, pero se manda una se\u00f1al de que la era del carb\u00f3n est\u00e1 acabando. Y eso es importante&#8221;, opin\u00f3 la directora ejecutiva de Greenpeace, Jennifer Morgan.<\/p>\n<figure class=\"mb-3\"><img data-src=\"http:\/\/cordobadirecto.com\/wp-content\/uploads\/2021\/11\/con-sabor-agridulce-la-cop26-aprobo-el-pacto-de-glasgow-2.jpg\" src=\"https:\/\/www.telam.com.ar\/assets\/img\/not_image.png\" class=\" lazy \" alt=\"Para Guterres los compromisos no son suficientes y el mundo sigue a las puertas de una catstrofe climtica\"><figcaption> Para Guterres, los compromisos &#8220;no son suficientes&#8221; y el mundo sigue a las puertas de una &#8220;cat\u00e1strofe clim\u00e1tica&#8221;. <\/figcaption><\/figure>\n<p>Tambi\u00e9n el secretario general de la Naciones Unidas, Ant\u00f3nio Guterres, celebr\u00f3 los &#8220;pasos hacia adelante&#8221; adoptados por la COP26, pero consider\u00f3 que &#8220;no son suficientes&#8221; y el mundo sigue a las puertas de una &#8220;cat\u00e1strofe clim\u00e1tica&#8221;.<\/p>\n<p>&#8220;El resultado de la COP26 es un compromiso que refleja los intereses, las contradicciones y el estado de la voluntad pol\u00edtica en el mundo actual&#8221;, lament\u00f3 el diplom\u00e1tico portugu\u00e9s en Twitter y sentenci\u00f3: &#8220;Es hora de pasar al modo de emergencia. La batalla clim\u00e1tica es la lucha de nuestras vidas y esa lucha debe ganarse&#8221;.<\/p>\n<p>En tanto, la joven activista sueca Greta Thunberg critic\u00f3 en la misma red social una cita que fue puro &#8220;bla-bla-bla&#8221; y afirm\u00f3 que &#8220;el verdadero trabajo&#8221; contin\u00faa fuera del recinto: &#8220;Y nunca, nunca nos rendiremos&#8221;, tuite\u00f3.<\/p>\n<p>Las decisiones de la conferencia clim\u00e1tica se logran por consenso, y Glasgow no fue una excepci\u00f3n, con exhaustivas negociaciones hasta el \u00faltimo minuto en la misma sala de la asamblea plenaria, con los delegados de pie y documento en mano.<\/p>\n<blockquote class><p>Los combustibles f\u00f3siles, entre ellos el carb\u00f3n, son los principales responsables del calentamiento del planeta, pero muchos pa\u00edses que dependen de ellos para su crecimiento econ\u00f3mico no quer\u00edan que el acuerdo incluya referencias a su uso.<\/p><\/blockquote>\n<p>La validaci\u00f3n final del texto se vio deslucida por la oposici\u00f3n de \u00faltimo momento de India y China a un art\u00edculo clave sobre los combustibles f\u00f3siles, que a lo largo de las diferentes borradores se hab\u00eda ido suavizando.<\/p>\n<p>Los combustibles f\u00f3siles, entre ellos el carb\u00f3n, son los principales responsables del calentamiento del planeta, pero muchos pa\u00edses que dependen de ellos para su crecimiento econ\u00f3mico no quer\u00edan que el acuerdo incluya referencias a su uso.<\/p>\n<p>En un primer borrador, la presidencia de la COP26 exhortaba a eliminar gradualmente su uso; en el segundo borrador se us\u00f3 un lenguaje m\u00e1s d\u00e9bil y en la tercera versi\u00f3n se atenu\u00f3 a\u00fan m\u00e1s el mensaje con un pedido para &#8220;acelerar los esfuerzos hacia&#8221; su eliminaci\u00f3n.<\/p>\n<figure class=\"mb-3\"><img data-src=\"http:\/\/cordobadirecto.com\/wp-content\/uploads\/2021\/11\/con-sabor-agridulce-la-cop26-aprobo-el-pacto-de-glasgow-3.jpg\" src=\"https:\/\/www.telam.com.ar\/assets\/img\/not_image.png\" class=\" lazy \" alt=\"La joven activista sueca Greta Thunberg critic en el pacto y dijo que es puro blablabla\"><figcaption> La joven activista sueca Greta Thunberg critic\u00f3 en el pacto y dijo que es puro &#8220;bla-bla-bla&#8221;. <\/figcaption><\/figure>\n<p>A propuesta de India, el texto menciona finalmente la necesidad de acabar con los &#8220;subsidios ineficientes para los combustibles f\u00f3siles&#8221;, pero sin desatender &#8220;circunstancias nacionales particulares&#8221;.<\/p>\n<p>La bi\u00f3loga argentina Sandra D\u00edaz, integrante del Panel de Cambio Clim\u00e1tico que en 2007 gan\u00f3 el Premio Nobel de la Paz, lament\u00f3 el escaso progreso que mostr\u00f3 la conferencia en un tema tan crucial como la necesidad de &#8220;que los combustibles f\u00f3siles se queden en el subsuelo y no sigan acumul\u00e1ndose en la atm\u00f3sfera&#8221;.<\/p>\n<p>&#8220;Si no se reduce dr\u00e1sticamente la cantidad de carbono emitido a la atm\u00f3sfera no hay forma de mantener el calentamiento clim\u00e1tico en los niveles expresados en el Acuerdo de Par\u00eds de 2015, o sea, bien por debajo de un calentamiento de 1,5\u00ba C en la temperatura global&#8221;, sentenci\u00f3 D\u00edaz.<\/p>\n<blockquote class><p>La versi\u00f3n final incluy\u00f3 el mantenimiento de un lenguaje que establece la &#8220;reducci\u00f3n&#8221; del carb\u00f3n, en lugar de su &#8220;abandono&#8221;.<\/p><\/blockquote>\n<p>Los cient\u00edficos coinciden en que se debe poner fin al uso del carb\u00f3n, pero incluir el llamado en la declaraci\u00f3n final era demasiado para algunos pa\u00edses como China e India, que dependen de su uso para el crecimiento econ\u00f3mico, o Australia, su principal exportador mundial. Incluso lo era para Arabia Saudita, consciente de que el pr\u00f3ximo objetivo puede ser el petr\u00f3leo o el gas.<\/p>\n<p>En consecuencia, la versi\u00f3n final incluy\u00f3 el mantenimiento de un lenguaje que establece la &#8220;reducci\u00f3n&#8221; del carb\u00f3n, en lugar de su &#8220;abandono&#8221;.<\/p>\n<p>No obstante, se trata de la primera vez que un acuerdo de la ONU hace un menci\u00f3n expresa a los combustibles f\u00f3siles.<\/p>\n<p>Otro tema crucial fue el de la financiaci\u00f3n de 100.000 millones de d\u00f3lares anuales que en 2009 las naciones desarrolladas prometieron entregar a las naciones en desarrollo para mitigaci\u00f3n y adaptaci\u00f3n al cambio clim\u00e1tico y nunca cumplieron.<\/p>\n<figure class=\"mb-3\"><img data-src=\"http:\/\/cordobadirecto.com\/wp-content\/uploads\/2021\/11\/con-sabor-agridulce-la-cop26-aprobo-el-pacto-de-glasgow-4.jpg\" src=\"https:\/\/www.telam.com.ar\/assets\/img\/not_image.png\" class=\" lazy \" alt=\"Los cientficos coinciden en que se debe poner fin al uso del carbn pero el documento fue suave al respecto\"><figcaption> Los cient\u00edficos coinciden en que se debe poner fin al uso del carb\u00f3n, pero el documento fue suave al respecto. <\/figcaption><\/figure>\n<p>El texto reconoce y &#8220;lamenta profundamente&#8221; esa situaci\u00f3n, que urge remediar de aqu\u00ed a 2025.<\/p>\n<p>Asimismo, &#8220;urge a los pa\u00edses desarrollados a duplicar como m\u00ednimo sus contribuciones colectivas para la adaptaci\u00f3n de los pa\u00edses en desarrollo, en base a los niveles de 2019, de aqu\u00ed a 2025&#8221;.<\/p>\n<p>Los bancos multilaterales deber\u00e1n colaborar con dicha tarea y el pacto tambi\u00e9n pide &#8220;pol\u00edticas innovadoras&#8221; para atraer los capitales privados.<\/p>\n<p>Los pa\u00edses en desarrollo quieren que el dinero que vayan a recibir sea, en l\u00edneas generales, repartido a partes iguales en mitigar el cambio clim\u00e1tico y en adaptarse a lo que se viene, por ejemplo, con la construcci\u00f3n de infraestructuras.<\/p>\n<p>&#8220;Por primera vez se acord\u00f3 un objetivo de financiaci\u00f3n para la adaptaci\u00f3n&#8221;, se felicit\u00f3 la directora ejecutiva de Oxfam, Gabriela Bucher. <\/p>\n","protected":false},"excerpt":{"rendered":"<p>A finales de 2022 los pa\u00edses presentar\u00e1n sus compromisos para evitar el efecto invernadero. &nbsp;Los casi 200 pa\u00edses reunidos en la conferencia clim\u00e1tica COP26 adoptaron este s\u00e1bado el denominado Pacto de Glasgow para acelerar la lucha contra el cambio clim\u00e1tico y perfilar las bases de su futura financiaci\u00f3n, aunque sin garantizar el objetivo de limitar [&hellip;]<\/p>\n","protected":false},"author":1,"featured_media":28052,"comment_status":"closed","ping_status":"closed","sticky":false,"template":"","format":"standard","meta":[],"categories":[24],"tags":[],"_links":{"self":[{"href":"http:\/\/cordobadirecto.com\/index.php\/wp-json\/wp\/v2\/posts\/28051"}],"collection":[{"href":"http:\/\/cordobadirecto.com\/index.php\/wp-json\/wp\/v2\/posts"}],"about":[{"href":"http:\/\/cordobadirecto.com\/index.php\/wp-json\/wp\/v2\/types\/post"}],"author":[{"embeddable":true,"href":"http:\/\/cordobadirecto.com\/index.php\/wp-json\/wp\/v2\/users\/1"}],"replies":[{"embeddable":true,"href":"http:\/\/cordobadirecto.com\/index.php\/wp-json\/wp\/v2\/comments?post=28051"}],"version-history":[{"count":0,"href":"http:\/\/cordobadirecto.com\/index.php\/wp-json\/wp\/v2\/posts\/28051\/revisions"}],"wp:featuredmedia":[{"embeddable":true,"href":"http:\/\/cordobadirecto.com\/index.php\/wp-json\/wp\/v2\/media\/28052"}],"wp:attachment":[{"href":"http:\/\/cordobadirecto.com\/index.php\/wp-json\/wp\/v2\/media?parent=28051"}],"wp:term":[{"taxonomy":"category","embeddable":true,"href":"http:\/\/cordobadirecto.com\/index.php\/wp-json\/wp\/v2\/categories?post=28051"},{"taxonomy":"post_tag","embeddable":true,"href":"http:\/\/cordobadirecto.com\/index.php\/wp-json\/wp\/v2\/tags?post=28051"}],"curies":[{"name":"wp","href":"https:\/\/api.w.org\/{rel}","templated":true}]}}