{"id":2808,"date":"2021-03-09T03:14:23","date_gmt":"2021-03-09T03:14:23","guid":{"rendered":"http:\/\/cordobadirecto.com\/index.php\/2021\/03\/09\/8m-con-reclamos-a-la-justicia-cordoba-volvio-a-gritar-ni-una-menos\/"},"modified":"2021-03-09T03:14:23","modified_gmt":"2021-03-09T03:14:23","slug":"8m-con-reclamos-a-la-justicia-cordoba-volvio-a-gritar-ni-una-menos","status":"publish","type":"post","link":"http:\/\/cordobadirecto.com\/index.php\/2021\/03\/09\/8m-con-reclamos-a-la-justicia-cordoba-volvio-a-gritar-ni-una-menos\/","title":{"rendered":"8M: con reclamos a la Justicia, <b>C\u00f3rdoba<\/b> volvi\u00f3 a gritar \u201cNi Una Menos\u201d"},"content":{"rendered":"<p>&#8230; <b>Nueva<\/b> realiz\u00f3 talleres en espacios p\u00fablicos sobre masculinidades, transfeminismo, justicia con perspectiva de g\u00e9nero, <b>econom\u00eda<\/b> popular feminista,&nbsp;&#8230; <\/p>\n","protected":false},"excerpt":{"rendered":"<p>&#8230; Nueva realiz\u00f3 talleres en espacios p\u00fablicos sobre masculinidades, transfeminismo, justicia con perspectiva de g\u00e9nero, econom\u00eda popular feminista,&nbsp;&#8230;<\/p>\n","protected":false},"author":1,"featured_media":0,"comment_status":"closed","ping_status":"closed","sticky":false,"template":"","format":"standard","meta":[],"categories":[40],"tags":[],"_links":{"self":[{"href":"http:\/\/cordobadirecto.com\/index.php\/wp-json\/wp\/v2\/posts\/2808"}],"collection":[{"href":"http:\/\/cordobadirecto.com\/index.php\/wp-json\/wp\/v2\/posts"}],"about":[{"href":"http:\/\/cordobadirecto.com\/index.php\/wp-json\/wp\/v2\/types\/post"}],"author":[{"embeddable":true,"href":"http:\/\/cordobadirecto.com\/index.php\/wp-json\/wp\/v2\/users\/1"}],"replies":[{"embeddable":true,"href":"http:\/\/cordobadirecto.com\/index.php\/wp-json\/wp\/v2\/comments?post=2808"}],"version-history":[{"count":0,"href":"http:\/\/cordobadirecto.com\/index.php\/wp-json\/wp\/v2\/posts\/2808\/revisions"}],"wp:attachment":[{"href":"http:\/\/cordobadirecto.com\/index.php\/wp-json\/wp\/v2\/media?parent=2808"}],"wp:term":[{"taxonomy":"category","embeddable":true,"href":"http:\/\/cordobadirecto.com\/index.php\/wp-json\/wp\/v2\/categories?post=2808"},{"taxonomy":"post_tag","embeddable":true,"href":"http:\/\/cordobadirecto.com\/index.php\/wp-json\/wp\/v2\/tags?post=2808"}],"curies":[{"name":"wp","href":"https:\/\/api.w.org\/{rel}","templated":true}]}}