{"id":28251,"date":"2021-11-15T17:59:45","date_gmt":"2021-11-15T17:59:45","guid":{"rendered":"http:\/\/cordobadirecto.com\/index.php\/2021\/11\/15\/la-unc-y-la-provincia-capacitan-para-insercion-laboral-cba24n\/"},"modified":"2021-11-15T17:59:45","modified_gmt":"2021-11-15T17:59:45","slug":"la-unc-y-la-provincia-capacitan-para-insercion-laboral-cba24n","status":"publish","type":"post","link":"http:\/\/cordobadirecto.com\/index.php\/2021\/11\/15\/la-unc-y-la-provincia-capacitan-para-insercion-laboral-cba24n\/","title":{"rendered":"La UNC y la Provincia capacitan para inserci\u00f3n laboral &#8211; Cba24n"},"content":{"rendered":"<p>La Universidad Nacional de <b>C\u00f3rdoba<\/b> y el Ministerio de Promoci\u00f3n del Empleo y de la <b>Econom\u00eda<\/b> Familiar firmaron un convenio con el fin de promover&nbsp;&#8230; <\/p>\n","protected":false},"excerpt":{"rendered":"<p>La Universidad Nacional de C\u00f3rdoba y el Ministerio de Promoci\u00f3n del Empleo y de la Econom\u00eda Familiar firmaron un convenio con el fin de promover&nbsp;&#8230;<\/p>\n","protected":false},"author":1,"featured_media":0,"comment_status":"closed","ping_status":"closed","sticky":false,"template":"","format":"standard","meta":[],"categories":[40],"tags":[],"_links":{"self":[{"href":"http:\/\/cordobadirecto.com\/index.php\/wp-json\/wp\/v2\/posts\/28251"}],"collection":[{"href":"http:\/\/cordobadirecto.com\/index.php\/wp-json\/wp\/v2\/posts"}],"about":[{"href":"http:\/\/cordobadirecto.com\/index.php\/wp-json\/wp\/v2\/types\/post"}],"author":[{"embeddable":true,"href":"http:\/\/cordobadirecto.com\/index.php\/wp-json\/wp\/v2\/users\/1"}],"replies":[{"embeddable":true,"href":"http:\/\/cordobadirecto.com\/index.php\/wp-json\/wp\/v2\/comments?post=28251"}],"version-history":[{"count":0,"href":"http:\/\/cordobadirecto.com\/index.php\/wp-json\/wp\/v2\/posts\/28251\/revisions"}],"wp:attachment":[{"href":"http:\/\/cordobadirecto.com\/index.php\/wp-json\/wp\/v2\/media?parent=28251"}],"wp:term":[{"taxonomy":"category","embeddable":true,"href":"http:\/\/cordobadirecto.com\/index.php\/wp-json\/wp\/v2\/categories?post=28251"},{"taxonomy":"post_tag","embeddable":true,"href":"http:\/\/cordobadirecto.com\/index.php\/wp-json\/wp\/v2\/tags?post=28251"}],"curies":[{"name":"wp","href":"https:\/\/api.w.org\/{rel}","templated":true}]}}