{"id":28254,"date":"2021-11-15T14:47:57","date_gmt":"2021-11-15T14:47:57","guid":{"rendered":"https:\/\/cordoba.gob.ar\/?p=16590"},"modified":"2021-11-15T14:47:57","modified_gmt":"2021-11-15T14:47:57","slug":"5to-webinar-del-seminario-transformando-ciudades-trabajo-y-crecimiento-economico-politicas-publicas-para-la-reduccion-de-la-pobreza","status":"publish","type":"post","link":"http:\/\/cordobadirecto.com\/index.php\/2021\/11\/15\/5to-webinar-del-seminario-transformando-ciudades-trabajo-y-crecimiento-economico-politicas-publicas-para-la-reduccion-de-la-pobreza\/","title":{"rendered":"5to webinar del Seminario Transformando ciudades \u201cTrabajo y crecimiento econ\u00f3mico: pol\u00edticas p\u00fablicas para la reducci\u00f3n de la pobreza\u201d"},"content":{"rendered":"<div><img src=\"http:\/\/cordobadirecto.com\/wp-content\/uploads\/2021\/11\/5to-webinar-del-seminario-transformando-ciudades-trabajo-y-crecimiento-economico-politicas-publicas-para-la-reduccion-de-la-pobreza.png\" class=\"ff-og-image-inserted\"><\/div>\n<ul>\n<li><strong>En esta oportunidad se abordar\u00e1 la tem\u00e1tica \u201cTrabajo y crecimiento econ\u00f3mico: pol\u00edticas p\u00fablicas para la reducci\u00f3n de la pobreza\u201d.<\/strong><\/li>\n<li><strong>Para participar es necesario inscribirse y completar los datos en el siguiente <a href=\"https:\/\/forms.gle\/7MZVnsWp5zgo3DR2A\">formulario<\/a><\/strong><\/li>\n<\/ul>\n<hr>\n<p>La Secretar\u00eda de Educaci\u00f3n, a trav\u00e9s de la Direcci\u00f3n de Parques Educativos, junto a la Secretar\u00eda de Econom\u00eda&nbsp; y Finanzas y la Secretar\u00eda de Pol\u00edticas Sociales, Inclusi\u00f3n y Convivencia&nbsp; de la Municipalidad de C\u00f3rdoba,&nbsp; invitan al quinto Webinar del Seminario \u201cTransformando ciudades. Encuentros por una educaci\u00f3n para el Desarrollo Sostenible\u201d.<\/p>\n<p>Se llevar\u00e1 adelante el jueves 18 de noviembre a las 18:00 hs con la participaci\u00f3n de: Mgter. Gabriel Suarez Fossaceca (Decano del Instituto Acad\u00e9mico Pedag\u00f3gico de Ciencias Sociales de la Universidad de Villa Mar\u00eda), Lic. Guillermo Constancio Acosta (Secretario de Econom\u00eda y Finanzas de la Municipalidad de C\u00f3rdoba), Rosal\u00eda C\u00e1ceres (Subsecretar\u00eda de Promoci\u00f3n de la Econom\u00eda Familiar de la provincia de C\u00f3rdoba), Ra\u00fal La Cava (Secretario de Pol\u00edticas Sociales, Inclusi\u00f3n y Convivencia de la Municipalidad de C\u00f3rdoba). El encuentro ser\u00e1 coordinado por la Directora de Parques Educativos Esp. Eugenia Rotondi.<\/p>\n<p>La propuesta est\u00e1 destinada a funcionarios municipales, provinciales, nacionales, miembros de equipos t\u00e9cnicos, docentes, directivos, profesionales, personal municipal, p\u00fablico en general interesado.<\/p>\n<p>Para participar es necesario inscribirse y completar los datos en el siguiente<strong><a href=\"https:\/\/forms.gle\/7MZVnsWp5zgo3DR2A\"> formulario.<\/a><\/strong><\/p>\n<p>La asistencia ser\u00e1 certificada. En el caso de los docentes del sistema municipal la certificaci\u00f3n tendr\u00e1 validez ante los organismos de valoraci\u00f3n de antecedentes. La transmisi\u00f3n de la conferencia se realizar\u00e1 por el canal de youtube de la Direcci\u00f3n de Parques Educativos.<\/p>\n","protected":false},"excerpt":{"rendered":"<p>En esta oportunidad se abordar\u00e1 la tem\u00e1tica \u201cTrabajo y crecimiento econ\u00f3mico: pol\u00edticas p\u00fablicas para la reducci\u00f3n de la pobreza\u201d. Para participar es necesario inscribirse y completar los datos en el siguiente formulario La Secretar\u00eda de Educaci\u00f3n, a trav\u00e9s de la Direcci\u00f3n de Parques Educativos, junto a la Secretar\u00eda de Econom\u00eda&nbsp; y Finanzas y la Secretar\u00eda [&hellip;]<\/p>\n","protected":false},"author":1,"featured_media":28255,"comment_status":"closed","ping_status":"closed","sticky":false,"template":"","format":"standard","meta":[],"categories":[44],"tags":[],"_links":{"self":[{"href":"http:\/\/cordobadirecto.com\/index.php\/wp-json\/wp\/v2\/posts\/28254"}],"collection":[{"href":"http:\/\/cordobadirecto.com\/index.php\/wp-json\/wp\/v2\/posts"}],"about":[{"href":"http:\/\/cordobadirecto.com\/index.php\/wp-json\/wp\/v2\/types\/post"}],"author":[{"embeddable":true,"href":"http:\/\/cordobadirecto.com\/index.php\/wp-json\/wp\/v2\/users\/1"}],"replies":[{"embeddable":true,"href":"http:\/\/cordobadirecto.com\/index.php\/wp-json\/wp\/v2\/comments?post=28254"}],"version-history":[{"count":0,"href":"http:\/\/cordobadirecto.com\/index.php\/wp-json\/wp\/v2\/posts\/28254\/revisions"}],"wp:featuredmedia":[{"embeddable":true,"href":"http:\/\/cordobadirecto.com\/index.php\/wp-json\/wp\/v2\/media\/28255"}],"wp:attachment":[{"href":"http:\/\/cordobadirecto.com\/index.php\/wp-json\/wp\/v2\/media?parent=28254"}],"wp:term":[{"taxonomy":"category","embeddable":true,"href":"http:\/\/cordobadirecto.com\/index.php\/wp-json\/wp\/v2\/categories?post=28254"},{"taxonomy":"post_tag","embeddable":true,"href":"http:\/\/cordobadirecto.com\/index.php\/wp-json\/wp\/v2\/tags?post=28254"}],"curies":[{"name":"wp","href":"https:\/\/api.w.org\/{rel}","templated":true}]}}