{"id":2828,"date":"2021-03-08T21:47:58","date_gmt":"2021-03-08T21:47:58","guid":{"rendered":"https:\/\/www.cordoba.gob.ar\/?p=6857"},"modified":"2021-03-08T21:47:58","modified_gmt":"2021-03-08T21:47:58","slug":"la-ciudad-suma-el-segundo-punto-mujer","status":"publish","type":"post","link":"http:\/\/cordobadirecto.com\/index.php\/2021\/03\/08\/la-ciudad-suma-el-segundo-punto-mujer\/","title":{"rendered":"La ciudad suma el segundo \u201cPunto Mujer\u201d"},"content":{"rendered":"<div><img src=\"http:\/\/cordobadirecto.com\/wp-content\/uploads\/2021\/03\/la-ciudad-suma-el-segundo-punto-mujer.jpg\" class=\"ff-og-image-inserted\"><\/div>\n<p><strong>\u2022 La inauguraci\u00f3n de este espacio provincial, ubicado en el CPC Monse\u00f1or Pablo Cabrera, cont\u00f3 con la presencia del Intendente Mart\u00edn Llaryora.<\/strong><\/p>\n<hr>\n<p>En el marco del d\u00eda internacional de la mujer, el intendente Mart\u00edn Llaryora y la Ministra de la Mujer, Claudia Mart\u00ednez, inauguraron en el CPC Monse\u00f1or Pablo Cabrera, el segundo \u201cPunto Mujer\u201d de la ciudad. El espacio brinda orientaci\u00f3n y asesoramiento a mujeres, de lunes a viernes de 8 a 14 hs.<\/p>\n<p>Esta oficina tiene id\u00e9nticas caracter\u00edsticas a la primera, puesta en funcionamiento en agosto del a\u00f1o 2020 en el CPC de Villa el Libertador. Adem\u00e1s de atender la demanda de mujeres v\u00edctimas de violencia, recepta otras consultas y brinda informaci\u00f3n sobre otros programas espec\u00edficos.<\/p>\n<p><em>\u201cHacer una sociedad m\u00e1s justa es hacer una sociedad de iguales, que necesita equiparar los derechos de la mujer y asegurar la diversidad. Y las sociedades que se transformen m\u00e1s r\u00e1pidamente en ese camino son las que m\u00e1s oportunidades van a generar y m\u00e1s van a progresar\u201d<\/em>, expres\u00f3 el intendente Llaryora.<\/p>\n<p>Cada \u201cPunto Mujer\u201d integra el plan de Fortalecimiento de Redes Comunitarias de Apoyo para Mujeres en la ciudad de C\u00f3rdoba, una iniciativa que articula el trabajo del Ministerio de la Mujer de la provincia con las secretar\u00edas de Participaci\u00f3n Ciudadana y de Pol\u00edticas Sociales, y la Direcci\u00f3n de G\u00e9nero de la Municipalidad de C\u00f3rdoba.<\/p>\n<p>Dicho plan apunta a instalar espacios f\u00edsicos pr\u00f3ximos a mujeres, j\u00f3venes y ni\u00f1as de distintos barrios de la ciudad de C\u00f3rdoba; ampliar la capacidad de detecci\u00f3n y orientaci\u00f3n de recursos de apoyo de las redes comunitarias para mujeres en situaci\u00f3n de violencias por razones de g\u00e9nero; y aumentar la capacidad de respuesta y articulaci\u00f3n del Estado municipal y provincial en materia de g\u00e9nero.<\/p>\n<p><em>\u201cQuiero destacar el compromiso del intendente Mart\u00ed Llaryora con esta tem\u00e1tica. Es muy importante lo que estamos haciendo, porque es la proximidad del Ministerio de la Mujer, de todas esas pol\u00edticas que van a acompa\u00f1ar a las mujeres en distintas situaciones, pero tambi\u00e9n el espacio de todas las redes comunitarias, a trav\u00e9s de los Centros Vecinales, de los comedores, de los merenderos vamos a poder tejer redes para estar mucho m\u00e1s cerca de las mujeres\u201d<\/em>, expres\u00f3 por su parte la Ministra de la Mujer, Claudia Mart\u00ednez.<\/p>\n","protected":false},"excerpt":{"rendered":"<p>\u2022 La inauguraci\u00f3n de este espacio provincial, ubicado en el CPC Monse\u00f1or Pablo Cabrera, cont\u00f3 con la presencia del Intendente Mart\u00edn Llaryora. En el marco del d\u00eda internacional de la mujer, el intendente Mart\u00edn Llaryora y la Ministra de la Mujer, Claudia Mart\u00ednez, inauguraron en el CPC Monse\u00f1or Pablo Cabrera, el segundo \u201cPunto Mujer\u201d de [&hellip;]<\/p>\n","protected":false},"author":1,"featured_media":2829,"comment_status":"closed","ping_status":"closed","sticky":false,"template":"","format":"standard","meta":[],"categories":[44],"tags":[],"_links":{"self":[{"href":"http:\/\/cordobadirecto.com\/index.php\/wp-json\/wp\/v2\/posts\/2828"}],"collection":[{"href":"http:\/\/cordobadirecto.com\/index.php\/wp-json\/wp\/v2\/posts"}],"about":[{"href":"http:\/\/cordobadirecto.com\/index.php\/wp-json\/wp\/v2\/types\/post"}],"author":[{"embeddable":true,"href":"http:\/\/cordobadirecto.com\/index.php\/wp-json\/wp\/v2\/users\/1"}],"replies":[{"embeddable":true,"href":"http:\/\/cordobadirecto.com\/index.php\/wp-json\/wp\/v2\/comments?post=2828"}],"version-history":[{"count":0,"href":"http:\/\/cordobadirecto.com\/index.php\/wp-json\/wp\/v2\/posts\/2828\/revisions"}],"wp:featuredmedia":[{"embeddable":true,"href":"http:\/\/cordobadirecto.com\/index.php\/wp-json\/wp\/v2\/media\/2829"}],"wp:attachment":[{"href":"http:\/\/cordobadirecto.com\/index.php\/wp-json\/wp\/v2\/media?parent=2828"}],"wp:term":[{"taxonomy":"category","embeddable":true,"href":"http:\/\/cordobadirecto.com\/index.php\/wp-json\/wp\/v2\/categories?post=2828"},{"taxonomy":"post_tag","embeddable":true,"href":"http:\/\/cordobadirecto.com\/index.php\/wp-json\/wp\/v2\/tags?post=2828"}],"curies":[{"name":"wp","href":"https:\/\/api.w.org\/{rel}","templated":true}]}}