{"id":28378,"date":"2021-11-16T07:18:42","date_gmt":"2021-11-16T07:18:42","guid":{"rendered":"http:\/\/cordobadirecto.com\/index.php\/2021\/11\/16\/con-tres-funciones-presentan-el-filme-postumo-de-pino-solanas\/"},"modified":"2021-11-16T07:18:42","modified_gmt":"2021-11-16T07:18:42","slug":"con-tres-funciones-presentan-el-filme-postumo-de-pino-solanas","status":"publish","type":"post","link":"http:\/\/cordobadirecto.com\/index.php\/2021\/11\/16\/con-tres-funciones-presentan-el-filme-postumo-de-pino-solanas\/","title":{"rendered":"Con tres funciones, presentan el filme p\u00f3stumo de &#8220;Pino&#8221; Solanas"},"content":{"rendered":"<div><img src=\"http:\/\/cordobadirecto.com\/wp-content\/uploads\/2021\/11\/con-tres-funciones-presentan-el-filme-postumo-de-pino-solanas.jpg\" class=\"ff-og-image-inserted\"><\/div>\n<div class=\"volanta\"> Espect\u00e1culos | <\/p>\n<p>PREESTRENO<\/p>\n<\/div>\n<h2 class=\"my-2 speak\"> Con tres funciones, presentan el filme p\u00f3stumo de &#8220;Pino&#8221; Solanas <\/h2>\n<p class=\"speak\"> El \u00faltimo trabajo documental del director de &#8220;Sur&#8221; y &#8220;El exilio de Gardel&#8221; se podr\u00e1 ver en el Centro Cultural Kirchner, adem\u00e1s de la web del Festival Internacional de Cine de Mar del Plata, donde se proyectar\u00e1 este jueves en la gala inaugural. <\/p>\n","protected":false},"excerpt":{"rendered":"<p>Espect\u00e1culos | PREESTRENO Con tres funciones, presentan el filme p\u00f3stumo de &#8220;Pino&#8221; Solanas El \u00faltimo trabajo documental del director de &#8220;Sur&#8221; y &#8220;El exilio de Gardel&#8221; se podr\u00e1 ver en el Centro Cultural Kirchner, adem\u00e1s de la web del Festival Internacional de Cine de Mar del Plata, donde se proyectar\u00e1 este jueves en la gala [&hellip;]<\/p>\n","protected":false},"author":1,"featured_media":28379,"comment_status":"closed","ping_status":"closed","sticky":false,"template":"","format":"standard","meta":[],"categories":[20],"tags":[],"_links":{"self":[{"href":"http:\/\/cordobadirecto.com\/index.php\/wp-json\/wp\/v2\/posts\/28378"}],"collection":[{"href":"http:\/\/cordobadirecto.com\/index.php\/wp-json\/wp\/v2\/posts"}],"about":[{"href":"http:\/\/cordobadirecto.com\/index.php\/wp-json\/wp\/v2\/types\/post"}],"author":[{"embeddable":true,"href":"http:\/\/cordobadirecto.com\/index.php\/wp-json\/wp\/v2\/users\/1"}],"replies":[{"embeddable":true,"href":"http:\/\/cordobadirecto.com\/index.php\/wp-json\/wp\/v2\/comments?post=28378"}],"version-history":[{"count":0,"href":"http:\/\/cordobadirecto.com\/index.php\/wp-json\/wp\/v2\/posts\/28378\/revisions"}],"wp:featuredmedia":[{"embeddable":true,"href":"http:\/\/cordobadirecto.com\/index.php\/wp-json\/wp\/v2\/media\/28379"}],"wp:attachment":[{"href":"http:\/\/cordobadirecto.com\/index.php\/wp-json\/wp\/v2\/media?parent=28378"}],"wp:term":[{"taxonomy":"category","embeddable":true,"href":"http:\/\/cordobadirecto.com\/index.php\/wp-json\/wp\/v2\/categories?post=28378"},{"taxonomy":"post_tag","embeddable":true,"href":"http:\/\/cordobadirecto.com\/index.php\/wp-json\/wp\/v2\/tags?post=28378"}],"curies":[{"name":"wp","href":"https:\/\/api.w.org\/{rel}","templated":true}]}}