{"id":28458,"date":"2021-11-16T22:40:00","date_gmt":"2021-11-16T22:40:00","guid":{"rendered":"http:\/\/cordobadirecto.com\/index.php\/2021\/11\/16\/un-ataque-en-uganda-reivindicado-por-el-estado-islamico-deja-seis-muertos\/"},"modified":"2021-11-16T22:40:00","modified_gmt":"2021-11-16T22:40:00","slug":"un-ataque-en-uganda-reivindicado-por-el-estado-islamico-deja-seis-muertos","status":"publish","type":"post","link":"http:\/\/cordobadirecto.com\/index.php\/2021\/11\/16\/un-ataque-en-uganda-reivindicado-por-el-estado-islamico-deja-seis-muertos\/","title":{"rendered":"Un ataque en Uganda reivindicado por el Estado Isl\u00e1mico deja seis muertos"},"content":{"rendered":"<figure class=\"mb-3\"><img src=\"http:\/\/cordobadirecto.com\/wp-content\/uploads\/2021\/11\/un-ataque-en-uganda-reivindicado-por-el-estado-islamico-deja-seis-muertos.jpg\" alt=\"Dos explosiones sacudieron Kampala la capital de Uganda y dejaron al menos tres civiles muertos y decenas de herido\"><figcaption> Dos explosiones sacudieron Kampala, la capital de Uganda, y dejaron al menos tres civiles muertos y decenas de herido. <\/figcaption><\/figure>\n<p>Dos explosiones sacudieron este martes a Kampala, la capital de Uganda, causando la muerte de al menos tres atacantes suicidas y tres civiles y decenas de heridos, en un ataque que fue reivindicado horas m\u00e1s tarde por el grupo yihadista Estado Isl\u00e1mico (EI), tal como supuso r\u00e1pidamente la Polic\u00eda.<\/p>\n<p><strong>La organizaci\u00f3n radicalizada confirm\u00f3 que el atentado fue llevado a cabo por tres atacantes suicidas.<\/strong><\/p>\n<p>En un comunicado publicado en sus canales de Telegram, el<strong> EI indic\u00f3 que el primer ataque tuvo como objetivo la sede de la polic\u00eda y el segundo ocurri\u00f3 cerca de la sede del parlamento<\/strong>, que iba a reunirse.<\/p>\n<p><strong>&#8220;Las amenazas de bomba siguen activas, especialmente de atacantes suicidas&#8221;, <\/strong>alert\u00f3 el vocero de la Polic\u00eda Fred Enanga, quien culp\u00f3 de las explosiones a las Fuerzas Democr\u00e1ticas Aliadas (ADF), un grupo extremista isl\u00e1mico.<\/p>\n<div class=\"video_repositive\"><a class=\"video_sticky\" href=\"javascript:void();\" onclick=\"removeStuckVideo(true);\"><i class=\"far fa-window-close\"><\/i><\/a><\/p>\n<div id=\"mONUxzbBMVE\" class=\"video_telam\" readability=\"6\">\n<div class=\"feature_article_inner\" readability=\"32\">\n<p><h2 class=\"text-center\">Un ataque en Uganda reivindicado por el Estado Isl\u00e1mico deja seis muertos y varios heridos<\/h2>\n<\/p>\n<\/div>\n<p>VER VIDEO <i class=\"fas fa-play\"><\/i><\/p>\n<\/div>\n<\/div>\n<p>Las explosiones ocurrieron con tres minutos de diferencia.<\/p>\n<p>Un posible ataque contra un tercer objetivo fue frustrado por la Polic\u00eda que persigui\u00f3 y desarm\u00f3 a su presunto autor, inform\u00f3 Enanga.<\/p>\n<p>Una de las explosiones ocurri\u00f3 cerca de una estaci\u00f3n de Polic\u00eda y la otra en una calle cercana al Parlamento, la cual provoc\u00f3 un incendio que alcanz\u00f3 a los autos estacionados en las inmediaciones, inform\u00f3 la agencia de noticias AFP.<\/p>\n<p>Al menos cinco de los 33 heridos, que fueron trasladados al principal hospital p\u00fablico de la ciudad, est\u00e1n en grave estado.<\/p>\n<p>Uganda estaba en alerta desde hace varias semanas despu\u00e9s de que se sucedieran una serie de episodios de este tipo.<\/p>\n<h2 class>Antecedentes de atentados<\/h2>\n<p>El 23 de octubre, <a href=\"https:\/\/www.telam.com.ar\/notas\/202110\/572696-explosion-muere-persona-restaurante-uganda-acto-terrorista.html\" target=\"_blank\" rel=\"noopener\">una persona muri\u00f3 y al menos siete resultaron heridas en una explosi\u00f3n en un restaurante<\/a>, mientras que dos d\u00edas despu\u00e9s, otra explosi\u00f3n arriba de un colectivo provoc\u00f3 la muerte del atacante.<\/p>\n<p>Las ADF, afiliadas al grupo radical Estado Isl\u00e1mico (EI) en \u00c1frica central, se atribuyeron la responsabilidad del ataque al restaurante.<\/p>\n<p>El vocero de la Polic\u00eda dijo que los ataques de este martes ten\u00edan<strong> &#8220;las se\u00f1as de identidad&#8221; de ADF<\/strong>, al que describi\u00f3 como un &#8220;grupo terrorista nacional&#8221; ansioso por llevar a cabo m\u00e1s ataques y asegur\u00f3 que al menos 150 atentados han sido desactivados recientemente.<\/p>\n<figure class=\"mb-3\"><img data-src=\"http:\/\/cordobadirecto.com\/wp-content\/uploads\/2021\/11\/un-ataque-en-uganda-reivindicado-por-el-estado-islamico-deja-seis-muertos-1.jpg\" src=\"https:\/\/www.telam.com.ar\/assets\/img\/not_image.png\" class=\" lazy \" alt=\"El 23 de octubre una persona muri y al menos siete resultaron heridas en una explosin en un restaurante\"><figcaption> El 23 de octubre, una persona muri\u00f3 y al menos siete resultaron heridas en una explosi\u00f3n en un restaurante. <\/figcaption><\/figure>\n<p>Las ADF se han opuesto durante mucho tiempo al Gobierno del presidente Yoweri Museveni, un aliado de seguridad de Estados Unidos que fue el primer l\u00edder africano en desplegar fuerzas de paz en Somalia para proteger al Gobierno federal del grupo extremista Al Shabaab.<\/p>\n<p>En represalia por el despliegue de tropas de Uganda en Somalia, al-Shabaab llev\u00f3 a cabo ataques en 2010 que mataron al menos a 70 personas que se hab\u00edan reunido en lugares p\u00fablicos de Kampala para ver la final del Mundial de Sud\u00e1frica de f\u00fatbol.<\/p>\n<p>Pero las ADF, con sus ra\u00edces locales, se han convertido en un desaf\u00edo m\u00e1s apremiante para Museveni, que ha gobernado Uganda durante 35 a\u00f1os.<\/p>\n<p>En marzo, Estados Unidos vincul\u00f3 oficialmente a las ADF con el grupo Estado Isl\u00e1mico. Los rumores de sus v\u00ednculos surgieron en 2019 del Grupo de Inteligencia SITE, que rastrea las actividades en l\u00ednea de organizaciones extremistas. <\/p>\n","protected":false},"excerpt":{"rendered":"<p>Dos explosiones sacudieron Kampala, la capital de Uganda, y dejaron al menos tres civiles muertos y decenas de herido. Dos explosiones sacudieron este martes a Kampala, la capital de Uganda, causando la muerte de al menos tres atacantes suicidas y tres civiles y decenas de heridos, en un ataque que fue reivindicado horas m\u00e1s tarde [&hellip;]<\/p>\n","protected":false},"author":1,"featured_media":28459,"comment_status":"closed","ping_status":"closed","sticky":false,"template":"","format":"standard","meta":[],"categories":[24],"tags":[],"_links":{"self":[{"href":"http:\/\/cordobadirecto.com\/index.php\/wp-json\/wp\/v2\/posts\/28458"}],"collection":[{"href":"http:\/\/cordobadirecto.com\/index.php\/wp-json\/wp\/v2\/posts"}],"about":[{"href":"http:\/\/cordobadirecto.com\/index.php\/wp-json\/wp\/v2\/types\/post"}],"author":[{"embeddable":true,"href":"http:\/\/cordobadirecto.com\/index.php\/wp-json\/wp\/v2\/users\/1"}],"replies":[{"embeddable":true,"href":"http:\/\/cordobadirecto.com\/index.php\/wp-json\/wp\/v2\/comments?post=28458"}],"version-history":[{"count":0,"href":"http:\/\/cordobadirecto.com\/index.php\/wp-json\/wp\/v2\/posts\/28458\/revisions"}],"wp:featuredmedia":[{"embeddable":true,"href":"http:\/\/cordobadirecto.com\/index.php\/wp-json\/wp\/v2\/media\/28459"}],"wp:attachment":[{"href":"http:\/\/cordobadirecto.com\/index.php\/wp-json\/wp\/v2\/media?parent=28458"}],"wp:term":[{"taxonomy":"category","embeddable":true,"href":"http:\/\/cordobadirecto.com\/index.php\/wp-json\/wp\/v2\/categories?post=28458"},{"taxonomy":"post_tag","embeddable":true,"href":"http:\/\/cordobadirecto.com\/index.php\/wp-json\/wp\/v2\/tags?post=28458"}],"curies":[{"name":"wp","href":"https:\/\/api.w.org\/{rel}","templated":true}]}}