{"id":28460,"date":"2021-11-17T04:09:35","date_gmt":"2021-11-17T04:09:35","guid":{"rendered":"http:\/\/cordobadirecto.com\/index.php\/2021\/11\/17\/el-voto-local-esta-condicionado-por-la-cuestion-ambiental-el-ancasti\/"},"modified":"2021-11-17T04:09:35","modified_gmt":"2021-11-17T04:09:35","slug":"el-voto-local-esta-condicionado-por-la-cuestion-ambiental-el-ancasti","status":"publish","type":"post","link":"http:\/\/cordobadirecto.com\/index.php\/2021\/11\/17\/el-voto-local-esta-condicionado-por-la-cuestion-ambiental-el-ancasti\/","title":{"rendered":"&quot;El voto local est\u00e1 condicionado por la cuesti\u00f3n ambiental&quot; &#8211; El Ancasti"},"content":{"rendered":"<p>Pol\u00edtica y <b>Econom\u00eda<\/b>. Autor sin foto cargada. Por Redacci\u00f3n El Ancasti. 17\/11\/2021 \u00b7 01:00. El intendente de Andalgal\u00e1, Eduardo <b>C\u00f3rdoba<\/b>, destac\u00f3 el&nbsp;&#8230; <\/p>\n","protected":false},"excerpt":{"rendered":"<p>Pol\u00edtica y Econom\u00eda. Autor sin foto cargada. Por Redacci\u00f3n El Ancasti. 17\/11\/2021 \u00b7 01:00. El intendente de Andalgal\u00e1, Eduardo C\u00f3rdoba, destac\u00f3 el&nbsp;&#8230;<\/p>\n","protected":false},"author":1,"featured_media":0,"comment_status":"closed","ping_status":"closed","sticky":false,"template":"","format":"standard","meta":[],"categories":[40],"tags":[],"_links":{"self":[{"href":"http:\/\/cordobadirecto.com\/index.php\/wp-json\/wp\/v2\/posts\/28460"}],"collection":[{"href":"http:\/\/cordobadirecto.com\/index.php\/wp-json\/wp\/v2\/posts"}],"about":[{"href":"http:\/\/cordobadirecto.com\/index.php\/wp-json\/wp\/v2\/types\/post"}],"author":[{"embeddable":true,"href":"http:\/\/cordobadirecto.com\/index.php\/wp-json\/wp\/v2\/users\/1"}],"replies":[{"embeddable":true,"href":"http:\/\/cordobadirecto.com\/index.php\/wp-json\/wp\/v2\/comments?post=28460"}],"version-history":[{"count":0,"href":"http:\/\/cordobadirecto.com\/index.php\/wp-json\/wp\/v2\/posts\/28460\/revisions"}],"wp:attachment":[{"href":"http:\/\/cordobadirecto.com\/index.php\/wp-json\/wp\/v2\/media?parent=28460"}],"wp:term":[{"taxonomy":"category","embeddable":true,"href":"http:\/\/cordobadirecto.com\/index.php\/wp-json\/wp\/v2\/categories?post=28460"},{"taxonomy":"post_tag","embeddable":true,"href":"http:\/\/cordobadirecto.com\/index.php\/wp-json\/wp\/v2\/tags?post=28460"}],"curies":[{"name":"wp","href":"https:\/\/api.w.org\/{rel}","templated":true}]}}