{"id":28487,"date":"2021-11-17T04:52:40","date_gmt":"2021-11-17T04:52:40","guid":{"rendered":"https:\/\/www.bbc.com\/mundo\/noticias-internacional-59276952"},"modified":"2021-11-17T04:52:40","modified_gmt":"2021-11-17T04:52:40","slug":"el-nuevo-despliegue-de-tropas-rusas-en-la-frontera-con-ucrania-que-preocupa-a-la-union-europea-y-estados-unidos","status":"publish","type":"post","link":"http:\/\/cordobadirecto.com\/index.php\/2021\/11\/17\/el-nuevo-despliegue-de-tropas-rusas-en-la-frontera-con-ucrania-que-preocupa-a-la-union-europea-y-estados-unidos\/","title":{"rendered":"El nuevo despliegue de tropas rusas en la frontera con Ucrania que preocupa a la Uni\u00f3n Europea y Estados Unidos"},"content":{"rendered":"<div dir=\"ltr\" class=\"e1j2237y5 bbc-q4ibpr e57qer20\">\n<div class=\"bbc-1atl7vu e1c9i7u14\">\n<ul role=\"list\" class=\"bbc-k0l9bd e1c9i7u12\">\n<li role=\"listitem\" class=\"bbc-1a3w4ok e1c9i7u11\">Redacci\u00f3n <\/li>\n<li role=\"listitem\" class=\"bbc-1p92jtu e1c9i7u10\">BBC News Mundo<\/li>\n<\/ul>\n<\/div>\n<\/div>\n<p><time datetime=\"2021-11-17\" class=\"bbc-14xtggo e4zesg50\">2 horas<\/time><\/p>\n<div dir=\"ltr\" class=\"bbc-1ka88fa e57qer20\">\n<figure class=\"bbc-1qdcvv9 e6bmn90\">\n<div dir=\"ltr\" class=\"bbc-172p16q e57qer20\">\n<div dir=\"ltr\" class=\"bbc-189y18v e57qer20\" readability=\"6.5\">\n<div data-e2e=\"image-placeholder\" class=\"bbc-997y1y e1whu0\" readability=\"8\"><img loading=\"lazy\" srcset=\"http:\/\/cordobadirecto.com\/wp-content\/uploads\/2021\/11\/el-nuevo-despliegue-de-tropas-rusas-en-la-frontera-con-ucrania-que-preocupa-a-la-union-europea-y-estados-unidos-3.jpg 240w, http:\/\/cordobadirecto.com\/wp-content\/uploads\/2021\/11\/el-nuevo-despliegue-de-tropas-rusas-en-la-frontera-con-ucrania-que-preocupa-a-la-union-europea-y-estados-unidos-4.jpg 320w, http:\/\/cordobadirecto.com\/wp-content\/uploads\/2021\/11\/el-nuevo-despliegue-de-tropas-rusas-en-la-frontera-con-ucrania-que-preocupa-a-la-union-europea-y-estados-unidos-5.jpg 480w, http:\/\/cordobadirecto.com\/wp-content\/uploads\/2021\/11\/el-nuevo-despliegue-de-tropas-rusas-en-la-frontera-con-ucrania-que-preocupa-a-la-union-europea-y-estados-unidos-6.jpg 624w, http:\/\/cordobadirecto.com\/wp-content\/uploads\/2021\/11\/el-nuevo-despliegue-de-tropas-rusas-en-la-frontera-con-ucrania-que-preocupa-a-la-union-europea-y-estados-unidos-7.jpg 800w\" alt=\"56a Brigada Aerotransportada\" src=\"http:\/\/cordobadirecto.com\/wp-content\/uploads\/2021\/11\/el-nuevo-despliegue-de-tropas-rusas-en-la-frontera-con-ucrania-que-preocupa-a-la-union-europea-y-estados-unidos.jpg\" sizes=\"(min-width: 1008px) 645px, 100vw\" width=\"976\" height=\"549\" class=\"eehpdyc0 bbc-100dhyn e1enwo3v0\"><\/p>\n<p role=\"text\" class=\"bbc-1s1cxbv etq3yw90\"><span class=\"bbc-1gnhmg2 e1yt7oin0\">Fuente de la imagen, <\/span><span lang=\"en-GB\">\u041c\u0456\u043d\u043e\u0431\u043e\u0440\u043e\u043d\u0438 \u0420\u0424<\/span><\/p>\n<\/div>\n<\/div>\n<div dir=\"ltr\" class=\"bbc-3edg7g e57qer20\" readability=\"6\"><figcaption dir=\"ltr\" class=\"bbc-1t9zlwf eede9f50\" readability=\"2\"><span class=\"bbc-1gnhmg2 e1yt7oin0\">Pie de foto, <\/span><\/p>\n<p>El Kremlin ha desplegado m\u00e1s de 114.000 soldados a frontera con Ucrania.<\/p>\n<\/figcaption><\/div>\n<\/div>\n<\/figure>\n<\/div>\n<div dir=\"ltr\" class=\"bbc-19j92fr e57qer20\" readability=\"9\">\n<p dir=\"ltr\" class=\"bbc-bm53ic e1cc2ql70\"><b>Mientras el mundo sigue atento la crisis de migrantes entre Bielorrusia y Polonia, otra escalada m\u00e1s silenciosa se cierne sobre Europa del Este.<\/b><\/p>\n<\/div>\n<div dir=\"ltr\" class=\"bbc-19j92fr e57qer20\" readability=\"13\">\n<p dir=\"ltr\" class=\"bbc-bm53ic e1cc2ql70\">Desde hace d\u00edas, Rusia ha comenzado a mover un n\u00famero considerable de tropas y equipamiento militar hacia la frontera con Ucrania, al punto que varios gobiernos, incluidos los de EE.UU. y la Uni\u00f3n Europea (UE), han alertado sobre la posibilidad de un ataque este invierno.<\/p>\n<\/div>\n<div dir=\"ltr\" class=\"bbc-19j92fr e57qer20\" readability=\"9\">\n<p dir=\"ltr\" class=\"bbc-bm53ic e1cc2ql70\">Kiev y Mosc\u00fa est\u00e1n t\u00e9cnicamente en guerra desde hace m\u00e1s de siete a\u00f1os (cuando Putin invadi\u00f3 y se anex\u00f3 Crimea) y los enfrentamientos fronterizos y los movimientos militares rusos son frecuentes en el \u00e1rea.<\/p>\n<\/div>\n<div dir=\"ltr\" class=\"bbc-19j92fr e57qer20\" readability=\"10\">\n<p dir=\"ltr\" class=\"bbc-bm53ic e1cc2ql70\">De hecho, en la pasada primavera, tambi\u00e9n sonaron las alarmas cuando tanques rusos desplegados en la frontera ucraniana.<\/p>\n<\/div>\n<div dir=\"ltr\" class=\"bbc-19j92fr e57qer20\" readability=\"9\">\n<p dir=\"ltr\" class=\"bbc-bm53ic e1cc2ql70\">Sin embargo, varias fuentes de inteligencia occidentales han expresado temor de que la situaci\u00f3n ahora sea peor.<\/p>\n<\/div>\n<div dir=\"ltr\" class=\"bbc-19j92fr e57qer20\" readability=\"11\">\n<p dir=\"ltr\" class=\"bbc-bm53ic e1cc2ql70\">El Ministerio de Defensa de Ucrania calcula que m\u00e1s de <b>114.000 soldados rusos <\/b>han sido desplegados en el \u00e1rea fronteriza en el noreste, este y sur de Ucrania, incluidos unos 92.000 soldados de infanter\u00eda y fuerzas a\u00e9reas y mar\u00edtimas.<\/p>\n<\/div>\n<div dir=\"ltr\" class=\"bbc-19j92fr e57qer20\" readability=\"11\">\n<p dir=\"ltr\" class=\"bbc-bm53ic e1cc2ql70\">La semana pasada Washington asegur\u00f3 contar con reportes de inteligencia que se\u00f1alaban que el Kremlin se &#8220;preparaba para una invasi\u00f3n&#8221; y el lunes el jefe de la OTAN, Jens Stoltenberg, llam\u00f3 a estar atentos ante la &#8220;significativa concentraci\u00f3n militar rusa&#8221;.<\/p>\n<\/div>\n<div dir=\"ltr\" class=\"bbc-19j92fr e57qer20\" readability=\"10\">\n<p dir=\"ltr\" class=\"bbc-bm53ic e1cc2ql70\">&#8220;Vemos una concentraci\u00f3n inusual de tropas y sabemos que Rusia ha estado dispuesta a utilizar este tipo de capacidades militares antes para llevar a cabo acciones agresivas contra Ucrania&#8221;, dijo Stoltenberg en una conferencia de prensa.<\/p>\n<\/div>\n<div dir=\"ltr\" class=\"bbc-19j92fr e57qer20\" readability=\"13\">\n<p dir=\"ltr\" class=\"bbc-bm53ic e1cc2ql70\">El martes, el presidente franc\u00e9s, Emmanuel Macron, convers\u00f3 con su par ruso para expresarle que Francia estaba lista &#8220;para defender la soberan\u00eda territorial de Ucrania&#8221;, mientras Alemania tambi\u00e9n alert\u00f3 sobre &#8220;serias consecuencias&#8221; en caso de que Mosc\u00fa agreda al pa\u00eds vecino.<\/p>\n<\/div>\n<div dir=\"ltr\" class=\"bbc-19j92fr e57qer20\" readability=\"11\">\n<p dir=\"ltr\" class=\"bbc-bm53ic e1cc2ql70\">Anteriormente, el jefe de las Fuerzas Armadas Brit\u00e1nicas, el general Nick Carter, dijo al diario Times que Reino Unido deber\u00eda &#8220;estar listo&#8221; para la guerra con Rusia.<\/p>\n<\/div>\n<div dir=\"ltr\" class=\"bbc-19j92fr e57qer20\" readability=\"11\">\n<p dir=\"ltr\" class=\"bbc-bm53ic e1cc2ql70\">El Kremlin no ha negado los movimientos militares, pero ha tildado las sugerencias de una potencial agresi\u00f3n como &#8220;incendiarias&#8221; y ha culpado a la OTAN de realizar ejercicios militares en el Mar Negro, frente a las costas de Crimea.<\/p>\n<\/div>\n<p><h2 id=\"El-contexto\" tabindex=\"-1\" class=\"bbc-l3e97o e14hemmw0\">El contexto<\/h2>\n<\/p>\n<div dir=\"ltr\" class=\"bbc-19j92fr e57qer20\" readability=\"11\">\n<p dir=\"ltr\" class=\"bbc-bm53ic e1cc2ql70\">La guerra de 2014, que llev\u00f3 a la anexi\u00f3n rusa de Crimea, ha dejado hasta la fecha m\u00e1s de 14.000 muertos, seg\u00fan cifras oficiales.<\/p>\n<\/div>\n<div dir=\"ltr\" class=\"bbc-19j92fr e57qer20\" readability=\"9\">\n<p dir=\"ltr\" class=\"bbc-bm53ic e1cc2ql70\">Los bandos firmaron un armisticio hace m\u00e1s de un a\u00f1o, lo que llev\u00f3 a una desescalada notable del conflicto.<\/p>\n<\/div>\n<div dir=\"ltr\" class=\"bbc-19j92fr e57qer20\" readability=\"12\">\n<p dir=\"ltr\" class=\"bbc-bm53ic e1cc2ql70\">Sin embargo, en la primavera pasada, el Kremlin realiz\u00f3 ejercicios militares en Crimea y luego dispuso un amplio despliegue de equipo militar pesado cerca de la regi\u00f3n del Domb\u00e1s, el \u00e1rea fronteriza en el este de Ucrania donde se inici\u00f3 el conflicto.<\/p>\n<\/div>\n<div dir=\"ltr\" class=\"bbc-19j92fr e57qer20\" readability=\"8\">\n<p dir=\"ltr\" class=\"bbc-bm53ic e1cc2ql70\">Semanas m\u00e1s tarde retiraron las tropas, aunque ahora est\u00e1n de vuelta. <\/p>\n<\/div>\n<div dir=\"ltr\" class=\"bbc-1ka88fa e57qer20\">\n<figure class=\"bbc-1qdcvv9 e6bmn90\">\n<div dir=\"ltr\" class=\"bbc-172p16q e57qer20\">\n<div dir=\"ltr\" class=\"bbc-189y18v e57qer20\" readability=\"6.5\">\n<div data-e2e=\"image-placeholder\" class=\"bbc-997y1y e1whu0\" readability=\"8\"><noscript><img loading=\"lazy\" srcset=\"http:\/\/cordobadirecto.com\/wp-content\/uploads\/2021\/11\/el-nuevo-despliegue-de-tropas-rusas-en-la-frontera-con-ucrania-que-preocupa-a-la-union-europea-y-estados-unidos-8.jpg 240w, http:\/\/cordobadirecto.com\/wp-content\/uploads\/2021\/11\/el-nuevo-despliegue-de-tropas-rusas-en-la-frontera-con-ucrania-que-preocupa-a-la-union-europea-y-estados-unidos-9.jpg 320w, http:\/\/cordobadirecto.com\/wp-content\/uploads\/2021\/11\/el-nuevo-despliegue-de-tropas-rusas-en-la-frontera-con-ucrania-que-preocupa-a-la-union-europea-y-estados-unidos-10.jpg 480w, http:\/\/cordobadirecto.com\/wp-content\/uploads\/2021\/11\/el-nuevo-despliegue-de-tropas-rusas-en-la-frontera-con-ucrania-que-preocupa-a-la-union-europea-y-estados-unidos-11.jpg 624w, http:\/\/cordobadirecto.com\/wp-content\/uploads\/2021\/11\/el-nuevo-despliegue-de-tropas-rusas-en-la-frontera-con-ucrania-que-preocupa-a-la-union-europea-y-estados-unidos-12.jpg 800w\" alt=\"putin\" src=\"http:\/\/cordobadirecto.com\/wp-content\/uploads\/2021\/11\/el-nuevo-despliegue-de-tropas-rusas-en-la-frontera-con-ucrania-que-preocupa-a-la-union-europea-y-estados-unidos-1.jpg\" sizes=\"(min-width: 1008px) 645px, 100vw\" width=\"976\" height=\"549\" class=\"eehpdyc0 bbc-100dhyn e1enwo3v0\"><\/noscript><\/p>\n<p role=\"text\" class=\"bbc-1s1cxbv etq3yw90\"><span class=\"bbc-1gnhmg2 e1yt7oin0\">Fuente de la imagen, <\/span><span lang=\"en-GB\">Getty Images<\/span><\/p>\n<\/div>\n<\/div>\n<div dir=\"ltr\" class=\"bbc-3edg7g e57qer20\" readability=\"6\"><figcaption dir=\"ltr\" class=\"bbc-1t9zlwf eede9f50\" readability=\"2\"><span class=\"bbc-1gnhmg2 e1yt7oin0\">Pie de foto, <\/span><\/p>\n<p>Putin ha cuestionado recientes ejercicios de la OTAN.<\/p>\n<\/figcaption><\/div>\n<\/div>\n<\/figure>\n<\/div>\n<div dir=\"ltr\" class=\"bbc-19j92fr e57qer20\" readability=\"11\">\n<p dir=\"ltr\" class=\"bbc-bm53ic e1cc2ql70\">&#8220;Esta vez es m\u00e1s dif\u00edcil explicar el movimiento de tanques y artiller\u00eda en grandes cantidades desde las regiones centrales hacia las regiones occidentales cercanas a las fronteras de Ucrania&#8221;, le dice a a BBC Mundo <b>Zhanna Bezpiatchuk<\/b>, corresponsal de la BBC en Kiev.<\/p>\n<\/div>\n<div dir=\"ltr\" class=\"bbc-19j92fr e57qer20\" readability=\"14\">\n<p dir=\"ltr\" class=\"bbc-bm53ic e1cc2ql70\">De acuerdo con Bezpiatchuk, quien ha cubierto desde el terreno despliegues militares anteriores de Rusia, en otras ocasiones ha habido ejercicios y movimientos militares que, de alguna forma, han justificado las operaciones, algo que no est\u00e1 muy claro ahora.<\/p>\n<\/div>\n<div dir=\"ltr\" class=\"bbc-19j92fr e57qer20\" readability=\"10\">\n<p dir=\"ltr\" class=\"bbc-bm53ic e1cc2ql70\">Un reciente reporte de la Fundaci\u00f3n Carnegie para la Paz Internacional se\u00f1ala que una &#8220;revisi\u00f3n cuidadosa&#8221; del historial del l\u00edder ruso con respecto a Ucrania sugiere que &#8220;casi todos los componentes necesarios y las justificaciones para la intervenci\u00f3n militar est\u00e1n en su lugar o se est\u00e1n moviendo hacia \u00e9l&#8221;. <\/p>\n<\/div>\n<div dir=\"ltr\" class=\"bbc-19j92fr e57qer20\" readability=\"9\">\n<p dir=\"ltr\" class=\"bbc-bm53ic e1cc2ql70\">&#8220;Tanto los indicadores a corto como a largo plazo sugieren que Kiev y Washington tienen buenas razones para preocuparse&#8221;, se\u00f1ala el texto.<\/p>\n<\/div>\n<div dir=\"ltr\" class=\"bbc-19j92fr e57qer20\" readability=\"11\">\n<p dir=\"ltr\" class=\"bbc-bm53ic e1cc2ql70\">Bezpiatchuk se\u00f1ala que, adem\u00e1s del escenario de un invasi\u00f3n &#8220;con el pretexto de defender a los ciudadanos rusos&#8221; que viven en las \u00e1reas controladas por Mosc\u00fa, tambi\u00e9n el Kremlin podr\u00eda querer presionar a Europa para que exima al gasoducto ruso North Stream-2 de las regulaciones europeas.<\/p>\n<\/div>\n<div dir=\"ltr\" class=\"bbc-19j92fr e57qer20\" readability=\"10\">\n<p dir=\"ltr\" class=\"bbc-bm53ic e1cc2ql70\">Este mismo martes, el regulador de energ\u00eda de Alemania suspendi\u00f3 la aprobaci\u00f3n del controvertido gasoducto que va de Rusia a Alemania por considerar que antes de ser certificado debe cumplir con las leyes locales.<\/p>\n<\/div>\n<div class=\"bbc-sffzb7 e8v25yx0\">\n<p><h2 id=\"Qu\u00e9-ha-dicho-Rusia\" tabindex=\"-1\" class=\"bbc-l3e97o e14hemmw0\">\u00bfQu\u00e9 ha dicho Rusia?<\/h2>\n<\/p>\n<\/div>\n<div dir=\"ltr\" class=\"bbc-19j92fr e57qer20\" readability=\"8\">\n<p dir=\"ltr\" class=\"bbc-bm53ic e1cc2ql70\">El gobierno de Rusia ha cuestionado lo que considera &#8220;histeria&#8221; de Occidente y ha justificado el movimiento de tropas por los recientes ejercicios militares de la OTAN en el Mar Negro.<\/p>\n<\/div>\n<div dir=\"ltr\" class=\"bbc-19j92fr e57qer20\" readability=\"10\">\n<p dir=\"ltr\" class=\"bbc-bm53ic e1cc2ql70\">En una comparecencia en la televisi\u00f3n estatal el fin de semana, el presidente Vladimir Putin dijo que Mosc\u00fa estaba preocupado por los simulacros no anunciados que involucraban a un &#8220;poderoso grupo naval&#8221; y aviones que portaban armas nucleares estrat\u00e9gicas.<\/p>\n<\/div>\n<div dir=\"ltr\" class=\"bbc-19j92fr e57qer20\" readability=\"8\">\n<p dir=\"ltr\" class=\"bbc-bm53ic e1cc2ql70\">En su criterio, esto representaba un &#8220;serio desaf\u00edo&#8221; para Rusia.<\/p>\n<\/div>\n<div dir=\"ltr\" class=\"bbc-1ka88fa e57qer20\">\n<figure class=\"bbc-1qdcvv9 e6bmn90\">\n<div dir=\"ltr\" class=\"bbc-172p16q e57qer20\">\n<div dir=\"ltr\" class=\"bbc-189y18v e57qer20\" readability=\"6.5\">\n<div data-e2e=\"image-placeholder\" class=\"bbc-997y1y e1whu0\" readability=\"8\"><noscript><img loading=\"lazy\" srcset=\"http:\/\/cordobadirecto.com\/wp-content\/uploads\/2021\/11\/el-nuevo-despliegue-de-tropas-rusas-en-la-frontera-con-ucrania-que-preocupa-a-la-union-europea-y-estados-unidos-8.jpg 240w, http:\/\/cordobadirecto.com\/wp-content\/uploads\/2021\/11\/el-nuevo-despliegue-de-tropas-rusas-en-la-frontera-con-ucrania-que-preocupa-a-la-union-europea-y-estados-unidos-9.jpg 320w, http:\/\/cordobadirecto.com\/wp-content\/uploads\/2021\/11\/el-nuevo-despliegue-de-tropas-rusas-en-la-frontera-con-ucrania-que-preocupa-a-la-union-europea-y-estados-unidos-10.jpg 480w, http:\/\/cordobadirecto.com\/wp-content\/uploads\/2021\/11\/el-nuevo-despliegue-de-tropas-rusas-en-la-frontera-con-ucrania-que-preocupa-a-la-union-europea-y-estados-unidos-11.jpg 624w, http:\/\/cordobadirecto.com\/wp-content\/uploads\/2021\/11\/el-nuevo-despliegue-de-tropas-rusas-en-la-frontera-con-ucrania-que-preocupa-a-la-union-europea-y-estados-unidos-12.jpg 800w\" alt=\"putin\" src=\"http:\/\/cordobadirecto.com\/wp-content\/uploads\/2021\/11\/el-nuevo-despliegue-de-tropas-rusas-en-la-frontera-con-ucrania-que-preocupa-a-la-union-europea-y-estados-unidos-1.jpg\" sizes=\"(min-width: 1008px) 645px, 100vw\" width=\"976\" height=\"549\" class=\"eehpdyc0 bbc-100dhyn e1enwo3v0\"><\/noscript><\/p>\n<p role=\"text\" class=\"bbc-1s1cxbv etq3yw90\"><span class=\"bbc-1gnhmg2 e1yt7oin0\">Fuente de la imagen, <\/span><span lang=\"en-GB\">Getty Images<\/span><\/p>\n<\/div>\n<\/div>\n<div dir=\"ltr\" class=\"bbc-3edg7g e57qer20\" readability=\"6\"><figcaption dir=\"ltr\" class=\"bbc-1t9zlwf eede9f50\" readability=\"2\"><span class=\"bbc-1gnhmg2 e1yt7oin0\">Pie de foto, <\/span><\/p>\n<p>Putin ha cuestionado recientes ejercicios de la OTAN.<\/p>\n<\/figcaption><\/div>\n<\/div>\n<\/figure>\n<\/div>\n<div dir=\"ltr\" class=\"bbc-19j92fr e57qer20\" readability=\"10\">\n<p dir=\"ltr\" class=\"bbc-bm53ic e1cc2ql70\">&#8220;Tienes la impresi\u00f3n de que no nos dejar\u00e1n bajar la guardia. Bueno, h\u00e1ganles saber que no vamos a bajar la guardia&#8221;, agreg\u00f3.<\/p>\n<\/div>\n<div dir=\"ltr\" class=\"bbc-19j92fr e57qer20\" readability=\"11\">\n<p dir=\"ltr\" class=\"bbc-bm53ic e1cc2ql70\">Las relaciones entre Mosc\u00fa y la OTAN se han tensado en las \u00faltimas semanas, luego de que el Kremlin suspendiera su misi\u00f3n en la sede del organismo en Bruselas el 18 de octubre, despu\u00e9s de que la alianza expulsara a ocho representantes rusos acusados de espionaje.<\/p>\n<\/div>\n<p><h2 id=\"Qu\u00e9-ha-dicho-Ucrania\" tabindex=\"-1\" class=\"bbc-l3e97o e14hemmw0\">\u00bfQu\u00e9 ha dicho Ucrania?<\/h2>\n<\/p>\n<div dir=\"ltr\" class=\"bbc-19j92fr e57qer20\" readability=\"8\">\n<p dir=\"ltr\" class=\"bbc-bm53ic e1cc2ql70\">Bezpiatchuk cuenta que el gobierno de Ucrania dej\u00f3 pasar los d\u00edas en esta ocasi\u00f3n antes levantar la voz de alarma.<\/p>\n<\/div>\n<div dir=\"ltr\" class=\"bbc-19j92fr e57qer20\" readability=\"8\">\n<p dir=\"ltr\" class=\"bbc-bm53ic e1cc2ql70\">&#8220;Tardaron 10 d\u00edas en confirmar la acumulaci\u00f3n de tropas&#8221;, dice.<\/p>\n<\/div>\n<div dir=\"ltr\" class=\"bbc-19j92fr e57qer20\" readability=\"10\">\n<p dir=\"ltr\" class=\"bbc-bm53ic e1cc2ql70\">Varias figuras del gobierno ucraniano, incluido el presidente y altos oficiales, han salido a cuestionar a Rusia por estos movimientos de tropas.<\/p>\n<\/div>\n<div dir=\"ltr\" class=\"bbc-19j92fr e57qer20\" readability=\"11\">\n<p dir=\"ltr\" class=\"bbc-bm53ic e1cc2ql70\">&#8220;Ha sido la realidad de Ucrania durante siete a\u00f1os vivir con la amenaza existencial de Rusia. Quiz\u00e1s, esta rigidez en la aceptaci\u00f3n de los desarrollos recientes podr\u00eda explicarse en parte por la fatiga de la guerra que muchos sienten en Ucrania&#8221;, se\u00f1ala Bezpiatchuk.<\/p>\n<\/div>\n<div dir=\"ltr\" class=\"bbc-1ka88fa e57qer20\">\n<figure class=\"bbc-1qdcvv9 e6bmn90\">\n<div dir=\"ltr\" class=\"bbc-172p16q e57qer20\">\n<div dir=\"ltr\" class=\"bbc-189y18v e57qer20\" readability=\"6.5\">\n<div data-e2e=\"image-placeholder\" class=\"bbc-997y1y e1whu0\" readability=\"8\"><noscript><img loading=\"lazy\" srcset=\"http:\/\/cordobadirecto.com\/wp-content\/uploads\/2021\/11\/el-nuevo-despliegue-de-tropas-rusas-en-la-frontera-con-ucrania-que-preocupa-a-la-union-europea-y-estados-unidos-13.jpg 240w, http:\/\/cordobadirecto.com\/wp-content\/uploads\/2021\/11\/el-nuevo-despliegue-de-tropas-rusas-en-la-frontera-con-ucrania-que-preocupa-a-la-union-europea-y-estados-unidos-14.jpg 320w, http:\/\/cordobadirecto.com\/wp-content\/uploads\/2021\/11\/el-nuevo-despliegue-de-tropas-rusas-en-la-frontera-con-ucrania-que-preocupa-a-la-union-europea-y-estados-unidos-15.jpg 480w, http:\/\/cordobadirecto.com\/wp-content\/uploads\/2021\/11\/el-nuevo-despliegue-de-tropas-rusas-en-la-frontera-con-ucrania-que-preocupa-a-la-union-europea-y-estados-unidos-16.jpg 624w, http:\/\/cordobadirecto.com\/wp-content\/uploads\/2021\/11\/el-nuevo-despliegue-de-tropas-rusas-en-la-frontera-con-ucrania-que-preocupa-a-la-union-europea-y-estados-unidos-17.jpg 800w\" alt=\"Zelensky\" src=\"http:\/\/cordobadirecto.com\/wp-content\/uploads\/2021\/11\/el-nuevo-despliegue-de-tropas-rusas-en-la-frontera-con-ucrania-que-preocupa-a-la-union-europea-y-estados-unidos-2.jpg\" sizes=\"(min-width: 1008px) 645px, 100vw\" width=\"976\" height=\"549\" class=\"eehpdyc0 bbc-100dhyn e1enwo3v0\"><\/noscript><\/p>\n<p role=\"text\" class=\"bbc-1s1cxbv etq3yw90\"><span class=\"bbc-1gnhmg2 e1yt7oin0\">Fuente de la imagen, <\/span><span lang=\"en-GB\">Getty Images<\/span><\/p>\n<\/div>\n<\/div>\n<div dir=\"ltr\" class=\"bbc-3edg7g e57qer20\" readability=\"7.5\"><figcaption dir=\"ltr\" class=\"bbc-1t9zlwf eede9f50\" readability=\"5\"><span class=\"bbc-1gnhmg2 e1yt7oin0\">Pie de foto, <\/span><\/p>\n<p>El presidente ucraniano, Vlodomir Zelensky, ha buscado el apoyo de varios l\u00edderes internacionales ante el despliegue militar ruso.<\/p>\n<\/figcaption><\/div>\n<\/div>\n<\/figure>\n<\/div>\n<div dir=\"ltr\" class=\"bbc-19j92fr e57qer20\" readability=\"14\">\n<p dir=\"ltr\" class=\"bbc-bm53ic e1cc2ql70\">Las tensiones en el \u00e1rea del Domb\u00e1s tambi\u00e9n se han acrecentado en los \u00faltimos tiempos, luego de que el 26 de octubre, el ej\u00e9rcito de Ucrania confirmara que hab\u00eda utilizado un dron de fabricaci\u00f3n turca, la primera vez que Kiev ha empleado esta tecnolog\u00eda en combate, lo que provoc\u00f3 una protesta en Mosc\u00fa.<\/p>\n<\/div>\n<div dir=\"ltr\" class=\"bbc-19j92fr e57qer20\" readability=\"10\">\n<p dir=\"ltr\" class=\"bbc-bm53ic e1cc2ql70\">El portavoz del Kremlin, Dmitry Peskov, conden\u00f3 la venta de drones turcos a Ucrania y consider\u00f3 que su adquisici\u00f3n &#8220;desestabiliz\u00f3&#8221; la situaci\u00f3n.<\/p>\n<\/div>\n<p><h2 id=\"Por-qu\u00e9-importa-lo-que-sucede-en-Bielorrusia\" tabindex=\"-1\" class=\"bbc-l3e97o e14hemmw0\">\u00bfPor qu\u00e9 importa lo que sucede en Bielorrusia?<\/h2>\n<\/p>\n<div dir=\"ltr\" class=\"bbc-19j92fr e57qer20\" readability=\"10\">\n<p dir=\"ltr\" class=\"bbc-bm53ic e1cc2ql70\">Mientras esto sucede en la frontera oriental de Ucrania, en el norte, la crisis de los migrantes en Bielorrusia tambi\u00e9n es vista con alarma.<\/p>\n<\/div>\n<div dir=\"ltr\" class=\"bbc-19j92fr e57qer20\" readability=\"12\">\n<p dir=\"ltr\" class=\"bbc-bm53ic e1cc2ql70\">La pasada semana, el secretario de Estado de EE.UU., Antony Blinken, dijo su pa\u00eds tem\u00eda que Rusia y Bielorrrusia estuvieran utilizando la situaci\u00f3n de los migrantes como &#8220;cortina de humo&#8221; para lanzar una operaci\u00f3n en Ucrania.<\/p>\n<\/div>\n<div dir=\"ltr\" class=\"bbc-19j92fr e57qer20\" readability=\"10\">\n<p dir=\"ltr\" class=\"bbc-bm53ic e1cc2ql70\">&#8220;Hemos visto en el pasado fuerzas de Rusia en las fronteras de Ucrania utilizar alg\u00fan tipo de pretexto de provocaci\u00f3n para luego invadir y b\u00e1sicamente seguir adelante con algo que estaban planeando todo el tiempo&#8221;, dijo Blinken.<\/p>\n<\/div>\n<div dir=\"ltr\" class=\"bbc-19j92fr e57qer20\" readability=\"9\">\n<p dir=\"ltr\" class=\"bbc-bm53ic e1cc2ql70\">Pero, de acuerdo con Bezpiatchuk, los peligros no terminan ah\u00ed. <\/p>\n<\/div>\n<div dir=\"ltr\" class=\"bbc-19j92fr e57qer20\" readability=\"9\">\n<p dir=\"ltr\" class=\"bbc-bm53ic e1cc2ql70\">Y es que Ucrania tiene una frontera de m\u00e1s de 1.000 km de largo con Bielorrusia que est\u00e1 b\u00e1sicamente formada por pantanos, bosques y campos. <\/p>\n<\/div>\n<div dir=\"ltr\" class=\"bbc-19j92fr e57qer20\" readability=\"10\">\n<p dir=\"ltr\" class=\"bbc-bm53ic e1cc2ql70\">No hay barreras protectoras en esta frontera y, de hecho, es muy f\u00e1cil ingresar al territorio de Ucrania desde Bielorrusia. <\/p>\n<\/div>\n<div dir=\"ltr\" class=\"bbc-19j92fr e57qer20\" readability=\"10\">\n<p dir=\"ltr\" class=\"bbc-bm53ic e1cc2ql70\">Esto, dice la corresponsal de la BBC, hace que el pa\u00eds sea extremadamente vulnerable si el presidente bielorruso Alexander Lukashenko redirige a los migrantes hacia Ucrania. <\/p>\n<\/div>\n<div dir=\"ltr\" class=\"bbc-19j92fr e57qer20\" readability=\"10\">\n<p dir=\"ltr\" class=\"bbc-bm53ic e1cc2ql70\">&#8220;Este escenario parece muy realista para muchos en Ucrania si Polonia bloquea su frontera y los migrantes pierden la \u00faltima oportunidad de cruzar a Uni\u00f3n Europea. Entonces podr\u00edan buscar refugio en Ucrania como lugar de tr\u00e1nsito&#8221;, dice.<\/p>\n<\/div>\n<div dir=\"ltr\" class=\"bbc-19j92fr e57qer20\" readability=\"9\">\n<p dir=\"ltr\" class=\"bbc-bm53ic e1cc2ql70\">Esto crear\u00eda, en su criterio, una tensi\u00f3n en dos frentes para el gobierno ucraniano.<\/p>\n<\/div>\n<div dir=\"ltr\" class=\"bbc-19j92fr e57qer20\" readability=\"12\">\n<p dir=\"ltr\" class=\"bbc-bm53ic e1cc2ql70\">Lukashenko, un fiel aliado de Putin, acus\u00f3 a Estados Unidos recientemente de construir bases militares de la OTAN en Ucrania utilizando centros de entrenamiento como pretexto. Y en septiembre pasado, Rusia y Bielorrusia llevaron a cabo ejercicios militares cerca de las fronteras de Ucrania.<\/p>\n<\/div>\n<div dir=\"ltr\" class=\"bbc-19j92fr e57qer20\" readability=\"11\">\n<p dir=\"ltr\" class=\"bbc-bm53ic e1cc2ql70\">&#8220;Aunque Bielorrusia no tiene ning\u00fan papel proactivo en el conflicto, muchos creen que en los momentos cr\u00edticos, seguir\u00e1 la l\u00ednea de Rusia&#8221;, opina Bezpiatchuk. <\/p>\n<\/div>\n<div dir=\"ltr\" class=\"bbc-1ka88fa e57qer20\">\n<figure class=\"bbc-1qdcvv9 e6bmn90\">\n<div dir=\"ltr\" class=\"bbc-172p16q e57qer20\">\n<div dir=\"ltr\" class=\"bbc-189y18v e57qer20\">\n<div data-e2e=\"image-placeholder\" class=\"bbc-997y1y e1whu0\"><noscript><img loading=\"lazy\" srcset=\"http:\/\/cordobadirecto.com\/wp-content\/uploads\/2021\/11\/el-nuevo-despliegue-de-tropas-rusas-en-la-frontera-con-ucrania-que-preocupa-a-la-union-europea-y-estados-unidos.png 240w, http:\/\/cordobadirecto.com\/wp-content\/uploads\/2021\/11\/el-nuevo-despliegue-de-tropas-rusas-en-la-frontera-con-ucrania-que-preocupa-a-la-union-europea-y-estados-unidos.png 320w, http:\/\/cordobadirecto.com\/wp-content\/uploads\/2021\/11\/el-nuevo-despliegue-de-tropas-rusas-en-la-frontera-con-ucrania-que-preocupa-a-la-union-europea-y-estados-unidos.png 480w, http:\/\/cordobadirecto.com\/wp-content\/uploads\/2021\/11\/el-nuevo-despliegue-de-tropas-rusas-en-la-frontera-con-ucrania-que-preocupa-a-la-union-europea-y-estados-unidos.png 624w, http:\/\/cordobadirecto.com\/wp-content\/uploads\/2021\/11\/el-nuevo-despliegue-de-tropas-rusas-en-la-frontera-con-ucrania-que-preocupa-a-la-union-europea-y-estados-unidos.png 640w\" alt=\"Presentational grey line\" src=\"http:\/\/cordobadirecto.com\/wp-content\/uploads\/2021\/11\/el-nuevo-despliegue-de-tropas-rusas-en-la-frontera-con-ucrania-que-preocupa-a-la-union-europea-y-estados-unidos.png\" sizes=\"(min-width: 1008px) 645px, 100vw\" width=\"640\" height=\"2\" class=\"eehpdyc0 bbc-100dhyn e1enwo3v0\"><\/noscript><\/div>\n<\/div>\n<\/div>\n<\/figure>\n<\/div>\n<div dir=\"ltr\" class=\"bbc-19j92fr e57qer20\" readability=\"8\">\n<p dir=\"ltr\" class=\"bbc-bm53ic e1cc2ql70\"><i class=\"bbc-h1y5j7 ewc4zcb0\">Ahora puedes recibir notificaciones de BBC Mundo. Descarga nuestra app y act\u00edvalas para no perderte nuestro mejor contenido.<\/i><\/p>\n<\/div>\n","protected":false},"excerpt":{"rendered":"<p>Redacci\u00f3n BBC News Mundo 2 horas Fuente de la imagen, \u041c\u0456\u043d\u043e\u0431\u043e\u0440\u043e\u043d\u0438 \u0420\u0424 Pie de foto, El Kremlin ha desplegado m\u00e1s de 114.000 soldados a frontera con Ucrania. Mientras el mundo sigue atento la crisis de migrantes entre Bielorrusia y Polonia, otra escalada m\u00e1s silenciosa se cierne sobre Europa del Este. Desde hace d\u00edas, Rusia ha [&hellip;]<\/p>\n","protected":false},"author":1,"featured_media":28488,"comment_status":"closed","ping_status":"closed","sticky":false,"template":"","format":"standard","meta":[],"categories":[24],"tags":[],"_links":{"self":[{"href":"http:\/\/cordobadirecto.com\/index.php\/wp-json\/wp\/v2\/posts\/28487"}],"collection":[{"href":"http:\/\/cordobadirecto.com\/index.php\/wp-json\/wp\/v2\/posts"}],"about":[{"href":"http:\/\/cordobadirecto.com\/index.php\/wp-json\/wp\/v2\/types\/post"}],"author":[{"embeddable":true,"href":"http:\/\/cordobadirecto.com\/index.php\/wp-json\/wp\/v2\/users\/1"}],"replies":[{"embeddable":true,"href":"http:\/\/cordobadirecto.com\/index.php\/wp-json\/wp\/v2\/comments?post=28487"}],"version-history":[{"count":0,"href":"http:\/\/cordobadirecto.com\/index.php\/wp-json\/wp\/v2\/posts\/28487\/revisions"}],"wp:featuredmedia":[{"embeddable":true,"href":"http:\/\/cordobadirecto.com\/index.php\/wp-json\/wp\/v2\/media\/28488"}],"wp:attachment":[{"href":"http:\/\/cordobadirecto.com\/index.php\/wp-json\/wp\/v2\/media?parent=28487"}],"wp:term":[{"taxonomy":"category","embeddable":true,"href":"http:\/\/cordobadirecto.com\/index.php\/wp-json\/wp\/v2\/categories?post=28487"},{"taxonomy":"post_tag","embeddable":true,"href":"http:\/\/cordobadirecto.com\/index.php\/wp-json\/wp\/v2\/tags?post=28487"}],"curies":[{"name":"wp","href":"https:\/\/api.w.org\/{rel}","templated":true}]}}