{"id":28571,"date":"2021-11-17T07:21:06","date_gmt":"2021-11-17T07:21:06","guid":{"rendered":"http:\/\/cordobadirecto.com\/index.php\/2021\/11\/17\/mel-gibson-se-hara-cargo-de-la-direccion-de-la-quinta-entrega-de-arma-mortal\/"},"modified":"2021-11-17T07:21:06","modified_gmt":"2021-11-17T07:21:06","slug":"mel-gibson-se-hara-cargo-de-la-direccion-de-la-quinta-entrega-de-arma-mortal","status":"publish","type":"post","link":"http:\/\/cordobadirecto.com\/index.php\/2021\/11\/17\/mel-gibson-se-hara-cargo-de-la-direccion-de-la-quinta-entrega-de-arma-mortal\/","title":{"rendered":"Mel Gibson se har\u00e1 cargo de la direcci\u00f3n de la quinta entrega de &#8220;Arma mortal&#8221;"},"content":{"rendered":"<figure class=\"mb-3\"><img src=\"http:\/\/cordobadirecto.com\/wp-content\/uploads\/2021\/11\/mel-gibson-se-hara-cargo-de-la-direccion-de-la-quinta-entrega-de-arma-mortal.jpg\" alt=\"Danny Glover y Mel Gibsson vuelve a la carga en la ltima entrega de la saga\"><figcaption> Danny Glover y Mel Gibsson vuelve a la carga en la \u00faltima entrega de la saga. <\/figcaption><\/figure>\n<p>El reconocido actor y realizador<strong> Mel Gibson<\/strong> se har\u00e1 cargo de la direcci\u00f3n de la quinta entrega de <strong>&#8220;Arma mortal&#8221;<\/strong>, que tambi\u00e9n protagonizar\u00e1 junto a su famoso compa\u00f1ero de franquicia, <strong>Danny Glover<\/strong>, luego de que en julio pasado falleciera el cineasta <strong>Richard Donner<\/strong>, quien ya se encontraba trabajando en el proyecto.<\/p>\n<p>Seg\u00fan inform\u00f3 el sitio especializado The Hollywood Reporter, la producci\u00f3n de cinta -cuyo t\u00edtulo en ingl\u00e9s ser\u00e1 <strong>&#8220;Lethal Finale&#8221;<\/strong>&#8211; hab\u00eda quedado en pausa tras la muerte de Donner, responsable de las anteriores pel\u00edculas de la saga y de otros filmes como <strong>&#8220;Superman&#8221;<\/strong> (1978) y<strong> &#8220;Los Goonies&#8221;<\/strong> (1985), a los 91 a\u00f1os.<\/p>\n<p>Por ese motivo, Gibson, que dirigi\u00f3 la aclamada <strong>&#8220;Coraz\u00f3n valiente&#8221; <\/strong>(1995) y <strong>&#8220;Apocalypto&#8221;<\/strong> (2006), tomar\u00e1 el mismo rol para la que <strong>ser\u00e1 la \u00faltima aparici\u00f3n de la dupla de amigos-polic\u00edas que inici\u00f3 con Glover en los roles de Martin Riggs y Roger Murtaugh desde 1987.<\/strong><\/p>\n<p>Si bien la idea de Warner Bros. de desarrollar una nueva entrega de &#8220;Arma mortal&#8221; se ven\u00eda discutiendo tiempo atr\u00e1s, la compa\u00f1\u00eda reci\u00e9n le dio luz verde a la producci\u00f3n cuando se confirm\u00f3 que el elenco original y el director regresar\u00edan, esta vez con un guion a cargo de Richard Wenk (autor del libreto de &#8220;16 Calles&#8221;, el \u00faltimo filme de Donner, y de &#8220;El justiciero&#8221; -2014-).<\/p>\n<p>La entrega, que buscar\u00e1 mantener el esp\u00edritu de las cuatro pel\u00edculas anteriores, estar\u00e1 producida por Dan Lin junto a Shule Donner, la viuda del realizador.<\/p>\n<p>En un evento de la industria realizado el domingo pasado, <strong>Gibson se\u00f1al\u00f3 en di\u00e1logo con la prensa que antes de su fallecimiento, Donner estaba &#8220;desarrollando el guion y se encontraba bastante avanzado&#8221;.<\/strong><\/p>\n<p>&#8220;Un d\u00eda me dijo &#8216;escuchame, si pasa algo, vos te vas a encargar&#8217;. Y yo le respond\u00ed &#8220;callate&#8221;. S\u00ed sucedi\u00f3, y el me hab\u00eda pedido que lo hiciera en su momento. No dije nada, pero tambi\u00e9n se lo hab\u00eda comentado a su esposa, al estudio y al productor&#8221;, agreg\u00f3. <\/p>\n","protected":false},"excerpt":{"rendered":"<p>Danny Glover y Mel Gibsson vuelve a la carga en la \u00faltima entrega de la saga. El reconocido actor y realizador Mel Gibson se har\u00e1 cargo de la direcci\u00f3n de la quinta entrega de &#8220;Arma mortal&#8221;, que tambi\u00e9n protagonizar\u00e1 junto a su famoso compa\u00f1ero de franquicia, Danny Glover, luego de que en julio pasado falleciera [&hellip;]<\/p>\n","protected":false},"author":1,"featured_media":28572,"comment_status":"closed","ping_status":"closed","sticky":false,"template":"","format":"standard","meta":[],"categories":[20],"tags":[],"_links":{"self":[{"href":"http:\/\/cordobadirecto.com\/index.php\/wp-json\/wp\/v2\/posts\/28571"}],"collection":[{"href":"http:\/\/cordobadirecto.com\/index.php\/wp-json\/wp\/v2\/posts"}],"about":[{"href":"http:\/\/cordobadirecto.com\/index.php\/wp-json\/wp\/v2\/types\/post"}],"author":[{"embeddable":true,"href":"http:\/\/cordobadirecto.com\/index.php\/wp-json\/wp\/v2\/users\/1"}],"replies":[{"embeddable":true,"href":"http:\/\/cordobadirecto.com\/index.php\/wp-json\/wp\/v2\/comments?post=28571"}],"version-history":[{"count":0,"href":"http:\/\/cordobadirecto.com\/index.php\/wp-json\/wp\/v2\/posts\/28571\/revisions"}],"wp:featuredmedia":[{"embeddable":true,"href":"http:\/\/cordobadirecto.com\/index.php\/wp-json\/wp\/v2\/media\/28572"}],"wp:attachment":[{"href":"http:\/\/cordobadirecto.com\/index.php\/wp-json\/wp\/v2\/media?parent=28571"}],"wp:term":[{"taxonomy":"category","embeddable":true,"href":"http:\/\/cordobadirecto.com\/index.php\/wp-json\/wp\/v2\/categories?post=28571"},{"taxonomy":"post_tag","embeddable":true,"href":"http:\/\/cordobadirecto.com\/index.php\/wp-json\/wp\/v2\/tags?post=28571"}],"curies":[{"name":"wp","href":"https:\/\/api.w.org\/{rel}","templated":true}]}}