{"id":28620,"date":"2021-11-17T13:05:11","date_gmt":"2021-11-17T13:05:11","guid":{"rendered":"https:\/\/puntoapunto.com.ar\/?p=318692"},"modified":"2021-11-17T13:05:11","modified_gmt":"2021-11-17T13:05:11","slug":"edicion-semanal-todos-los-nominados-de-el-empresario-del-ano-2021","status":"publish","type":"post","link":"http:\/\/cordobadirecto.com\/index.php\/2021\/11\/17\/edicion-semanal-todos-los-nominados-de-el-empresario-del-ano-2021\/","title":{"rendered":"Edici\u00f3n semanal: todos los nominados de el Empresario del a\u00f1o 2021"},"content":{"rendered":"<div><img src=\"http:\/\/cordobadirecto.com\/wp-content\/uploads\/2021\/11\/edicion-semanal-todos-los-nominados-de-el-empresario-del-ano-2021.jpg\" class=\"ff-og-image-inserted\"><\/div>\n<div class=\"tdb-block-inner td-fix-index\" readability=\"25.816513761468\">\n<p>El proceso de selecci\u00f3n de los hombres y mujeres de negocios de C\u00f3rdoba lleg\u00f3 a su fin y el jurado confirm\u00f3 las ternas de<strong> El Empresario del A\u00f1o 2021<\/strong>.<\/p>\n<p>Como viene sucediendo desde hace varios a\u00f1os, el premio tiene una doble instancia de validaci\u00f3n para elegir a los ternados: por un lado, al momento de proponer nombres; y luego, cuando el jurado realiza la conformaci\u00f3n de las ternas. <strong>La Bolsa de Comercio de C\u00f3rdoba, la Fundaci\u00f3n Mediterr\u00e1nea, la Uni\u00f3n Industrial de C\u00f3rdoba y la C\u00e1mara de Comercio Exterior son, junto al director de Punto a Punto<\/strong>, quienes eligen las ternas.<\/p>\n<p>A estas entidades se suma<strong> PwC, para auditar todo el proceso de elecci\u00f3n, un sello de garant\u00eda<\/strong>, que ser\u00e1 acompa\u00f1ado por el soporte tecnol\u00f3gico de Goldway.<\/p>\n<p>Te presentamos a los nominados de este a\u00f1o.<\/p>\n<h3><span><a href=\"https:\/\/indd.adobe.com\/view\/a74d2ce0-77bc-4da8-adef-b61ec90e5a9b\" target=\"_blank\" rel=\"noopener\"><strong>Le\u00e9 la edici\u00f3n semanal completa haciendo click ac\u00e1<\/strong><\/a><\/span><\/h3>\n<\/p><\/div>\n","protected":false},"excerpt":{"rendered":"<p>El proceso de selecci\u00f3n de los hombres y mujeres de negocios de C\u00f3rdoba lleg\u00f3 a su fin y el jurado confirm\u00f3 las ternas de El Empresario del A\u00f1o 2021. Como viene sucediendo desde hace varios a\u00f1os, el premio tiene una doble instancia de validaci\u00f3n para elegir a los ternados: por un lado, al momento de [&hellip;]<\/p>\n","protected":false},"author":1,"featured_media":28621,"comment_status":"closed","ping_status":"closed","sticky":false,"template":"","format":"standard","meta":[],"categories":[25],"tags":[],"_links":{"self":[{"href":"http:\/\/cordobadirecto.com\/index.php\/wp-json\/wp\/v2\/posts\/28620"}],"collection":[{"href":"http:\/\/cordobadirecto.com\/index.php\/wp-json\/wp\/v2\/posts"}],"about":[{"href":"http:\/\/cordobadirecto.com\/index.php\/wp-json\/wp\/v2\/types\/post"}],"author":[{"embeddable":true,"href":"http:\/\/cordobadirecto.com\/index.php\/wp-json\/wp\/v2\/users\/1"}],"replies":[{"embeddable":true,"href":"http:\/\/cordobadirecto.com\/index.php\/wp-json\/wp\/v2\/comments?post=28620"}],"version-history":[{"count":0,"href":"http:\/\/cordobadirecto.com\/index.php\/wp-json\/wp\/v2\/posts\/28620\/revisions"}],"wp:featuredmedia":[{"embeddable":true,"href":"http:\/\/cordobadirecto.com\/index.php\/wp-json\/wp\/v2\/media\/28621"}],"wp:attachment":[{"href":"http:\/\/cordobadirecto.com\/index.php\/wp-json\/wp\/v2\/media?parent=28620"}],"wp:term":[{"taxonomy":"category","embeddable":true,"href":"http:\/\/cordobadirecto.com\/index.php\/wp-json\/wp\/v2\/categories?post=28620"},{"taxonomy":"post_tag","embeddable":true,"href":"http:\/\/cordobadirecto.com\/index.php\/wp-json\/wp\/v2\/tags?post=28620"}],"curies":[{"name":"wp","href":"https:\/\/api.w.org\/{rel}","templated":true}]}}