{"id":28626,"date":"2021-11-16T20:12:44","date_gmt":"2021-11-16T20:12:44","guid":{"rendered":"https:\/\/cordoba.gob.ar\/?p=16667"},"modified":"2021-11-16T20:12:44","modified_gmt":"2021-11-16T20:12:44","slug":"desfile-real-la-municipalidad-anuncia-los-detalles-de-la-nueva-edicion","status":"publish","type":"post","link":"http:\/\/cordobadirecto.com\/index.php\/2021\/11\/16\/desfile-real-la-municipalidad-anuncia-los-detalles-de-la-nueva-edicion\/","title":{"rendered":"\u201cDesfile Real\u201d: la Municipalidad anuncia los detalles de la Nueva Edici\u00f3n"},"content":{"rendered":"<div><img src=\"http:\/\/cordobadirecto.com\/wp-content\/uploads\/2021\/11\/desfile-real-la-municipalidad-anuncia-los-detalles-de-la-nueva-edicion.jpg\" class=\"ff-og-image-inserted\"><\/div>\n<ul>\n<li><strong>El evento se llevar\u00e1 a cabo ma\u00f1ana mi\u00e9rcoles 17 de noviembre, a las 19:30 horas, en las escalinatas del Coniferal del Parque Sarmiento.<\/strong><\/li>\n<li><strong>La entrada ser\u00e1 libre y gratuita. El cierre estar\u00e1 a cargo de Magui Olave, artista cordobesa del a\u00f1o.<\/strong><\/li>\n<\/ul>\n<hr>\n<p>La Municipalidad de C\u00f3rdoba, junto a la agencia cordobesa Giorgio Montagna, presentan la novena edici\u00f3n del desfile urbano protagonizado por modelos reales.<\/p>\n<p>El mega evento que re\u00fane a lo mejor del dise\u00f1o y la creatividad de la moda de C\u00f3rdoba contar\u00e1 este a\u00f1o con la participaci\u00f3n de 100 modelos cordobeses de todas las edades y tallas, y tendr\u00e1 a la diversidad como eje, buscando transmitir que todos pueden estar arriba de una pasarela. Adem\u00e1s se incorporan marcas que priorizan el respeto y cuidado del medio ambiente.<\/p>\n<p>Una vez m\u00e1s, las escalinatas del Coniferal del Parque Sarmiento se vestir\u00e1n de gala con la alfombra roja para recibir a las figuras destacadas de la cultura, el periodismo, la moda, la m\u00fasica, el humor.<\/p>\n<p>Algunas de las modelos que participar\u00e1n son Lucila Sella, Gina Casinelli, Miss Grand Argentina 2021 y Alina Akselrad.<\/p>\n<p>La conducci\u00f3n estar\u00e1 a cargo de Gabriela Vieyra, Sergio Zuliani y Mili Felizzia. La musicalizaci\u00f3n tendr\u00e1 la participaci\u00f3n especial de Cau Bornes, Wally (Sabroso) y la soprano Leticia Chiabrando, y el cierre musical de lujo estar\u00e1 a cargo de Magui Olave.<\/p>\n<p>Adem\u00e1s se difundir\u00e1 en vivo por redes sociales y podr\u00e1 verse en diferido para todo el pa\u00eds el d\u00eda s\u00e1bado 20 de noviembre por Canal Magazine.<\/p>\n","protected":false},"excerpt":{"rendered":"<p>El evento se llevar\u00e1 a cabo ma\u00f1ana mi\u00e9rcoles 17 de noviembre, a las 19:30 horas, en las escalinatas del Coniferal del Parque Sarmiento. La entrada ser\u00e1 libre y gratuita. El cierre estar\u00e1 a cargo de Magui Olave, artista cordobesa del a\u00f1o. La Municipalidad de C\u00f3rdoba, junto a la agencia cordobesa Giorgio Montagna, presentan la novena [&hellip;]<\/p>\n","protected":false},"author":1,"featured_media":28627,"comment_status":"closed","ping_status":"closed","sticky":false,"template":"","format":"standard","meta":[],"categories":[44],"tags":[],"_links":{"self":[{"href":"http:\/\/cordobadirecto.com\/index.php\/wp-json\/wp\/v2\/posts\/28626"}],"collection":[{"href":"http:\/\/cordobadirecto.com\/index.php\/wp-json\/wp\/v2\/posts"}],"about":[{"href":"http:\/\/cordobadirecto.com\/index.php\/wp-json\/wp\/v2\/types\/post"}],"author":[{"embeddable":true,"href":"http:\/\/cordobadirecto.com\/index.php\/wp-json\/wp\/v2\/users\/1"}],"replies":[{"embeddable":true,"href":"http:\/\/cordobadirecto.com\/index.php\/wp-json\/wp\/v2\/comments?post=28626"}],"version-history":[{"count":0,"href":"http:\/\/cordobadirecto.com\/index.php\/wp-json\/wp\/v2\/posts\/28626\/revisions"}],"wp:featuredmedia":[{"embeddable":true,"href":"http:\/\/cordobadirecto.com\/index.php\/wp-json\/wp\/v2\/media\/28627"}],"wp:attachment":[{"href":"http:\/\/cordobadirecto.com\/index.php\/wp-json\/wp\/v2\/media?parent=28626"}],"wp:term":[{"taxonomy":"category","embeddable":true,"href":"http:\/\/cordobadirecto.com\/index.php\/wp-json\/wp\/v2\/categories?post=28626"},{"taxonomy":"post_tag","embeddable":true,"href":"http:\/\/cordobadirecto.com\/index.php\/wp-json\/wp\/v2\/tags?post=28626"}],"curies":[{"name":"wp","href":"https:\/\/api.w.org\/{rel}","templated":true}]}}