{"id":28837,"date":"2021-11-18T17:13:11","date_gmt":"2021-11-18T17:13:11","guid":{"rendered":"http:\/\/cordobadirecto.com\/index.php\/2021\/11\/18\/cammec-apuesta-a-la-economia-circular-para-reducir-los-residuos-que-genera-el-sector-la-voz\/"},"modified":"2021-11-18T17:13:11","modified_gmt":"2021-11-18T17:13:11","slug":"cammec-apuesta-a-la-economia-circular-para-reducir-los-residuos-que-genera-el-sector-la-voz","status":"publish","type":"post","link":"http:\/\/cordobadirecto.com\/index.php\/2021\/11\/18\/cammec-apuesta-a-la-economia-circular-para-reducir-los-residuos-que-genera-el-sector-la-voz\/","title":{"rendered":"Cammec apuesta a la <b>econom\u00eda<\/b> circular para reducir los residuos que genera el sector &#8211; La Voz"},"content":{"rendered":"<p>\u00b7 contribuir al impacto ambiental de <b>C\u00f3rdoba<\/b> y alrededores. Adem\u00e1s, el proyecto cuenta con la colaboraci\u00f3n y apoyo de la Universidad Tecnol\u00f3gica&nbsp;&#8230; <\/p>\n","protected":false},"excerpt":{"rendered":"<p>\u00b7 contribuir al impacto ambiental de C\u00f3rdoba y alrededores. Adem\u00e1s, el proyecto cuenta con la colaboraci\u00f3n y apoyo de la Universidad Tecnol\u00f3gica&nbsp;&#8230;<\/p>\n","protected":false},"author":1,"featured_media":0,"comment_status":"closed","ping_status":"closed","sticky":false,"template":"","format":"standard","meta":[],"categories":[40],"tags":[],"_links":{"self":[{"href":"http:\/\/cordobadirecto.com\/index.php\/wp-json\/wp\/v2\/posts\/28837"}],"collection":[{"href":"http:\/\/cordobadirecto.com\/index.php\/wp-json\/wp\/v2\/posts"}],"about":[{"href":"http:\/\/cordobadirecto.com\/index.php\/wp-json\/wp\/v2\/types\/post"}],"author":[{"embeddable":true,"href":"http:\/\/cordobadirecto.com\/index.php\/wp-json\/wp\/v2\/users\/1"}],"replies":[{"embeddable":true,"href":"http:\/\/cordobadirecto.com\/index.php\/wp-json\/wp\/v2\/comments?post=28837"}],"version-history":[{"count":0,"href":"http:\/\/cordobadirecto.com\/index.php\/wp-json\/wp\/v2\/posts\/28837\/revisions"}],"wp:attachment":[{"href":"http:\/\/cordobadirecto.com\/index.php\/wp-json\/wp\/v2\/media?parent=28837"}],"wp:term":[{"taxonomy":"category","embeddable":true,"href":"http:\/\/cordobadirecto.com\/index.php\/wp-json\/wp\/v2\/categories?post=28837"},{"taxonomy":"post_tag","embeddable":true,"href":"http:\/\/cordobadirecto.com\/index.php\/wp-json\/wp\/v2\/tags?post=28837"}],"curies":[{"name":"wp","href":"https:\/\/api.w.org\/{rel}","templated":true}]}}