{"id":28842,"date":"2021-11-18T21:10:00","date_gmt":"2021-11-18T21:10:00","guid":{"rendered":"http:\/\/cordobadirecto.com\/index.php\/2021\/11\/18\/alemania-record-de-casos-y-hospitales-al-limite-por-la-cuarta-ola-de-covid\/"},"modified":"2021-11-18T21:10:00","modified_gmt":"2021-11-18T21:10:00","slug":"alemania-record-de-casos-y-hospitales-al-limite-por-la-cuarta-ola-de-covid","status":"publish","type":"post","link":"http:\/\/cordobadirecto.com\/index.php\/2021\/11\/18\/alemania-record-de-casos-y-hospitales-al-limite-por-la-cuarta-ola-de-covid\/","title":{"rendered":"Alemania: r\u00e9cord de casos y hospitales al l\u00edmite por la cuarta ola de Covid"},"content":{"rendered":"<figure class=\"mb-3\"><img loading=\"lazy\" src=\"http:\/\/cordobadirecto.com\/wp-content\/uploads\/2021\/11\/alemania-record-de-casos-y-hospitales-al-limite-por-la-cuarta-ola-de-covid.jpg\" width=\"100%\" height=\"100%\" alt=\"Alemania report un rcord de ms de 65000 casos diarios de coronavirus en medio de una cuarta ola\"><figcaption> Alemania report\u00f3 un r\u00e9cord de m\u00e1s de 65.000 casos diarios de coronavirus en medio de una cuarta ola. <\/figcaption><\/figure>\n<p>Alemania report\u00f3 este jueves<a href=\"https:\/\/www.telam.com.ar\/notas\/202111\/574534-alemania-coronavirus-contagios.html\" target=\"_blank\" rel=\"noopener\"> un r\u00e9cord de m\u00e1s de 65.000 casos diarios de coronavirus <\/a>en medio de una cuarta ola que ya dej\u00f3 sin camas de terapia intensiva a varias zonas, oblig\u00f3 a trasladar pacientes al extranjero y llev\u00f3 al Parlamento a avanzar en la reimposici\u00f3n de restricciones a la espera que terminen las negociaciones de la nueva coalici\u00f3n de Gobierno que va a suceder a la canciller Angela Merkel.<\/p>\n<p>El Instituto Robert Koch (RKI), el organismo de control de enfermedades de Alemania, inform\u00f3 hoy 65.371 positivos en las \u00faltimas 24 horas, frente a 50.196 hace una semana en el marco de una tendencia al alza en la curva epidemiol\u00f3gica.<\/p>\n<p>Se trata de la primera vez que los casos diarios superan los 60.000, de acuerdo al balance en el que tambi\u00e9n se inform\u00f3 de 264 nuevas muertes por Covid-19, con lo que el total trep\u00f3 a 98.538.<\/p>\n<blockquote class><p>&#8220;Los servicios sanitarios est\u00e1n saturados, operaciones necesarias tienen que aplazarse, la incidencia crece y cada d\u00eda se anuncian cifras r\u00e9cord de contagios&#8221;<cite class=\"author\">Cruz Roja de Baviera<\/cite><\/p><\/blockquote>\n<p><strong>La presi\u00f3n hospitalaria est\u00e1 llegando a su l\u00edmite:<\/strong> en 100 de 400 distritos solo hay una cama libre de cuidados intensivos y hay 50 distritos que directamente ya no tienen, seg\u00fan datos revelados este jueves por la Asociaci\u00f3n Interdisciplinar de Medicina Intensiva (DIVI).<\/p>\n<p>La cifra total de pacientes adultos en terapia intensiva <strong>es actualmente de 3.400,<\/strong> un n\u00famero m\u00e1s bajo que en el pico de la segunda ola (unos 5.700) o de la tercera (unos 5.100),<a href=\"https:\/\/www.telam.com.ar\/notas\/202111\/574628-alemania-coronavirus-covid19-merkel.html\" target=\"_blank\" rel=\"noopener\"> pero la falta de personal sanitario hace que haya menos camas disponibles que hace un a\u00f1o<\/a>, inform\u00f3 la agencia de noticias Europa Press.<\/p>\n<p>Esta situaci\u00f3n llev\u00f3 al primer traslado de pacientes al extranjero: dos personas fueron llevadas en en helic\u00f3ptero de M\u00fanich a Bolzano (norte de Italia), seg\u00fan dijo el director del hospital de Freising, Rainald Kaube.<\/p>\n<p>Baviera, sur de Alemania y cuya capital es M\u00fanich, <strong>es uno de los estados donde la situaci\u00f3n es especialmente dram\u00e1tica.<\/strong><\/p>\n<figure class=\"mb-3\"><img loading=\"lazy\" data-src=\"http:\/\/cordobadirecto.com\/wp-content\/uploads\/2021\/11\/alemania-record-de-casos-y-hospitales-al-limite-por-la-cuarta-ola-de-covid-1.jpg\" src=\"https:\/\/www.telam.com.ar\/assets\/img\/not_image.png\" class=\" lazy \" width=\"100%\" height=\"100%\" alt=\"Se trata de la primera vez que los casos diarios superan los 60000\"><figcaption> Se trata de la primera vez que los casos diarios superan los 60.000. <\/figcaption><\/figure>\n<p>&#8220;Los servicios sanitarios est\u00e1n saturados, operaciones necesarias tienen que aplazarse, la incidencia crece y cada d\u00eda se anuncian cifras r\u00e9cord de contagios&#8221;, dijeron en un comunicado conjunto la Cruz Roja de Baviera y otras organizaciones.<\/p>\n<p>La tasa de infecci\u00f3n m\u00e1s alta del pa\u00eds se da en Sajonia, estado del este, que al igual que otros que pertenecieron en el pasado a la comunista Rep\u00fablica Democr\u00e1tica Alemana presenta adem\u00e1s la tasa de vacunaci\u00f3n contra el coronavirus m\u00e1s baja.<\/p>\n<p>El 57,6% de la poblaci\u00f3n de Sajonia fue inmunizada, frente al 70% del promedio nacional que recibi\u00f3 al menos una dosis, lo que llev\u00f3 a las autoridades regionales a planear la restituci\u00f3n de restricciones.<\/p>\n<p>El gobernador Michael Kretschmer adelant\u00f3 que el pr\u00f3ximo viernes <strong>se definir\u00e1n medidas &#8220;duras&#8221;<\/strong> que durar\u00e1n al menos dos o tres semanas para intentar bajar los casos.<\/p>\n<p>En sinton\u00eda, <a href=\"https:\/\/www.telam.com.ar\/notas\/202111\/575186-alemania-supera-60-mil-casos-coronavirus.html\" target=\"_blank\" rel=\"noopener\">la C\u00e1mara baja alemana aprob\u00f3 este jueves y nuevas restricciones para tratar de contener el avance r\u00e9cord del coronavirus<\/a>, luego de que autoridades sanitarias advirtieran sobre la posibilidad de una &#8220;Navidad terrible&#8221;.<\/p>\n<div class=\"video_repositive\"><a class=\"video_sticky\" href=\"javascript:void();\" onclick=\"removeStuckVideo(true);\"><i class=\"far fa-window-close\"><\/i><\/a><\/p>\n<div id=\"J3Zd-5qNCeQ\" class=\"video_telam\" readability=\"6\">\n<div class=\"feature_article_inner\" readability=\"32\">\n<p><h2 class=\"text-center\">El parlamento alem\u00e1n define nuevas medidas.<\/h2>\n<\/p>\n<\/div>\n<p>VER VIDEO <i class=\"fas fa-play\"><\/i><\/p>\n<\/div>\n<\/div>\n<h2 class>Nuevas restricciones sanitarias<\/h2>\n<p>Alemania generalizar\u00e1 las restricciones espec\u00edficas para las<strong> personas no inoculadas, como excluirlas de determinados lugares p\u00fablicos, anunci\u00f3 este jueves la canciller saliente, Angela Merkel.<\/strong><\/p>\n<p><strong>&#8220;Necesitamos poner freno r\u00e1pidamente al aumento exponencial&#8221; <\/strong>de nuevas infecciones y de la ocupaci\u00f3n de camas en unidades de cuidados intensivos, declar\u00f3 Merkel tras una reuni\u00f3n de crisis con los jefes de gobierno regionales.<\/p>\n<p>La llamada norma &#8220;2G&#8221;, que permite que solo los vacunados (&#8220;geimpfte&#8221;) y los curados (&#8220;genesene&#8221;) accedan a lugares p\u00fablicos como restaurantes o salas de conciertos, se aplicar\u00e1 cuando el umbral de hospitalizaci\u00f3n supere los tres pacientes de Covid por cada 100.000 habitantes, indic\u00f3, lo que ya est\u00e1 ocurriendo en la mayor\u00eda de las regiones del pa\u00eds.<\/p>\n<p>Seg\u00fan esta disposici\u00f3n, la presentaci\u00f3n de un test negativo ya no bastar\u00e1 si la persona no est\u00e1 vacunada. En Berl\u00edn, esta medida ya se estaba aplicando y ahora se extender\u00e1 a todo el territorio.<\/p>\n<p>Cuando el umbral de hospitalizaciones supere el valor de seis, los vacunados y las personas que hayan superado la Covid-19 deber\u00e1n, adem\u00e1s de presentar su certificado, contar con un test negativo para acceder a una lista de establecimientos.<\/p>\n<p>En cambio, las escuelas seguir\u00e1n abiertas, aunque los alumnos deber\u00e1n someterse a test de vez en cuando, consign\u00f3 la agencia de noticias AFP.<\/p>\n<figure class=\"mb-3\"><img loading=\"lazy\" data-src=\"http:\/\/cordobadirecto.com\/wp-content\/uploads\/2021\/11\/alemania-record-de-casos-y-hospitales-al-limite-por-la-cuarta-ola-de-covid-2.jpg\" src=\"https:\/\/www.telam.com.ar\/assets\/img\/not_image.png\" class=\" lazy \" width=\"100%\" height=\"100%\" alt=\"Informaron 65371 positivos en las ltimas 24 horas frente a 50196 hace una semana\"><figcaption> Informaron 65.371 positivos en las \u00faltimas 24 horas, frente a 50.196 hace una semana. <\/figcaption><\/figure>\n<p>Alemania no es una excepci\u00f3n, sino la regla de lo que est\u00e1 pasando en Europa que volvi\u00f3 a ser el epicentro de la pandemia, a casi dos a\u00f1os de las primeras infecciones registradas en el mundo y pese a contar con una gran cantidad de vacunas.<\/p>\n<p>De acuerdo al \u00faltimo informe de la Organizaci\u00f3n Mundial de la Salud, <a href=\"https:\/\/www.telam.com.ar\/notas\/202111\/575074-se-agravo-el-brote-de-coronavirus-en-europa-y-varios-paises-anuncian-cifras-record.html\" target=\"_blank\" rel=\"noopener\">las muertes por coronavirus aumentaron un 5% la semana pasada en Europa<\/a>, que fue la \u00fanica regi\u00f3n del planeta donde se increment\u00f3 la mortalidad por el virus.<\/p>\n<p>Las tasas de infecci\u00f3n en Inglaterra aumentaron a niveles similares a enero de 2021, Rusia alcanz\u00f3 este jueves un r\u00e9cord de muertes por segundo d\u00eda consecutivo y otros pa\u00edses como Eslovaquia, Hungr\u00eda y Rep\u00fablica Checa reportaron marcas m\u00e1ximas de contagios esta semana.<\/p>\n<p>Austria adopt\u00f3 recientemente un bloqueo a nivel nacional para las personas no vacunadas que no tuvieron coronavirus, Pa\u00edses Bajos impuso un cierre parcial de negocios y prohibici\u00f3n de asistencia a eventos masivos, mientras que Dinamarca ya anunci\u00f3 que restablecer\u00e1 el pasaporte Covid tras eliminar su uso por la mejora sanitaria. <\/p>\n","protected":false},"excerpt":{"rendered":"<p>Alemania report\u00f3 un r\u00e9cord de m\u00e1s de 65.000 casos diarios de coronavirus en medio de una cuarta ola. Alemania report\u00f3 este jueves un r\u00e9cord de m\u00e1s de 65.000 casos diarios de coronavirus en medio de una cuarta ola que ya dej\u00f3 sin camas de terapia intensiva a varias zonas, oblig\u00f3 a trasladar pacientes al extranjero [&hellip;]<\/p>\n","protected":false},"author":1,"featured_media":28843,"comment_status":"closed","ping_status":"closed","sticky":false,"template":"","format":"standard","meta":[],"categories":[24],"tags":[],"_links":{"self":[{"href":"http:\/\/cordobadirecto.com\/index.php\/wp-json\/wp\/v2\/posts\/28842"}],"collection":[{"href":"http:\/\/cordobadirecto.com\/index.php\/wp-json\/wp\/v2\/posts"}],"about":[{"href":"http:\/\/cordobadirecto.com\/index.php\/wp-json\/wp\/v2\/types\/post"}],"author":[{"embeddable":true,"href":"http:\/\/cordobadirecto.com\/index.php\/wp-json\/wp\/v2\/users\/1"}],"replies":[{"embeddable":true,"href":"http:\/\/cordobadirecto.com\/index.php\/wp-json\/wp\/v2\/comments?post=28842"}],"version-history":[{"count":0,"href":"http:\/\/cordobadirecto.com\/index.php\/wp-json\/wp\/v2\/posts\/28842\/revisions"}],"wp:featuredmedia":[{"embeddable":true,"href":"http:\/\/cordobadirecto.com\/index.php\/wp-json\/wp\/v2\/media\/28843"}],"wp:attachment":[{"href":"http:\/\/cordobadirecto.com\/index.php\/wp-json\/wp\/v2\/media?parent=28842"}],"wp:term":[{"taxonomy":"category","embeddable":true,"href":"http:\/\/cordobadirecto.com\/index.php\/wp-json\/wp\/v2\/categories?post=28842"},{"taxonomy":"post_tag","embeddable":true,"href":"http:\/\/cordobadirecto.com\/index.php\/wp-json\/wp\/v2\/tags?post=28842"}],"curies":[{"name":"wp","href":"https:\/\/api.w.org\/{rel}","templated":true}]}}