{"id":28988,"date":"2021-11-18T20:46:13","date_gmt":"2021-11-18T20:46:13","guid":{"rendered":"https:\/\/es.digitaltrends.com\/?p=892797"},"modified":"2021-11-18T20:46:13","modified_gmt":"2021-11-18T20:46:13","slug":"que-pasa-con-tus-datos-de-facebook-si-mueres","status":"publish","type":"post","link":"http:\/\/cordobadirecto.com\/index.php\/2021\/11\/18\/que-pasa-con-tus-datos-de-facebook-si-mueres\/","title":{"rendered":"\u00bfQu\u00e9 pasa con tus datos de Facebook si mueres?"},"content":{"rendered":"<p>Millones de personas en todo el mundo tienen cuentas en Facebook, por lo que es natural que sus titulares fallezcan en alg\u00fan momento. Pero, en ese caso, \u00bfqu\u00e9 sucede con sus datos en la plataforma?<\/p>\n<p>A veces, los perfiles de las personas fallecidas desaparecen despu\u00e9s de su muerte, aunque en otras circunstancias estos permanecen en el sitio y sus contactos pueden continuar viendo su contenido.<\/p>\n<p>En primer lugar, hay que mencionar que <a href=\"https:\/\/es.digitaltrends.com\/sociales\/como-vincular-instagram-con-facebook\/\">Facebook<\/a> tiene en consideraci\u00f3n la muerte de sus usuarios, por eso ofrece funciones especiales para esa situaci\u00f3n.<\/p>\n<p>Si alguien informa a Facebook sobre el fallecimiento de una persona, esta puede convertir el perfil en una cuenta conmemorativa. Este tipo de cuenta proporciona un lugar para que los amigos y familiares se re\u00fanan y compartan recuerdos del ser querido que falleci\u00f3.<\/p>\n<p>Para que una cuenta sea conmemorativa, un familiar o amigo debe solicit\u00e1rselo a Facebook y adjuntar una copia del acta de defunci\u00f3n de la persona en un <a href=\"https:\/\/www.facebook.com\/help\/contact\/234739086860192\">formulario<\/a>. Este documento permite que sea m\u00e1s r\u00e1pido el proceso sobre el manejo de la cuenta.<\/p>\n<figure class=\"aligncenter\"><a class=\"wp-image-892830 size-large-wrap h-lightbox is-zoomable\" href=\"https:\/\/icdn.dtcn.com\/image\/digitaltrends_es\/facebook-perfil-de-homenaje-para-fallecidos-2-721x641.jpg\"><img src=\"http:\/\/cordobadirecto.com\/wp-content\/uploads\/2021\/11\/que-pasa-con-tus-datos-de-facebook-si-mueres.gif\" data-dt-lazy-src=\"https:\/\/icdn.dtcn.com\/image\/digitaltrends_es\/facebook-perfil-de-homenaje-para-fallecidos-2-720x720.jpg\" onerror=\"dti_load_error(this)\" class=\" size-large wp-image-892830 dt-lazy-load dt-lazy-pending\" alt><\/a><\/figure>\n<p>Tambi\u00e9n se puede solicitar que la cuenta sea <a href=\"https:\/\/www.facebook.com\/help\/1518259735093203?helpref=faq_content\">eliminada<\/a>, aunque si no se dispone del acta de defunci\u00f3n, se debe adjuntar una prueba de autoridad legal a Facebook (un poder notarial, certificado de nacimiento, testamento o una declaratoria de herederos) y un comprobante de que la persona falleci\u00f3 (como una esquela o un aviso f\u00fanebre).<\/p>\n<p>Otra manera de solicitar que la cuenta sea eliminada es ser un \u201c<a href=\"https:\/\/www.facebook.com\/help\/1070665206293088\/?helpref=related\">contacto de legado<\/a>\u201d de la persona fallecida. Para quienes tienen 18 a\u00f1os o m\u00e1s, Facebook les ofrece la posibilidad de establecer un contacto de legado, es decir, una persona que se encargue de su cuenta tras el fallecimiento.<\/p>\n<p>El contacto de legado tendr\u00e1 acceso limitado a la cuenta de la persona fallecida y controlar\u00e1 ciertas funciones. Por ejemplo, podr\u00e1 fijar una publicaci\u00f3n de homenaje, ver todas las publicaciones de la cuenta (aunque hayan estado configuradas con la opci\u00f3n de privacidad \u201cSolo yo\u201d), actualizar la foto de perfil y portada, y decidir qui\u00e9n puede ver y publicar homenajes en el muro.<\/p>\n<p>El contacto de legado tambi\u00e9n est\u00e1 facultado para descargar una copia de lo que la persona fallecida comparti\u00f3 en Facebook, si es que ten\u00eda activada dicha funci\u00f3n. Esta copia incluye <a href=\"https:\/\/es.digitaltrends.com\/celular\/ocultar-fotos-y-videos-telefono-android\/\">fotos y videos<\/a> subidos, publicaciones en el muro, la informaci\u00f3n del perfil y de contacto, los eventos y la lista de amigos.<\/p>\n<p>Sin embargo, lo que no podr\u00e1 hacer el contacto de legado es iniciar sesi\u00f3n en la cuenta, leer los mensajes y eliminar o aceptar amigos.<\/p>\n<p>Facebook es firme en este aspecto: \u201cNo podemos proporcionar informaci\u00f3n de inicio de sesi\u00f3n de la cuenta de otra persona, ni siquiera en estas circunstancias. Iniciar sesi\u00f3n en la cuenta de otra persona supone en todos los casos un incumplimiento de las pol\u00edticas de Facebook\u201d.<\/p>\n<figure class=\"aligncenter\"><a class=\"wp-image-799777 size-large-wrap h-lightbox is-zoomable\" href=\"https:\/\/icdn.dtcn.com\/image\/digitaltrends_es\/facebook-noticias-1500x1000.jpg\"><img src=\"http:\/\/cordobadirecto.com\/wp-content\/uploads\/2021\/11\/que-pasa-con-tus-datos-de-facebook-si-mueres.gif\" data-dt-lazy-src=\"https:\/\/icdn.dtcn.com\/image\/digitaltrends_es\/facebook-noticias-720x720.jpg\" onerror=\"dti_load_error(this)\" class=\" size-large wp-image-799777 dt-lazy-load dt-lazy-pending\" alt><\/a><\/figure>\n<p>Convertir una cuenta en conmemorativa ayuda a proteger el perfil de una persona fallecida, ya que nadie podr\u00e1 iniciar sesi\u00f3n en ella. Pero a pesar de ello, la cuenta y sus datos se mantendr\u00e1n en la plataforma. El contenido que la persona fallecida haya compartido, como fotos, videos y m\u00e1s, permanecer\u00e1 en Facebook y podr\u00e1 ser visto en la plataforma por el p\u00fablico con el que se comparti\u00f3.<\/p>\n<p>Los usuarios tambi\u00e9n pueden decidir que su cuenta <a href=\"https:\/\/www.facebook.com\/help\/103897939701143\">se elimine de forma definitiva si fallecen<\/a> y dejar establecida esta configuraci\u00f3n en Facebook. Esto significa que, cuando alguien le avise a la plataforma sobre el fallecimiento, se eliminar\u00e1 \u201cinmediata y definitivamente de Facebook\u201d todos los mensajes, fotos, publicaciones, comentarios, reacciones e informaci\u00f3n de la persona.<\/p>\n<p>Ahora, de acuerdo con <a href=\"https:\/\/es.digitaltrends.com\/sociales\/como-borrar-la-cuenta-de-facebook\/\">Facebook<\/a>, si alguien elimina su cuenta sin relaci\u00f3n a un fallecimiento, es decir, solo porque ya no quiere estar en esta red social, la plataforma tardar\u00e1 hasta 90 d\u00edas en eliminar todos los datos de sus servidores y tendr\u00e1n 30 d\u00edas para arrepentirse y cancelar la solicitud de eliminaci\u00f3n.<\/p>\n<p>Sin embargo, a pesar de que Facebook elimina todo el contenido de la cuenta en caso de fallecimiento, no ha especificado el tiempo que perduran los datos en los servidores de la compa\u00f1\u00eda. Lo m\u00e1s probablemente es que tambi\u00e9n sean 90 d\u00edas, pero lo que s\u00ed es seguro es que al momento de eliminar la cuenta esta desaparece autom\u00e1tica de la red.<\/p>\n<figure class=\"aligncenter\"><a class=\"wp-image-892798 size-large-wrap h-lightbox is-zoomable\" href=\"https:\/\/icdn.dtcn.com\/image\/digitaltrends_es\/24-datos-1200x800.jpg\"><img src=\"http:\/\/cordobadirecto.com\/wp-content\/uploads\/2021\/11\/que-pasa-con-tus-datos-de-facebook-si-mueres.gif\" data-dt-lazy-src=\"https:\/\/icdn.dtcn.com\/image\/digitaltrends_es\/24-datos-720x720.jpg\" onerror=\"dti_load_error(this)\" class=\" size-large wp-image-892798 dt-lazy-load dt-lazy-pending\" alt=\"Facebook datos\"><\/a><\/figure>\n<p>En caso de eliminar la cuenta de la persona fallecida, hay que considerar que su perfil ya no ser\u00e1 visible ni accesible para ninguno de sus amigos en Facebook, y la plataforma no dar\u00e1 ninguna indicaci\u00f3n sobre el fallecimiento del titular de la cuenta. Esto puede ser bastante abrupto para amigos y familiares que se mantienen en contacto a trav\u00e9s de Facebook.<\/p>\n<p>No obstante, la decisi\u00f3n de mantener el perfil o eliminarlo depender\u00e1 de la situaci\u00f3n y de los intereses de los familiares, o bien, de lo que haya dejado estipulado la persona antes de fallecer.<\/p>\n<p>Por el contrario, si nadie le informa a Facebook que una persona ha fallecido, su perfil permanecer\u00e1 activo. De esa forma, los dem\u00e1s podr\u00e1n seguir publicando en su muro, etiquet\u00e1ndola en fotos y envi\u00e1ndole solicitudes de amistad.<\/p>\n<p>Cabe mencionar que, en el peor de los casos, al quedar la cuenta activa esta podr\u00eda ser hackeada y utilizada para estafar a amigos o llevar a cabo un fraude de identidad. Por eso es importante determinar c\u00f3mo se manejar\u00e1n nuestras cuentas cuando llegue la hora de partir.<\/p>\n<h4 class=\"h-editors-recs-title\"> Recomendaciones del editor\t<\/h4>\n<p> <span id=\"publisher-md\" itemprop=\"publisher\" itemscope itemtype=\"https:\/\/schema.org\/Organization\"> <span itemprop=\"url\" itemtype=\"https:\/\/schema.org\/Url\" content=\"https:\/\/es.digitaltrends.com\"> <span itemprop=\"logo\" itemscope itemtype=\"https:\/\/schema.org\/ImageObject\"> <meta itemprop=\"url\" content=\"https:\/\/cdn.dtcn.com\/dt\/dt-logo-small.png\"> <meta itemprop=\"width\" content=\"0\"> <meta itemprop=\"height\" content=\"0\"> <\/span> <meta itemprop=\"name\" content=\"Digital Trends Espa\u00f1ol\"> <\/span> <span itemprop=\"image\" itemscope itemtype=\"https:\/\/schema.org\/ImageObject\"> <meta itemprop=\"url\" content=\"https:\/\/icdn.dtcn.com\/image\/digitaltrends_es\/24-datos.jpg\"> <\/span> <\/span><\/p>\n","protected":false},"excerpt":{"rendered":"<p>Millones de personas en todo el mundo tienen cuentas en Facebook, por lo que es natural que sus titulares fallezcan en alg\u00fan momento. Pero, en ese caso, \u00bfqu\u00e9 sucede con sus datos en la plataforma? A veces, los perfiles de las personas fallecidas desaparecen despu\u00e9s de su muerte, aunque en otras circunstancias estos permanecen en [&hellip;]<\/p>\n","protected":false},"author":1,"featured_media":28989,"comment_status":"closed","ping_status":"closed","sticky":false,"template":"","format":"standard","meta":[],"categories":[26],"tags":[],"_links":{"self":[{"href":"http:\/\/cordobadirecto.com\/index.php\/wp-json\/wp\/v2\/posts\/28988"}],"collection":[{"href":"http:\/\/cordobadirecto.com\/index.php\/wp-json\/wp\/v2\/posts"}],"about":[{"href":"http:\/\/cordobadirecto.com\/index.php\/wp-json\/wp\/v2\/types\/post"}],"author":[{"embeddable":true,"href":"http:\/\/cordobadirecto.com\/index.php\/wp-json\/wp\/v2\/users\/1"}],"replies":[{"embeddable":true,"href":"http:\/\/cordobadirecto.com\/index.php\/wp-json\/wp\/v2\/comments?post=28988"}],"version-history":[{"count":0,"href":"http:\/\/cordobadirecto.com\/index.php\/wp-json\/wp\/v2\/posts\/28988\/revisions"}],"wp:featuredmedia":[{"embeddable":true,"href":"http:\/\/cordobadirecto.com\/index.php\/wp-json\/wp\/v2\/media\/28989"}],"wp:attachment":[{"href":"http:\/\/cordobadirecto.com\/index.php\/wp-json\/wp\/v2\/media?parent=28988"}],"wp:term":[{"taxonomy":"category","embeddable":true,"href":"http:\/\/cordobadirecto.com\/index.php\/wp-json\/wp\/v2\/categories?post=28988"},{"taxonomy":"post_tag","embeddable":true,"href":"http:\/\/cordobadirecto.com\/index.php\/wp-json\/wp\/v2\/tags?post=28988"}],"curies":[{"name":"wp","href":"https:\/\/api.w.org\/{rel}","templated":true}]}}