{"id":29012,"date":"2021-11-19T13:09:31","date_gmt":"2021-11-19T13:09:31","guid":{"rendered":"https:\/\/cordoba.gob.ar\/?p=17062"},"modified":"2021-11-19T13:09:31","modified_gmt":"2021-11-19T13:09:31","slug":"programa-ciencia-y-tecnologia-en-las-escuelas-municipales","status":"publish","type":"post","link":"http:\/\/cordobadirecto.com\/index.php\/2021\/11\/19\/programa-ciencia-y-tecnologia-en-las-escuelas-municipales\/","title":{"rendered":"Programa Ciencia y Tecnolog\u00eda en las Escuelas Municipales"},"content":{"rendered":"<div><img src=\"http:\/\/cordobadirecto.com\/wp-content\/uploads\/2021\/11\/programa-ciencia-y-tecnologia-en-las-escuelas-municipales-1.jpg\" class=\"ff-og-image-inserted\"><\/div>\n<ul>\n<li>Contin\u00faa el desarrollo del Programa Ciencia y Tecnolog\u00eda en las Escuelas Municipales ALAS, Programa PIEnsA.<\/li>\n<li>El Programa cuenta con una din\u00e1mica colaborativa que busca incorporar una Gu\u00eda para la Experiencia Cient\u00edfica a la metodolog\u00eda, para fortalecer los aprendizajes y contenidos de Ciencias Sociales, Ciencias Naturales y Educaci\u00f3n Tecnol\u00f3gica.<\/li>\n<\/ul>\n<hr>\n<p>En las escuelas ALAS, Programa PIEnsA de la Secretar\u00eda de Educaci\u00f3n de nuestra Municipalidad de C\u00f3rdoba los cient\u00edficos del Ministerio de Ciencia y Tecnolog\u00eda de la Provincia de C\u00f3rdoba tienen su lugar docente con la infancia cordobesa.<\/p>\n<p>As\u00ed, en la Escuela Dr. Alfredo Orgaz de barrio San Jorge II docentes y estudiantes llevan adelante junto a la Lic. Mar\u00eda Elena Cordera el proyecto Construcci\u00f3n y fortalecimiento de mi propia identidad, en la escuela Julio Gonz\u00e1lez de barrio Arenales, el proyecto que implementan se denomina Alimentaci\u00f3n saludable, con el acompa\u00f1amiento de la Lic. Gabriela Z\u00e9ngaro.<\/p>\n<p>En la escuela Dr. C\u00e9sar Romero, de barrio Sachi, investigan junto al Biol\u00f3go Jos\u00e9 Toledo a La explotaci\u00f3n de los bosques nativos; en la escuela Brigadier Juan I. San Mart\u00edn, de barrio Jos\u00e9 Hern\u00e1ndez, est\u00e1n abocados al estudio de los animales de la granja con la gu\u00eda de la Dra. Gabriela Bruno; la Mgter. Priscila Biber y la Bi\u00f3loga Julieta Seculin Glur coordinan las actividades del proyecto \u201dExplorando-me\u201d Afectivi-dad en la ESI con docentes y estudiantes de segundo grado de la escuela Carlos Becerra, de barrio Los Pl\u00e1tanos y el Dr. Mart\u00edn Leiva, coordina la b\u00fasqueda de respuestas a las punzantes preguntas de las y los estudiantes de la escuela Arturo Illia, de barrio Jos\u00e9 I. D\u00edaz Tercera Secci\u00f3n, en el proyecto Cazadores de estrellas.<\/p>\n<p>La Dra. Alicia Olmos, Directora de Aprendizaje y Desarrollo Profesional expres\u00f3 que \u201cestas actividades son las que logran hacer realidad elaboraciones did\u00e1cticas que hablan de la importancia de integrar los campos de conocimientos.\u201d<\/p>\n<p>Por su parte la Lic. Cecilia Dellavedova explic\u00f3 que esta <em>\u201ces tambi\u00e9n una forma de acercar el conocimiento que producen nuestros cient\u00edficos a la ciudadan\u00eda, funci\u00f3n principal que se lleva adelante desde la Direcci\u00f3n de Divulgaci\u00f3n y Ense\u00f1anza de las Ciencias.\u201d<\/em><\/p>\n<p>El Secretario de Educaci\u00f3n Horacio Ferreyra, en acuerdo con el Dr. Javier Mart\u00edn, consider\u00f3 la importancia de continuar con estas actividades previendo, para el a\u00f1o pr\u00f3ximo, hacer una experiencia que abarque una mayor cantidad de escuelas y agreg\u00f3 que:<em> \u201cDesde el programa Ciencia y Tecnolog\u00eda en las Escuelas Municipales se genera un espacio de intercambio donde se combinan los saberes profesionales de cient\u00edficos y de docentes con la curiosidad de nuestros ni\u00f1as y ni\u00f1os, para potenciar el trabajo con los contenidos de los espacios curriculares y fomentar el pensamiento cr\u00edtico en los participantes involucrados en esta experiencia.<\/em><\/p>\n","protected":false},"excerpt":{"rendered":"<p>Contin\u00faa el desarrollo del Programa Ciencia y Tecnolog\u00eda en las Escuelas Municipales ALAS, Programa PIEnsA. El Programa cuenta con una din\u00e1mica colaborativa que busca incorporar una Gu\u00eda para la Experiencia Cient\u00edfica a la metodolog\u00eda, para fortalecer los aprendizajes y contenidos de Ciencias Sociales, Ciencias Naturales y Educaci\u00f3n Tecnol\u00f3gica. En las escuelas ALAS, Programa PIEnsA de [&hellip;]<\/p>\n","protected":false},"author":1,"featured_media":29013,"comment_status":"closed","ping_status":"closed","sticky":false,"template":"","format":"standard","meta":[],"categories":[44],"tags":[],"_links":{"self":[{"href":"http:\/\/cordobadirecto.com\/index.php\/wp-json\/wp\/v2\/posts\/29012"}],"collection":[{"href":"http:\/\/cordobadirecto.com\/index.php\/wp-json\/wp\/v2\/posts"}],"about":[{"href":"http:\/\/cordobadirecto.com\/index.php\/wp-json\/wp\/v2\/types\/post"}],"author":[{"embeddable":true,"href":"http:\/\/cordobadirecto.com\/index.php\/wp-json\/wp\/v2\/users\/1"}],"replies":[{"embeddable":true,"href":"http:\/\/cordobadirecto.com\/index.php\/wp-json\/wp\/v2\/comments?post=29012"}],"version-history":[{"count":0,"href":"http:\/\/cordobadirecto.com\/index.php\/wp-json\/wp\/v2\/posts\/29012\/revisions"}],"wp:featuredmedia":[{"embeddable":true,"href":"http:\/\/cordobadirecto.com\/index.php\/wp-json\/wp\/v2\/media\/29013"}],"wp:attachment":[{"href":"http:\/\/cordobadirecto.com\/index.php\/wp-json\/wp\/v2\/media?parent=29012"}],"wp:term":[{"taxonomy":"category","embeddable":true,"href":"http:\/\/cordobadirecto.com\/index.php\/wp-json\/wp\/v2\/categories?post=29012"},{"taxonomy":"post_tag","embeddable":true,"href":"http:\/\/cordobadirecto.com\/index.php\/wp-json\/wp\/v2\/tags?post=29012"}],"curies":[{"name":"wp","href":"https:\/\/api.w.org\/{rel}","templated":true}]}}