{"id":29016,"date":"2021-11-19T18:15:00","date_gmt":"2021-11-19T18:15:00","guid":{"rendered":"http:\/\/cordobadirecto.com\/index.php\/2021\/11\/19\/harris-sera-primera-mujer-con-poder-presidencial-en-estados-unidos\/"},"modified":"2021-11-19T18:15:00","modified_gmt":"2021-11-19T18:15:00","slug":"harris-sera-primera-mujer-con-poder-presidencial-en-estados-unidos","status":"publish","type":"post","link":"http:\/\/cordobadirecto.com\/index.php\/2021\/11\/19\/harris-sera-primera-mujer-con-poder-presidencial-en-estados-unidos\/","title":{"rendered":"Harris ser\u00e1 primera mujer con poder presidencial en Estados Unidos"},"content":{"rendered":"<figure class=\"mb-3\"><img loading=\"lazy\" src=\"http:\/\/cordobadirecto.com\/wp-content\/uploads\/2021\/11\/harris-sera-primera-mujer-con-poder-presidencial-en-estados-unidos.jpg\" width=\"100%\" height=\"100%\" alt=\"La vocera de la Casa Blanca Jen Psaki indic que Harris trabajar desde su oficina en la ala oeste durante este tiempo\"><figcaption> La vocera de la Casa Blanca, Jen Psaki, indic\u00f3 que Harris &#8220;trabajar\u00e1 desde su oficina en la ala oeste durante este tiempo&#8221;. <\/figcaption><\/figure>\n<p>La vicepresidenta de Estados Unidos, Kamala Harris, se convertir\u00e1&nbsp; en la primera mujer con poderes presidenciales en la historia del pa\u00eds al asumir durante un &#8220;breve per\u00edodo de tiempo&#8221; el cargo mientras Joe Biden, est\u00e1 bajo anestesia durante un examen m\u00e9dico de rutina.<\/p>\n<p>Los resultados del chequeo m\u00e9dico del presidente, que este s\u00e1bado cumple 79 a\u00f1os, se publicar\u00e1n este viernes, inform\u00f3 el Gobierno estadounidense.<\/p>\n<p>&#8220;El Presidente se someter\u00e1 a una colonoscopia de rutina&#8221; en el centro m\u00e9dico Walter Reed, cerca de Washington, seg\u00fan la Casa Blanca.<\/p>\n<blockquote class><p>La vocera de la Casa Blanca, Jen Psaki, indic\u00f3 que Harris &#8220;trabajar\u00e1 desde su oficina en la ala oeste durante este tiempo&#8221;<\/p><\/blockquote>\n<p>&#8220;Como ya fue el caso cuando el presidente George W. Bush se someti\u00f3 a la misma intervenci\u00f3n en 2002 y 2007, y de acuerdo con el procedimiento previsto por la Constituci\u00f3n, el presidente Biden transferir\u00e1 sus poderes a la vicepresidenta por un breve per\u00edodo, mientras se halle bajo anestesia&#8221;, a\u00f1adi\u00f3 el gobierno.<\/p>\n<p>Harris se convirti\u00f3 el pasado 20 de enero en la primera mujer en alcanzar la vicepresidencia del pa\u00eds, as\u00ed como en la primera afroamericana en ocupar ese puesto y la primera persona de origen indio o asi\u00e1tico en hacerlo.<\/p>\n<p>La vocera de la Casa Blanca, Jen Psaki, indic\u00f3 que Harris &#8220;trabajar\u00e1 desde su oficina en la ala oeste durante este tiempo&#8221;.<\/p>\n<p>Biden est\u00e1 vacunado contra la Covid-19 y recibi\u00f3 una tercera dosis a finales de septiembre.<\/p>\n<p>Es el presidente m\u00e1s viejo de la historia de Estados Unidos y ya anunci\u00f3 que prev\u00e9 presentarse a un nuevo mandato en 2024, pero se especula con que podr\u00eda renunciar a esa decisi\u00f3n debido a su edad. <\/p>\n","protected":false},"excerpt":{"rendered":"<p>La vocera de la Casa Blanca, Jen Psaki, indic\u00f3 que Harris &#8220;trabajar\u00e1 desde su oficina en la ala oeste durante este tiempo&#8221;. La vicepresidenta de Estados Unidos, Kamala Harris, se convertir\u00e1&nbsp; en la primera mujer con poderes presidenciales en la historia del pa\u00eds al asumir durante un &#8220;breve per\u00edodo de tiempo&#8221; el cargo mientras Joe [&hellip;]<\/p>\n","protected":false},"author":1,"featured_media":29017,"comment_status":"closed","ping_status":"closed","sticky":false,"template":"","format":"standard","meta":[],"categories":[24],"tags":[],"_links":{"self":[{"href":"http:\/\/cordobadirecto.com\/index.php\/wp-json\/wp\/v2\/posts\/29016"}],"collection":[{"href":"http:\/\/cordobadirecto.com\/index.php\/wp-json\/wp\/v2\/posts"}],"about":[{"href":"http:\/\/cordobadirecto.com\/index.php\/wp-json\/wp\/v2\/types\/post"}],"author":[{"embeddable":true,"href":"http:\/\/cordobadirecto.com\/index.php\/wp-json\/wp\/v2\/users\/1"}],"replies":[{"embeddable":true,"href":"http:\/\/cordobadirecto.com\/index.php\/wp-json\/wp\/v2\/comments?post=29016"}],"version-history":[{"count":0,"href":"http:\/\/cordobadirecto.com\/index.php\/wp-json\/wp\/v2\/posts\/29016\/revisions"}],"wp:featuredmedia":[{"embeddable":true,"href":"http:\/\/cordobadirecto.com\/index.php\/wp-json\/wp\/v2\/media\/29017"}],"wp:attachment":[{"href":"http:\/\/cordobadirecto.com\/index.php\/wp-json\/wp\/v2\/media?parent=29016"}],"wp:term":[{"taxonomy":"category","embeddable":true,"href":"http:\/\/cordobadirecto.com\/index.php\/wp-json\/wp\/v2\/categories?post=29016"},{"taxonomy":"post_tag","embeddable":true,"href":"http:\/\/cordobadirecto.com\/index.php\/wp-json\/wp\/v2\/tags?post=29016"}],"curies":[{"name":"wp","href":"https:\/\/api.w.org\/{rel}","templated":true}]}}