{"id":29142,"date":"2021-11-20T07:50:17","date_gmt":"2021-11-20T07:50:17","guid":{"rendered":"http:\/\/cordobadirecto.com\/index.php\/2021\/11\/20\/leon-gieco-a-sus-70-anos-le-canta-al-tiempo-vivido-y-compartido\/"},"modified":"2021-11-20T07:50:17","modified_gmt":"2021-11-20T07:50:17","slug":"leon-gieco-a-sus-70-anos-le-canta-al-tiempo-vivido-y-compartido","status":"publish","type":"post","link":"http:\/\/cordobadirecto.com\/index.php\/2021\/11\/20\/leon-gieco-a-sus-70-anos-le-canta-al-tiempo-vivido-y-compartido\/","title":{"rendered":"Le\u00f3n Gieco, a sus 70 a\u00f1os, le canta al \u201ctiempo vivido y compartido\u201d"},"content":{"rendered":"<figure class=\"mb-3\"><img loading=\"lazy\" src=\"http:\/\/cordobadirecto.com\/wp-content\/uploads\/2021\/11\/leon-gieco-a-sus-70-anos-le-canta-al-tiempo-vivido-y-compartido.jpg\" width=\"100%\" height=\"100%\" alt=\"Ilustracin Pablo Blasberg \"><figcaption> Ilustraci\u00f3n: Pablo Blasberg. <\/figcaption><\/figure>\n<p>Le\u00f3n Gieco, figura protag\u00f3nica de la m\u00fasica popular argentina que ma\u00f1ana cumplir\u00e1 70 a\u00f1os y ser\u00e1 celebrado con conciertos gratuitos, estren\u00f3 hoy \u201cLa amistad\u201d, tercera canci\u00f3n del \u00e1lbum que publicar\u00e1 en 2022 y primera que refiere a ese v\u00ednculo pero que inscribe en una tradici\u00f3n propia basada en componer a partir de \u201ctiempo vivido y compartido\u201d.<\/p>\n<p>\u201cCreo que todas las canciones est\u00e1n hechas de tiempo vivido y compartido. Es m\u00e1s, lo compartido est\u00e1 dentro de lo vivido pero nunca hab\u00eda abordado el tema de la amistad en las canciones hasta componer este tema\u201d, repasa Gieco durante esta entrevista con T\u00e9lam.<\/p>\n<div class=\"video_repositive\"><a class=\"video_sticky\" href=\"javascript:void();\" onclick=\"removeStuckVideo(true);\"><i class=\"far fa-window-close\"><\/i><\/a><\/p>\n<div id=\"wr15JG-LGs8\" class=\"video_telam\" readability=\"6\">\n<div class=\"feature_article_inner\" readability=\"32\">\n<p><h2 class=\"text-center\">&#8220;La amistad&#8221; tema estreno de Le\u00f3n y Gustavo Santaolalla. <\/h2>\n<\/p>\n<\/div>\n<p>VER VIDEO <i class=\"fas fa-play\"><\/i><\/p>\n<\/div>\n<\/div>\n<p>La canci\u00f3n que comparte con su amigo Gustavo Santaolalla y que incluye un coro familiar, es el tercer adelanto (despu\u00e9s de \u201cTodo se quema\u201d y &#8220;Alimentaci\u00f3n.com&#8221;) de una nueva placa que publicar\u00e1 entre fines de abril y principios de mayo y con la que interrumpir\u00e1 un silencio discogr\u00e1fico de una d\u00e9cada.<\/p>\n<p>El lanzamiento se suma a los dos grandes conciertos gratuitos en el Centro Cultural Kirchner (CCK) y en Tecn\u00f3polis con direcci\u00f3n de Lito Vitale, que respectivamente ma\u00f1ana y el domingo, reunir\u00e1n a artistas cantando la esencial obra del artista nacido el 20 de noviembre de 1951 en Ca\u00f1ada Rosqu\u00edn, provincia de Santa Fe.<\/p>\n<p>Canciones fundamentales brotadas de su pu\u00f1o como \u201cEl \u00e1ngel de la bicicleta\u201d, \u201cLos salieris de Charly\u201d, \u201cHombres de hierro\u201d, \u201cOjo con los Orozco\u201d, \u201cS\u00f3lo le pido a Dios\u201d, \u201cEn el pa\u00eds de la libertad\u201d, \u201cLa colina de la vida\u201d, \u201cCinco siglos igual\u201d, \u201cLa memoria\u201d o \u201cCarito\u201d, por citar azarosamente apenas algunas, son parte de un camino popular, laureado, reconocido y coherente que Le\u00f3n visita en charla con esta agencia sin perder de vista su movilizante actualidad.<\/p>\n<p><strong>T\u00e9lam: \u00bfCon \u201cLa amistad\u201d y al sumar, adem\u00e1s, a descendencias en los coros, encontraste una manera de hacer balance de tu propio andar? \u00bfQu\u00e9 ves ah\u00ed?&nbsp;<\/strong><\/p>\n<p><strong>Le\u00f3n Gieco: <\/strong>El sumar hijes y nietes en esta canci\u00f3n tiene que ver con que estuvo realizada e inspirada en eventos m\u00e1s familiares y m\u00e1s \u00edntimos y son les hijes quienes te ense\u00f1an a ser padre y madre y la amistad como el amor se fortalece con ellos, en el trabajo de todos los d\u00edas, en ese camino que a\u00fan falta recorrer, seguir aprendiendo, seguir preguntando, investigando, porque a\u00fan no ha llegado a destino y nunca llegar\u00e1. Porque cuando se termine mi camino, elles seguir\u00e1n caminando el resultado del amor y el respeto que hubo y as\u00ed se pasar\u00e1 esa posta eterna. Algo as\u00ed como \u201cahora segu\u00ed vos, yo ya no puedo\u201d y saber que un d\u00eda seremos ausencias pero si hay amor y respeto van a ser m\u00e1s que primaveras y siempre ofrecer\u00e1n flores eternas porque el amor es el lenguaje de la vida. Las ausencias aparecen de la nada como un refugio de los sue\u00f1os victoriosos y perpetuos, siempre como presentes, como el aire al respirar y por eso en algunas canciones hacemos coros familiares.<\/p>\n<p><strong>T: En \u201cLa amistad\u201d hac\u00e9s referencia a un sentimiento capaz de sortear las distancias, las ideas y los caminos elegidos \u00bfen qu\u00e9 cosas sent\u00eds entonces que se fundan esos lazos fraternales?&nbsp;<\/strong><\/p>\n<p><strong>LG: <\/strong>Los lazos fraternales de la amistad son un sentimiento que sortea distancias, decisiones personales y un mont\u00f3n de cosas m\u00e1s pero no las ideas. Con respecto a las ideas se necesita una mirada del mundo, en lo social, en lo pol\u00edtico, en lo global. Yo no podr\u00eda ser amigo de un nazi, por ejemplo. Para m\u00ed la amistad se funda en la mirada que tengas del mundo.<\/p>\n<p><strong>T: \u00bfQu\u00e9 significa Gustavo Santaolalla en tu vida art\u00edstica y personal?&nbsp;<\/strong><\/p>\n<p><strong>LG:<\/strong> Antes de que me proponga hacer mi primer disco, nos conocimos en unas circunstancias especiales. Yo trabajaba en Entel como telexista internacional y lo escuch\u00e9 en una entrevista en \u201cModart en la noche\u201d. Tras ese reportaje, me anot\u00e9 para estudiar y aprender con \u00e9l escuchando m\u00fasica y me mostr\u00f3 los sonidos de Joan Baez, Bob Dylan, Crosby, Stills &amp; Nash, pero tambi\u00e9n de Jaime Torres. Por entonces con Alain Debray (seud\u00f3nimo de Horacio Malvicino) me ofreci\u00f3 grabar canciones de los Bee Gees en castellano para la RCA, y Gustavo me dijo \u201chac\u00e9 eso pero aqu\u00ed no vengas m\u00e1s. Te estoy proponiendo grabar tus propias canciones\u201d.<\/p>\n<figure class=\"mb-3\"><img loading=\"lazy\" data-src=\"http:\/\/cordobadirecto.com\/wp-content\/uploads\/2021\/11\/leon-gieco-a-sus-70-anos-le-canta-al-tiempo-vivido-y-compartido-1.jpg\" src=\"https:\/\/www.telam.com.ar\/assets\/img\/not_image.png\" class=\" lazy \" width=\"100%\" height=\"100%\" alt=\"Los lazos fraternales de la amistad son un sentimiento que sortea distancias decisiones personales y un montn de cosas ms pero no las ideas dice Len \"><figcaption> &#8220;Los lazos fraternales de la amistad son un sentimiento que sortea distancias, decisiones personales y un mont\u00f3n de cosas m\u00e1s pero no las ideas&#8221; dice Le\u00f3n. <\/figcaption><\/figure>\n<p>Lo pens\u00e9, me descompuse varias veces y pasaron tres meses y le propuse \u201chagamos el disco\u201d y \u201cEl pa\u00eds de la libertad\u201d fue el punta de lanza de una carrera que sigue hasta hoy gracias a \u00e9l. Cuando en el 80 no ten\u00eda idea de c\u00f3mo empezar a grabar Pensar en Nada, \u00e9l me propuso los primeros pasos en Los \u00c1ngeles donde viv\u00eda desde hac\u00eda cuatro a\u00f1os y me marc\u00f3 a los m\u00fasicos con los que grab\u00e9 en Buenos Aires y termin\u00f3 siendo uno de mis discos m\u00e1s vendidos tambi\u00e9n gracias a \u00e9l y en 1984 vino a producir \u201cDe Ushuaia a La Quiaca\u201d y se lo puso al hombro como nadie.<\/p>\n<figure class=\"mb-3\"><img loading=\"lazy\" data-src=\"http:\/\/cordobadirecto.com\/wp-content\/uploads\/2021\/11\/leon-gieco-a-sus-70-anos-le-canta-al-tiempo-vivido-y-compartido-2.jpg\" src=\"https:\/\/www.telam.com.ar\/assets\/img\/not_image.png\" class=\" lazy \" width=\"100%\" height=\"100%\" alt=\"Un da seremos ausencias pero si hay amor y respeto van a ser ms que primaveras y siempre ofrecern flores eternas porque el amor es el lenguaje de la vida LG\"><figcaption> &#8220;Un d\u00eda seremos ausencias pero si hay amor y respeto van a ser m\u00e1s que primaveras y siempre ofrecer\u00e1n flores eternas porque el amor es el lenguaje de la vida&#8221; (LG) <\/figcaption><\/figure>\n<p>Es algo que no podr\u00eda haber hecho sin \u00e9l e incluso se plant\u00f3 y dijo: \u201cno salgo a grabar si no tengo c\u00e1maras para filmar\u201d y ahora es un proyecto \u00fanico de recopilaci\u00f3n de m\u00fasicas folcl\u00f3ricas argentinas. Dir\u00eda que Santaolalla es mi salvador. Y desde el a\u00f1o 90 cada vez que grabo lo invito a cantar una canci\u00f3n, lo hacemos por c\u00e1bala, \u00e9l sabe que me trae suerte, Y en este caso fue acertado invitarlo a cantar este tema que habla de la amistad.&nbsp;&nbsp;<\/p>\n<p><strong>T: \u00bfCu\u00e1nto extra\u00f1\u00e1s a Mercedes Sosa, a Sixto Palavecino y a Elpidio Herrera, otros tres grandes artistas que nombr\u00e1s en la canci\u00f3n?&nbsp;<\/strong><\/p>\n<p><strong>LG:<\/strong> Son tres personajes que los menciono porque los extra\u00f1o mucho. A veces pienso que Dios deber\u00eda ser m\u00e1s perfecto y cederle un plus de a\u00f1os de regalo a algunas personas como ellos.<\/p>\n<p><strong>T: \u201cLa amistad\u201d es tambi\u00e9n el tercer adelanto de un nuevo disco que publicar\u00e1s en 2022 \u00bfQu\u00e9 te motiv\u00f3 a volver a estudios despu\u00e9s de nueve a\u00f1os?&nbsp;<\/strong><\/p>\n<p><strong>LG: <\/strong>Creo que la pregunta correcta ser\u00eda \u201c\u00bfpor qu\u00e9 tard\u00e9 tantos a\u00f1os en motivarme?\u201d. La respuesta es que despu\u00e9s de componer m\u00e1s de 300 canciones se produce un desgaste intelectual que, creo yo, tiene que ver con el paso del tiempo. Creo que uno trata de salvar los d\u00edas que se est\u00e1n yendo, ning\u00fan d\u00eda nuevo ya mira atr\u00e1s y la rueda que gira no da tregua.<\/p>\n<p><strong>T: Las tres canciones del nuevo material que se conocen hasta ahora ratifican tu sonido y tu manera vigorosa y consecuente de entender la m\u00fasica \u00bfC\u00f3mo te ves vos como artista?&nbsp;<\/strong><\/p>\n<p><strong>LG: <\/strong>Creo que como artista me veo limitado. Me guistar\u00eda tener mejor cuerpo, bailar mejor, ser mejor guitarrista, cantante y armonoquista. Me arrep\u00edento de nunca haber estudiado m\u00fasica, de nunca haber hecho vocalizaci\u00f3n y de no haber estudiado ingl\u00e9s. Tambi\u00e9n de no tener elementos para improvisar con amigos que s\u00ed son buenos m\u00fasicos y de no saber tocar todas las canciones de Los Beatles, los Rolling o Dylan,&nbsp; as\u00ed como hacen Charly o Lito, o Malosetti o Fito. En todo esto me siento limitado como artista. En lo dem\u00e1s, que no s\u00e9 qu\u00e9 es lo dem\u00e1s, no me va tan mal.&nbsp;<\/p>\n<div class=\"jumbotron pt-4 mt-3\" readability=\"92\">\n<h3 class=\"module-title\">Un poema in\u00e9dito de Le\u00f3n para Mercedes<\/h3>\n<p>Le\u00f3n Gieco ratifica su bello y profundo lazo con Mercedes Sosa a quien nombra en su nuevo tema \u201cLa amistad\u201d, pero adem\u00e1s le narra a T\u00e9lam un poema sobre la notable cantante tucumana fallecida en octubre de 2009.<\/p>\n<p>\u201cLos compositores nos mor\u00edamos de gusto, placer y emoci\u00f3n si ella eleg\u00eda nuestras canciones porque las enmarcaba y te dejaba ese cuadro colgado en tu pared\u201d, grafica Le\u00f3n sobre la importancia de Mercedes en su trayectoria.<\/p>\n<p>\u201cEsta voz que se teji\u00f3 con el viento&nbsp;<\/p>\n<p>hiri\u00f3 al aire con garras suaves,&nbsp;<\/p>\n<p>con palabras de amor y de guerra&nbsp;<\/p>\n<p>para que el mundo entero cante.&nbsp;<\/p>\n<p>Se hizo pa\u00f1o de todos los colores,&nbsp;<\/p>\n<p>cubre del sol sus rayos,&nbsp;<\/p>\n<p>calienta el fr\u00edo que iguala,&nbsp;<\/p>\n<p>seca lo sombr\u00edo por largo rato.<\/p>\n<p>Esta voz que se teji\u00f3 con el viento&nbsp;<\/p>\n<p>da su aliento a mares y rincones,&nbsp;<\/p>\n<p>a campos, ciudades, pueblos&nbsp;<\/p>\n<p>y hasta a caminos que fueron.&nbsp;<\/p>\n<p>Siendo trahumante en el tiempo&nbsp;<\/p>\n<p>despierta el eco que duerme en piedras,&nbsp;<\/p>\n<p>enhebra para unir d\u00edas de lejan\u00edas&nbsp;<\/p>\n<p>y sopla el polvo con selenio.&nbsp;<\/p>\n<p>Esta voz que se teji\u00f3 con el viento&nbsp;<\/p>\n<p>hace al norte con trueno, al sur m\u00e1s azul,&nbsp;<\/p>\n<p>demuestra el este de plata y al occidente como descansa.&nbsp;<\/p>\n<p>Con perlas oscuras y claras,&nbsp;<\/p>\n<p>con cinco hilos distintos, silencios y palabras,&nbsp;<\/p>\n<p>hilvana un manto sagrado&nbsp;<\/p>\n<p>que agita fuegos para el amor, los recuerdos, los sue\u00f1os.&nbsp;<\/p>\n<p>Esta voz que se teji\u00f3 con el viento&nbsp;<\/p>\n<p>pule los bordes groseros de mi \u00fanica escultura&nbsp;<\/p>\n<p>que con los a\u00f1os fui haciendo,&nbsp;<\/p>\n<p>saluda el final de las olas,&nbsp;<\/p>\n<p>se clava en la cruz de las estrellas,&nbsp;<\/p>\n<p>abanica al infinito y se funde con el cielo\u201d.<\/p>\n<\/div>\n<h2 class>\u201cAgradezco que mi m\u00fasica sirva para acompa\u00f1ar la lucha por los derechos humanos\u201d<\/h2>\n<p>Sostenido como uno de los trovadores de cabecera de las luchas por los derechos humanos, Le\u00f3n Gieco confiesa \u201cagradezco que mi m\u00fasica sirva para acompa\u00f1ar la lucha por los derechos humanos, a partir de un compromiso que no siempre tuve\u201d.<\/p>\n<p>\u201cLa verdad es que yo ya era m\u00fasico antes de vivir todas las experiencias pol\u00edticas que me atravesaron. Mi pap\u00e1 me llevaba a cantar y cantaba de todo: Elvis Presley, Antonio Tormo, Los Beatles, Los Chalchaleros\u201d, evoca Le\u00f3n.<\/p>\n<p>El guitarrista, autor y cantante, a\u00f1ade que \u201ca los 18 a\u00f1os llegu\u00e9 a Buenos Aires y esta ciudad me parti\u00f3 la cabeza en mil partes y una de esas partes fue a parar a la m\u00e1gica idea de componer canciones y agradezco todo lo que me pas\u00f3 de all\u00ed en m\u00e1s\u201d.&nbsp;<\/p>\n<blockquote class><p>&#8220;Desde que me levanto y me cepillo los dientes considero que cada cosa que hago ya es un acto pol\u00edtico, aunque mucha gente confunde lo pol\u00edtico con partidismo\u201d <cite class=\"author\">Le\u00f3n Gieco<\/cite><\/p><\/blockquote>\n<p>\u201cYo trabajo con Estela (de Carlotto) o Hebe (de Bonafini) y a ellas no se les ofreci\u00f3 la m\u00fasica o una guitarrita como herramienta, sino que a ellas les mataron a les hijes y a m\u00ed no me queda m\u00e1s que agradecer que la m\u00fasica me sirva como elemento importante para acompa\u00f1arlas a ellas en esta lucha tan valiosa en el mundo\u201d, subraya Gieco.<\/p>\n<p>En esa veta, el m\u00fasico sostiene que \u201cdesde que me levanto y me cepillo los dientes considero que cada cosa que hago ya es un acto pol\u00edtico, aunque mucha gente confunde lo pol\u00edtico con partidismo\u201d.&nbsp;<\/p>\n<p>\u201cIr a comprar a un chino, manejar sin tomar a alcohol, -enumera- ser solidario, apoyar los movimientos feministas, cantar en las marchas del orgullo, en el barrio 31 de Retiro, son parte de ese todo\u201d.&nbsp;<\/p>\n<p>Y para coronar la idea abunda: \u201cYo <strong>no estoy de acuerdo con los que dicen \u2018soy apol\u00edtico\u2019 que es como decir \u2018soy indiferente a lo que sucede a mi alrededor\u2019 y yo me siento profundamente modificado en lo sucede a mi alrededor y eso en mis canciones se refleja de manera transparente<\/strong>\u201d.<\/p>\n<figure class=\"mb-3\"><img loading=\"lazy\" data-src=\"http:\/\/cordobadirecto.com\/wp-content\/uploads\/2021\/11\/leon-gieco-a-sus-70-anos-le-canta-al-tiempo-vivido-y-compartido-3.jpg\" src=\"https:\/\/www.telam.com.ar\/assets\/img\/not_image.png\" class=\" lazy \" width=\"100%\" height=\"100%\" alt=\"Mundo Alas otro de los proyectos solidarios de Len \"><figcaption> &#8220;Mundo Alas&#8221; otro de los proyectos solidarios de Le\u00f3n. <\/figcaption><\/figure>\n<div class=\"jumbotron pt-4 mt-3\" readability=\"71\">\n<h3 class=\"module-title\">El cumplea\u00f1os de Le\u00f3n en el CCK y Tecn\u00f3polis <\/h3>\n<p>Le\u00f3n Gieco considera que la celebraci\u00f3n de su cumplea\u00f1os 70, con epicentro ma\u00f1ana en el Centro Cultural Kirchner (CCK) y una funci\u00f3n de domingo en Tecn\u00f3polis, en ambos casos con conciertos gratuitos y diversos dirigidos por Lito Vitale, \u201cme regalar\u00e1 para siempre un incentivo para seguir caminando y haciendo canciones\u201d.<\/p>\n<p>\u201cEstar\u00e9 all\u00ed sentado, emocion\u00e1ndome, por cada artista que le pondr\u00e1 a las canciones algo que a m\u00ed me falt\u00f3\u201d, comenta, modesto, Gieco a T\u00e9lam.<\/p>\n<p>Y espiando su propio futuro, a\u00f1ade: \u201cTengo 70 y quiz\u00e1s tenga la suerte de componer muchas m\u00e1s canciones y hacer muchos m\u00e1s discos\u201d.<\/p>\n<p>La cita en el CCK, denominada \u201cLe\u00f3n cumple\u201d, se desarrollar\u00e1 desde las 20 en el Auditorio Nacional y anuncia a V\u00edctor Heredia, Ricardo Mollo, Juan Carlos Baglietto, Teresa Parodi, Ra\u00fal Porchetto, Javier Malosetti, Ligia Piro, Lisandro Aristimu\u00f1o, Eruca Sativa, Los Tipitos, Andr\u00e9s Gim\u00e9nez, Liliana Vitale, Bruno Arias y Mavi D\u00edaz.<\/p>\n<p>El elenco sabatino integra, adem\u00e1s, a Barbarita Palacios, Nadia Larcher, Andr\u00e9s Beeuwsaert, BB Asul, Nico Bereciartua, Luis Gurevich, Diego Smolovich, Joana Gieco, Gustavo Santaolalla y Abel Pintos.<\/p>\n<p>El festejo en Tecn\u00f3polis tendr\u00e1 por sede el Microestadio y desde las 18.30 y reunir\u00e1 a Hilda Lizarazu, Nahuel Penissi, Liliana Herrero, Leo Garc\u00eda, Dani y C\u00f3ndor, Julia Zenko, Claudia Puy\u00f3, Javier Calamaro, Miss Bolivia y Manu Sija, entre m\u00e1s.&nbsp;<\/p>\n<\/div>\n","protected":false},"excerpt":{"rendered":"<p>Ilustraci\u00f3n: Pablo Blasberg. Le\u00f3n Gieco, figura protag\u00f3nica de la m\u00fasica popular argentina que ma\u00f1ana cumplir\u00e1 70 a\u00f1os y ser\u00e1 celebrado con conciertos gratuitos, estren\u00f3 hoy \u201cLa amistad\u201d, tercera canci\u00f3n del \u00e1lbum que publicar\u00e1 en 2022 y primera que refiere a ese v\u00ednculo pero que inscribe en una tradici\u00f3n propia basada en componer a partir de [&hellip;]<\/p>\n","protected":false},"author":1,"featured_media":29143,"comment_status":"closed","ping_status":"closed","sticky":false,"template":"","format":"standard","meta":[],"categories":[20],"tags":[],"_links":{"self":[{"href":"http:\/\/cordobadirecto.com\/index.php\/wp-json\/wp\/v2\/posts\/29142"}],"collection":[{"href":"http:\/\/cordobadirecto.com\/index.php\/wp-json\/wp\/v2\/posts"}],"about":[{"href":"http:\/\/cordobadirecto.com\/index.php\/wp-json\/wp\/v2\/types\/post"}],"author":[{"embeddable":true,"href":"http:\/\/cordobadirecto.com\/index.php\/wp-json\/wp\/v2\/users\/1"}],"replies":[{"embeddable":true,"href":"http:\/\/cordobadirecto.com\/index.php\/wp-json\/wp\/v2\/comments?post=29142"}],"version-history":[{"count":0,"href":"http:\/\/cordobadirecto.com\/index.php\/wp-json\/wp\/v2\/posts\/29142\/revisions"}],"wp:featuredmedia":[{"embeddable":true,"href":"http:\/\/cordobadirecto.com\/index.php\/wp-json\/wp\/v2\/media\/29143"}],"wp:attachment":[{"href":"http:\/\/cordobadirecto.com\/index.php\/wp-json\/wp\/v2\/media?parent=29142"}],"wp:term":[{"taxonomy":"category","embeddable":true,"href":"http:\/\/cordobadirecto.com\/index.php\/wp-json\/wp\/v2\/categories?post=29142"},{"taxonomy":"post_tag","embeddable":true,"href":"http:\/\/cordobadirecto.com\/index.php\/wp-json\/wp\/v2\/tags?post=29142"}],"curies":[{"name":"wp","href":"https:\/\/api.w.org\/{rel}","templated":true}]}}