{"id":29201,"date":"2021-11-20T13:19:00","date_gmt":"2021-11-20T13:19:00","guid":{"rendered":"http:\/\/cordobadirecto.com\/index.php\/2021\/11\/20\/un-mes-de-protestas-contra-el-golpe-de-estado-en-sudan-deja-40-muertos\/"},"modified":"2021-11-20T13:19:00","modified_gmt":"2021-11-20T13:19:00","slug":"un-mes-de-protestas-contra-el-golpe-de-estado-en-sudan-deja-40-muertos","status":"publish","type":"post","link":"http:\/\/cordobadirecto.com\/index.php\/2021\/11\/20\/un-mes-de-protestas-contra-el-golpe-de-estado-en-sudan-deja-40-muertos\/","title":{"rendered":"Un mes de protestas contra el golpe de Estado en Sud\u00e1n deja 40 muertos"},"content":{"rendered":"<figure class=\"mb-3\"><img loading=\"lazy\" src=\"http:\/\/cordobadirecto.com\/wp-content\/uploads\/2021\/11\/un-mes-de-protestas-contra-el-golpe-de-estado-en-sudan-deja-40-muertos.jpg\" width=\"100%\" height=\"100%\" alt=\"Desde el golpe se llevaron a cabo multitud de protestas contra el ejrcito sobre todo en la capital Jartum Foto AFP\"><figcaption> Desde el golpe se llevaron a cabo multitud de protestas contra el ej\u00e9rcito, sobre todo en la capital Jartum. Foto: AFP. <\/figcaption><\/figure>\n<p>Al menos <strong>40 civiles murieron por la represi\u00f3n de las manifestaciones contra el golpe de Estado<\/strong> del 25 de octubre en Sud\u00e1n, tras el fallecimiento hoy de un adolescente que hab\u00eda sido herido tres d\u00edas antes, inform\u00f3 un sindicato de m\u00e9dicos.<\/p>\n<p>El 25 de octubre, el general Abdel Fattah al Burhan, jefe del Ej\u00e9rcito y autor del golpe de Estado, puso fin a la tambaleante transici\u00f3n que atravesaba Sud\u00e1n desde hac\u00eda meses.<\/p>\n<p>Orden\u00f3 arrestar a casi todos los civiles en el poder, acab\u00f3 con la uni\u00f3n formada por civiles y militares y decret\u00f3 el estado de emergencia.<\/p>\n<p>Desde entonces, se llevaron a cabo <strong>multitud de protestas contra el ej\u00e9rcito<\/strong>, sobre todo en la capital Jartum, en las que se reclama el retorno al poder de un Gobierno civil.<\/p>\n<p>Esas manifestaciones, en general, son <strong>duramente reprimidas por las fuerzas de seguridad<\/strong>.<\/p>\n<p>El mi\u00e9rcoles 17 de noviembre fue el d\u00eda m\u00e1s mort\u00edfero, con el deceso de 16 personas, la mayor\u00eda en Jartum norte, un suburbio conectado a la capital por un puente sobre el Nilo, seg\u00fan un sindicato de m\u00e9dicos prodemocracia. Una de las v\u00edctimas fue alcanzada por una bala y muri\u00f3 hoy.<\/p>\n<p>&#8220;Un joven de 16 a\u00f1os result\u00f3 gravemente herido de bala en la cabeza y en la pierna el 17 de noviembre y se convirti\u00f3 en m\u00e1rtir&#8221;, declar\u00f3 el sindicato en un comunicado reproducido por la agencia de noticias AFP.<\/p>\n<p>Con este deceso, <strong>ya son 40 las personas que perdieron la vida durante o a ra\u00edz de las manifestaciones desde el 25 de octubre<\/strong>. La gran mayor\u00eda son manifestantes, incluyendo muchos adolescentes.<\/p>\n<p>La polic\u00eda, que afirma que 89 de sus efectivos resultaron heridos, asegura que nunca abri\u00f3 fuego contra los manifestantes y que s\u00f3lo hay un muerto y 30 heridos debido al gas lacrim\u00f3geno. <\/p>\n","protected":false},"excerpt":{"rendered":"<p>Desde el golpe se llevaron a cabo multitud de protestas contra el ej\u00e9rcito, sobre todo en la capital Jartum. Foto: AFP. Al menos 40 civiles murieron por la represi\u00f3n de las manifestaciones contra el golpe de Estado del 25 de octubre en Sud\u00e1n, tras el fallecimiento hoy de un adolescente que hab\u00eda sido herido tres [&hellip;]<\/p>\n","protected":false},"author":1,"featured_media":29202,"comment_status":"closed","ping_status":"closed","sticky":false,"template":"","format":"standard","meta":[],"categories":[24],"tags":[],"_links":{"self":[{"href":"http:\/\/cordobadirecto.com\/index.php\/wp-json\/wp\/v2\/posts\/29201"}],"collection":[{"href":"http:\/\/cordobadirecto.com\/index.php\/wp-json\/wp\/v2\/posts"}],"about":[{"href":"http:\/\/cordobadirecto.com\/index.php\/wp-json\/wp\/v2\/types\/post"}],"author":[{"embeddable":true,"href":"http:\/\/cordobadirecto.com\/index.php\/wp-json\/wp\/v2\/users\/1"}],"replies":[{"embeddable":true,"href":"http:\/\/cordobadirecto.com\/index.php\/wp-json\/wp\/v2\/comments?post=29201"}],"version-history":[{"count":0,"href":"http:\/\/cordobadirecto.com\/index.php\/wp-json\/wp\/v2\/posts\/29201\/revisions"}],"wp:featuredmedia":[{"embeddable":true,"href":"http:\/\/cordobadirecto.com\/index.php\/wp-json\/wp\/v2\/media\/29202"}],"wp:attachment":[{"href":"http:\/\/cordobadirecto.com\/index.php\/wp-json\/wp\/v2\/media?parent=29201"}],"wp:term":[{"taxonomy":"category","embeddable":true,"href":"http:\/\/cordobadirecto.com\/index.php\/wp-json\/wp\/v2\/categories?post=29201"},{"taxonomy":"post_tag","embeddable":true,"href":"http:\/\/cordobadirecto.com\/index.php\/wp-json\/wp\/v2\/tags?post=29201"}],"curies":[{"name":"wp","href":"https:\/\/api.w.org\/{rel}","templated":true}]}}