{"id":29241,"date":"2021-11-21T05:09:21","date_gmt":"2021-11-21T05:09:21","guid":{"rendered":"https:\/\/www.bbc.com\/mundo\/noticias-america-latina-59205619"},"modified":"2021-11-21T05:09:21","modified_gmt":"2021-11-21T05:09:21","slug":"la-incertidumbre-con-que-chile-llega-a-las-primeras-elecciones-en-16-anos-sin-pinera-y-bachelet-y-cuales-son-los-posibles-escenarios","status":"publish","type":"post","link":"http:\/\/cordobadirecto.com\/index.php\/2021\/11\/21\/la-incertidumbre-con-que-chile-llega-a-las-primeras-elecciones-en-16-anos-sin-pinera-y-bachelet-y-cuales-son-los-posibles-escenarios\/","title":{"rendered":"La incertidumbre con que Chile llega a las primeras elecciones en 16 a\u00f1os sin Pi\u00f1era y Bachelet (y cu\u00e1les son los posibles escenarios)"},"content":{"rendered":"<div dir=\"ltr\" class=\"e1j2237y5 bbc-q4ibpr e57qer20\">\n<div class=\"bbc-1atl7vu e1c9i7u14\">\n<ul role=\"list\" class=\"bbc-k0l9bd e1c9i7u12\">\n<li role=\"listitem\" class=\"bbc-1a3w4ok e1c9i7u11\">Fernanda Pa\u00fal<\/li>\n<li role=\"listitem\" class=\"bbc-1p92jtu e1c9i7u10\">BBC News Mundo<\/li>\n<\/ul>\n<\/div>\n<\/div>\n<p><time datetime=\"2021-11-21\" class=\"bbc-14xtggo e4zesg50\">2 horas<\/time><\/p>\n<div dir=\"ltr\" class=\"bbc-1ka88fa e57qer20\">\n<figure class=\"bbc-1qdcvv9 e6bmn90\">\n<div dir=\"ltr\" class=\"bbc-172p16q e57qer20\">\n<div dir=\"ltr\" class=\"bbc-189y18v e57qer20\" readability=\"6.5\">\n<div data-e2e=\"image-placeholder\" class=\"bbc-997y1y e1whu0\" readability=\"8\"><img loading=\"lazy\" srcset=\"http:\/\/cordobadirecto.com\/wp-content\/uploads\/2021\/11\/la-incertidumbre-con-que-chile-llega-a-las-primeras-elecciones-en-16-anos-sin-pinera-y-bachelet-y-cuales-son-los-posibles-escenarios-9.jpg 240w, http:\/\/cordobadirecto.com\/wp-content\/uploads\/2021\/11\/la-incertidumbre-con-que-chile-llega-a-las-primeras-elecciones-en-16-anos-sin-pinera-y-bachelet-y-cuales-son-los-posibles-escenarios-10.jpg 320w, http:\/\/cordobadirecto.com\/wp-content\/uploads\/2021\/11\/la-incertidumbre-con-que-chile-llega-a-las-primeras-elecciones-en-16-anos-sin-pinera-y-bachelet-y-cuales-son-los-posibles-escenarios-11.jpg 480w, http:\/\/cordobadirecto.com\/wp-content\/uploads\/2021\/11\/la-incertidumbre-con-que-chile-llega-a-las-primeras-elecciones-en-16-anos-sin-pinera-y-bachelet-y-cuales-son-los-posibles-escenarios-12.jpg 624w, http:\/\/cordobadirecto.com\/wp-content\/uploads\/2021\/11\/la-incertidumbre-con-que-chile-llega-a-las-primeras-elecciones-en-16-anos-sin-pinera-y-bachelet-y-cuales-son-los-posibles-escenarios-13.jpg 800w\" alt=\"Seis de los siete candidatos que se disputan la presidencia de Chile: Gabriel Boric, Jos\u00e9 Antonio Kast, Yasna Provoste, Sebasti\u00e1n Sichel, Eduardo Art\u00e9s y Marco Enr\u00edquez-Ominami.\" src=\"http:\/\/cordobadirecto.com\/wp-content\/uploads\/2021\/11\/la-incertidumbre-con-que-chile-llega-a-las-primeras-elecciones-en-16-anos-sin-pinera-y-bachelet-y-cuales-son-los-posibles-escenarios.jpg\" sizes=\"(min-width: 1008px) 645px, 100vw\" width=\"976\" height=\"549\" class=\"eehpdyc0 bbc-100dhyn e1enwo3v0\"><\/p>\n<p role=\"text\" class=\"bbc-1s1cxbv etq3yw90\"><span class=\"bbc-1gnhmg2 e1yt7oin0\">Fuente de la imagen, <\/span><span lang=\"en-GB\">Getty Images<\/span><\/p>\n<\/div>\n<\/div>\n<div dir=\"ltr\" class=\"bbc-3edg7g e57qer20\" readability=\"8.5\"><figcaption dir=\"ltr\" class=\"bbc-1t9zlwf eede9f50\" readability=\"7\"><span class=\"bbc-1gnhmg2 e1yt7oin0\">Pie de foto, <\/span><\/p>\n<p>Seis de los siete candidatos que se disputan la presidencia de Chile: Gabriel Boric, Jos\u00e9 Antonio Kast, Yasna Provoste, Sebasti\u00e1n Sichel, Eduardo Art\u00e9s y Marco Enr\u00edquez-Ominami.<\/p>\n<\/figcaption><\/div>\n<\/div>\n<\/figure>\n<\/div>\n<div dir=\"ltr\" class=\"bbc-19j92fr e57qer20\" readability=\"7\">\n<p dir=\"ltr\" class=\"bbc-bm53ic e1cc2ql70\"><b>Es la elecci\u00f3n presidencial m\u00e1s incierta de las \u00faltimas tres d\u00e9cadas. <\/b><\/p>\n<\/div>\n<div dir=\"ltr\" class=\"bbc-19j92fr e57qer20\" readability=\"9\">\n<p dir=\"ltr\" class=\"bbc-bm53ic e1cc2ql70\">Chile acude este domingo a las urnas para elegir a su pr\u00f3ximo presidente \u2014y renovar buena parte del Parlamento\u2014 en medio de un escenario altamente polarizado, donde no se descartan sorpresas. <\/p>\n<\/div>\n<div dir=\"ltr\" class=\"bbc-19j92fr e57qer20\" readability=\"12\">\n<p dir=\"ltr\" class=\"bbc-bm53ic e1cc2ql70\">Seg\u00fan diversos pron\u00f3sticos, de los siete competidores presidenciales en carrera, ninguno sobrepasa el <b>30% de adhesi\u00f3n<\/b>y en el proceso ha habido un alto n\u00famero indecisos, que no se identifican con ninguno de los candidatos. <\/p>\n<\/div>\n<div dir=\"ltr\" class=\"bbc-19j92fr e57qer20\" readability=\"11\">\n<p dir=\"ltr\" class=\"bbc-bm53ic e1cc2ql70\">Adem\u00e1s, la volatilidad en los respaldos ha sido una t\u00f3nica en los \u00faltimos meses, posicionando a cada uno de ellos en distintos niveles de intenci\u00f3n de voto, algo que var\u00eda semana a semana. <\/p>\n<\/div>\n<div dir=\"ltr\" class=\"bbc-19j92fr e57qer20\" readability=\"13\">\n<p dir=\"ltr\" class=\"bbc-bm53ic e1cc2ql70\">&#8220;Desde el a\u00f1o 1989 a la fecha, en Chile siempre supimos qui\u00e9n iba a ser el pr\u00f3ximo presidente con dos a\u00f1os de anticipaci\u00f3n. Ahora, la incertidumbre es total&#8221;, le explica a BBC Mundo el doctor en filosof\u00eda pol\u00edtica y profesor de la Universidad Adolfo Ib\u00e1\u00f1ez, <b>Crist\u00f3bal Bellolio.<\/b><\/p>\n<\/div>\n<div dir=\"ltr\" class=\"bbc-19j92fr e57qer20\" readability=\"10\">\n<p dir=\"ltr\" class=\"bbc-bm53ic e1cc2ql70\">&#8220;La ciudadan\u00eda est\u00e1 muy permeable e influenciable a lo que est\u00e1 pasando d\u00eda a d\u00eda. Y la verdad es que en los \u00faltimos meses hemos tenido candidatos punteros que duran un par de semanas y se caen&#8221;, agrega.<\/p>\n<\/div>\n<div dir=\"ltr\" class=\"bbc-1ka88fa e57qer20\">\n<figure class=\"bbc-1qdcvv9 e6bmn90\">\n<div dir=\"ltr\" class=\"bbc-172p16q e57qer20\">\n<div dir=\"ltr\" class=\"bbc-189y18v e57qer20\" readability=\"6.5\">\n<div data-e2e=\"image-placeholder\" class=\"bbc-997y1y e1whu0\" readability=\"8\"><noscript><img loading=\"lazy\" srcset=\"http:\/\/cordobadirecto.com\/wp-content\/uploads\/2021\/11\/la-incertidumbre-con-que-chile-llega-a-las-primeras-elecciones-en-16-anos-sin-pinera-y-bachelet-y-cuales-son-los-posibles-escenarios-14.jpg 240w, http:\/\/cordobadirecto.com\/wp-content\/uploads\/2021\/11\/la-incertidumbre-con-que-chile-llega-a-las-primeras-elecciones-en-16-anos-sin-pinera-y-bachelet-y-cuales-son-los-posibles-escenarios-15.jpg 320w, http:\/\/cordobadirecto.com\/wp-content\/uploads\/2021\/11\/la-incertidumbre-con-que-chile-llega-a-las-primeras-elecciones-en-16-anos-sin-pinera-y-bachelet-y-cuales-son-los-posibles-escenarios-16.jpg 480w, http:\/\/cordobadirecto.com\/wp-content\/uploads\/2021\/11\/la-incertidumbre-con-que-chile-llega-a-las-primeras-elecciones-en-16-anos-sin-pinera-y-bachelet-y-cuales-son-los-posibles-escenarios-17.jpg 624w, http:\/\/cordobadirecto.com\/wp-content\/uploads\/2021\/11\/la-incertidumbre-con-que-chile-llega-a-las-primeras-elecciones-en-16-anos-sin-pinera-y-bachelet-y-cuales-son-los-posibles-escenarios-18.jpg 800w\" alt=\"Protestas sociales en Chile\" src=\"http:\/\/cordobadirecto.com\/wp-content\/uploads\/2021\/11\/la-incertidumbre-con-que-chile-llega-a-las-primeras-elecciones-en-16-anos-sin-pinera-y-bachelet-y-cuales-son-los-posibles-escenarios-1.jpg\" sizes=\"(min-width: 1008px) 645px, 100vw\" width=\"976\" height=\"549\" class=\"eehpdyc0 bbc-100dhyn e1enwo3v0\"><\/noscript><\/p>\n<p role=\"text\" class=\"bbc-1s1cxbv etq3yw90\"><span class=\"bbc-1gnhmg2 e1yt7oin0\">Fuente de la imagen, <\/span><span lang=\"en-GB\">Getty Images<\/span><\/p>\n<\/div>\n<\/div>\n<div dir=\"ltr\" class=\"bbc-3edg7g e57qer20\" readability=\"7\"><figcaption dir=\"ltr\" class=\"bbc-1t9zlwf eede9f50\" readability=\"4\"><span class=\"bbc-1gnhmg2 e1yt7oin0\">Pie de foto, <\/span><\/p>\n<p>Tras el estallido social, Chile lleg\u00f3 a un acuerdo para cambiar su Constituci\u00f3n creada bajo el r\u00e9gimen de Augusto Pinochet.<\/p>\n<\/figcaption><\/div>\n<\/div>\n<\/figure>\n<\/div>\n<div dir=\"ltr\" class=\"bbc-19j92fr e57qer20\" readability=\"7\">\n<p dir=\"ltr\" class=\"bbc-bm53ic e1cc2ql70\">Una opini\u00f3n similar tiene el cientista pol\u00edtico <b>Kenneth Bunker.<\/b><\/p>\n<\/div>\n<div dir=\"ltr\" class=\"bbc-19j92fr e57qer20\" readability=\"11\">\n<p dir=\"ltr\" class=\"bbc-bm53ic e1cc2ql70\">&#8220;Todo es posible; es una elecci\u00f3n muy abierta. Hay un cambio constante en el orden de preferencias que antes no ve\u00edamos. Hay muchas cosas que est\u00e1n pasando, que obliga a los candidatos a cambiarse de posiciones y con eso fuerzan a los votantes a que ellos tambi\u00e9n lo hagan&#8221;, le dice a BBC Mundo.<\/p>\n<\/div>\n<div dir=\"ltr\" class=\"bbc-19j92fr e57qer20\" readability=\"8\">\n<p dir=\"ltr\" class=\"bbc-bm53ic e1cc2ql70\">\u00bfQu\u00e9 factores explican este alto nivel de incertidumbre y cu\u00e1les son los posibles escenarios que pueden configurarse tras los resultados? <\/p>\n<\/div>\n<p><h2 id=\"Desconfianza-en-las-encuestas\" tabindex=\"-1\" class=\"bbc-l3e97o e14hemmw0\">Desconfianza en las encuestas<\/h2>\n<\/p>\n<div dir=\"ltr\" class=\"bbc-19j92fr e57qer20\" readability=\"9\">\n<p dir=\"ltr\" class=\"bbc-bm53ic e1cc2ql70\">La incertidumbre se ve alimentada por la <b>desconfianza hacia las encuestas<\/b>, un fen\u00f3meno que afecta a buena parte del mundo. <\/p>\n<\/div>\n<div dir=\"ltr\" class=\"bbc-19j92fr e57qer20\" readability=\"8\">\n<p dir=\"ltr\" class=\"bbc-bm53ic e1cc2ql70\">La imprecisi\u00f3n de sus resultados ha hecho que cada vez sea m\u00e1s dif\u00edcil medir acertadamente por qui\u00e9nes votar\u00e1n los ciudadanos. <\/p>\n<\/div>\n<div dir=\"ltr\" class=\"bbc-19j92fr e57qer20\" readability=\"16\">\n<p dir=\"ltr\" class=\"bbc-bm53ic e1cc2ql70\">Un ejemplo claro es lo que sucedi\u00f3 en las <b>elecciones primarias presidenciales,<\/b> realizadas en Chile en julio de este a\u00f1o, cuando los sondeos se\u00f1alaron, durante meses, que los dos grandes favoritos eran <b>Daniel Jadue<\/b>, por el bloque de izquierda, y <b>Joaqu\u00edn Lav\u00edn<\/b>, por la derecha. <\/p>\n<\/div>\n<div dir=\"ltr\" class=\"bbc-19j92fr e57qer20\" readability=\"11\">\n<p dir=\"ltr\" class=\"bbc-bm53ic e1cc2ql70\">Pero no triunf\u00f3 ninguno de ellos. Se impusieron <b>Gabriel<\/b><b> Boric<\/b>, del Frente Amplio, y <b>Sebasti\u00e1n <\/b><b>Sichel<\/b>, un candidato independiente apoyado por la centroderecha. <\/p>\n<\/div>\n<div dir=\"ltr\" class=\"bbc-1ka88fa e57qer20\">\n<figure class=\"bbc-1qdcvv9 e6bmn90\">\n<div dir=\"ltr\" class=\"bbc-172p16q e57qer20\">\n<div dir=\"ltr\" class=\"bbc-189y18v e57qer20\" readability=\"6.5\">\n<div data-e2e=\"image-placeholder\" class=\"bbc-997y1y e1whu0\" readability=\"8\"><noscript><img loading=\"lazy\" srcset=\"http:\/\/cordobadirecto.com\/wp-content\/uploads\/2021\/11\/la-incertidumbre-con-que-chile-llega-a-las-primeras-elecciones-en-16-anos-sin-pinera-y-bachelet-y-cuales-son-los-posibles-escenarios-19.jpg 240w, http:\/\/cordobadirecto.com\/wp-content\/uploads\/2021\/11\/la-incertidumbre-con-que-chile-llega-a-las-primeras-elecciones-en-16-anos-sin-pinera-y-bachelet-y-cuales-son-los-posibles-escenarios-20.jpg 320w, http:\/\/cordobadirecto.com\/wp-content\/uploads\/2021\/11\/la-incertidumbre-con-que-chile-llega-a-las-primeras-elecciones-en-16-anos-sin-pinera-y-bachelet-y-cuales-son-los-posibles-escenarios-21.jpg 480w, http:\/\/cordobadirecto.com\/wp-content\/uploads\/2021\/11\/la-incertidumbre-con-que-chile-llega-a-las-primeras-elecciones-en-16-anos-sin-pinera-y-bachelet-y-cuales-son-los-posibles-escenarios-22.jpg 624w, http:\/\/cordobadirecto.com\/wp-content\/uploads\/2021\/11\/la-incertidumbre-con-que-chile-llega-a-las-primeras-elecciones-en-16-anos-sin-pinera-y-bachelet-y-cuales-son-los-posibles-escenarios-23.jpg 800w\" alt=\"Gabriel Boric\" src=\"http:\/\/cordobadirecto.com\/wp-content\/uploads\/2021\/11\/la-incertidumbre-con-que-chile-llega-a-las-primeras-elecciones-en-16-anos-sin-pinera-y-bachelet-y-cuales-son-los-posibles-escenarios-2.jpg\" sizes=\"(min-width: 1008px) 645px, 100vw\" width=\"976\" height=\"549\" class=\"eehpdyc0 bbc-100dhyn e1enwo3v0\"><\/noscript><\/p>\n<p role=\"text\" class=\"bbc-1s1cxbv etq3yw90\"><span class=\"bbc-1gnhmg2 e1yt7oin0\">Fuente de la imagen, <\/span><span lang=\"en-GB\">Getty Images<\/span><\/p>\n<\/div>\n<\/div>\n<div dir=\"ltr\" class=\"bbc-3edg7g e57qer20\" readability=\"7.5\"><figcaption dir=\"ltr\" class=\"bbc-1t9zlwf eede9f50\" readability=\"5\"><span class=\"bbc-1gnhmg2 e1yt7oin0\">Pie de foto, <\/span><\/p>\n<p>Gabriel Boric es el candidato del eje conformado por el Partido Comunista y el Frente Amplio, una coalici\u00f3n que irrumpi\u00f3 hace un par de a\u00f1os y que ha venido a desafiar el poder de las fuerzas pol\u00edticas tradicionales.<\/p>\n<\/figcaption><\/div>\n<\/div>\n<\/figure>\n<\/div>\n<div dir=\"ltr\" class=\"bbc-19j92fr e57qer20\" readability=\"15\">\n<p dir=\"ltr\" class=\"bbc-bm53ic e1cc2ql70\">Seg\u00fan los expertos, la precisi\u00f3n de los estudios p\u00fablicos se ha visto afectada por diversos factores, entre ellos, el voto voluntario, su car\u00e1cter metodol\u00f3gico (han proliferado las encuestas telef\u00f3nicas y online en desmedro de las presenciales), y la misma liquidez de las preferencias electorales.<\/p>\n<\/div>\n<p><h2 id=\"Declive-de-partidos-tradicionales\" tabindex=\"-1\" class=\"bbc-l3e97o e14hemmw0\">Declive de partidos tradicionales<\/h2>\n<\/p>\n<div dir=\"ltr\" class=\"bbc-19j92fr e57qer20\" readability=\"15\">\n<p dir=\"ltr\" class=\"bbc-bm53ic e1cc2ql70\">Estos comicios tienen otra particularidad: son los primeros luego del <b>estallido social<\/b>, que comenz\u00f3 en octubre de 2019, y que remeci\u00f3 a Chile poniendo en duda el sistema pol\u00edtico y econ\u00f3mico que imperaba desde el retorno a la democracia en 1990, e instalando en el debate demandas que hab\u00edan sido resagadas, como la reforma a los sistemas de pensiones, la salud y la educaci\u00f3n. <\/p>\n<\/div>\n<div dir=\"ltr\" class=\"bbc-19j92fr e57qer20\" readability=\"9\">\n<p dir=\"ltr\" class=\"bbc-bm53ic e1cc2ql70\">De alguna manera, eso consolid\u00f3 a <b>nuevas fuerzas pol\u00edticas<\/b> que han venido a remecer el tablero pol\u00edtico chileno y a inyectarle una buena cuota de incertidumbre a estos comicios. <\/p>\n<\/div>\n<div dir=\"ltr\" class=\"bbc-19j92fr e57qer20\" readability=\"15\">\n<p dir=\"ltr\" class=\"bbc-bm53ic e1cc2ql70\">De acuerdo con diversos pron\u00f3sticos de expertos electorales, dos de los candidatos que tienen probabilidades de imponerse en las elecciones son <b>Jos\u00e9 Antonio Kast<\/b><b> y Boric<\/b>, quienes no pertenecen a los partidos tradicionales, sino a la derecha radical, el primero, y al Frente Amplio, el segundo.<\/p>\n<\/div>\n<div dir=\"ltr\" class=\"bbc-19j92fr e57qer20\" readability=\"13\">\n<p dir=\"ltr\" class=\"bbc-bm53ic e1cc2ql70\">Este es un escenario impensado hace unos a\u00f1os, considerando que la centroizquierda y la centroderecha se alternaron el poder de este pa\u00eds sudamericano durante los \u00faltimos 16 a\u00f1os, con dos per\u00edodos presidenciales liderados por <b>Michelle Bachelet<\/b> (2006-2010 y 2014-2018), y otros dos por <b>Sebasti\u00e1n Pi\u00f1era<\/b> (2010-2014 y 2018 hasta la fecha).<\/p>\n<\/div>\n<div class=\"bbc-sffzb7 e8v25yx0\">\n<div dir=\"ltr\" class=\"bbc-1ka88fa e57qer20\">\n<figure class=\"bbc-1qdcvv9 e6bmn90\">\n<div dir=\"ltr\" class=\"bbc-172p16q e57qer20\">\n<div dir=\"ltr\" class=\"bbc-189y18v e57qer20\" readability=\"6.5\">\n<div data-e2e=\"image-placeholder\" class=\"bbc-997y1y e1whu0\" readability=\"8\"><noscript><img loading=\"lazy\" srcset=\"http:\/\/cordobadirecto.com\/wp-content\/uploads\/2021\/11\/la-incertidumbre-con-que-chile-llega-a-las-primeras-elecciones-en-16-anos-sin-pinera-y-bachelet-y-cuales-son-los-posibles-escenarios-24.jpg 240w, http:\/\/cordobadirecto.com\/wp-content\/uploads\/2021\/11\/la-incertidumbre-con-que-chile-llega-a-las-primeras-elecciones-en-16-anos-sin-pinera-y-bachelet-y-cuales-son-los-posibles-escenarios-25.jpg 320w, http:\/\/cordobadirecto.com\/wp-content\/uploads\/2021\/11\/la-incertidumbre-con-que-chile-llega-a-las-primeras-elecciones-en-16-anos-sin-pinera-y-bachelet-y-cuales-son-los-posibles-escenarios-26.jpg 480w, http:\/\/cordobadirecto.com\/wp-content\/uploads\/2021\/11\/la-incertidumbre-con-que-chile-llega-a-las-primeras-elecciones-en-16-anos-sin-pinera-y-bachelet-y-cuales-son-los-posibles-escenarios-27.jpg 624w, http:\/\/cordobadirecto.com\/wp-content\/uploads\/2021\/11\/la-incertidumbre-con-que-chile-llega-a-las-primeras-elecciones-en-16-anos-sin-pinera-y-bachelet-y-cuales-son-los-posibles-escenarios-28.jpg 800w\" alt=\"Sebasti\u00e1n Pi\u00f1era y Michelle Bachelet se han alternado la presidencia de Chile durante los \u00faltimos 16 a\u00f1os.\" src=\"http:\/\/cordobadirecto.com\/wp-content\/uploads\/2021\/11\/la-incertidumbre-con-que-chile-llega-a-las-primeras-elecciones-en-16-anos-sin-pinera-y-bachelet-y-cuales-son-los-posibles-escenarios-3.jpg\" sizes=\"(min-width: 1008px) 645px, 100vw\" width=\"976\" height=\"549\" class=\"eehpdyc0 bbc-100dhyn e1enwo3v0\"><\/noscript><\/p>\n<p role=\"text\" class=\"bbc-1s1cxbv etq3yw90\"><span class=\"bbc-1gnhmg2 e1yt7oin0\">Fuente de la imagen, <\/span><span lang=\"en-GB\">Getty Images<\/span><\/p>\n<\/div>\n<\/div>\n<div dir=\"ltr\" class=\"bbc-3edg7g e57qer20\" readability=\"6.5\"><figcaption dir=\"ltr\" class=\"bbc-1t9zlwf eede9f50\" readability=\"3\"><span class=\"bbc-1gnhmg2 e1yt7oin0\">Pie de foto, <\/span><\/p>\n<p>Sebasti\u00e1n Pi\u00f1era y Michelle Bachelet se han alternado la presidencia de Chile durante los \u00faltimos 16 a\u00f1os.<\/p>\n<\/figcaption><\/div>\n<\/div>\n<\/figure>\n<\/div>\n<\/div>\n<div dir=\"ltr\" class=\"bbc-19j92fr e57qer20\" readability=\"12\">\n<p dir=\"ltr\" class=\"bbc-bm53ic e1cc2ql70\">Ahora, los candidatos que representan esas fuerzas \u2014<b>Yasna Provoste,<\/b> en la centroizquierda, y <b>Sichel<\/b>, en la centroderecha\u2014 no han logrado monopolizar las preferencias. <\/p>\n<\/div>\n<div dir=\"ltr\" class=\"bbc-19j92fr e57qer20\" readability=\"9\">\n<p dir=\"ltr\" class=\"bbc-bm53ic e1cc2ql70\">&#8220;Hoy estamos frente a un desmoronamiento completo del andamiaje pol\u00edtico partidista al cual est\u00e1bamos acostumbrados en Chile&#8221;, apunta Bellolio.<\/p>\n<\/div>\n<div dir=\"ltr\" class=\"bbc-19j92fr e57qer20\" readability=\"8\">\n<p dir=\"ltr\" class=\"bbc-bm53ic e1cc2ql70\">El cientista pol\u00edtico indica que la preferencia por los partidos tradicionales ha disminuido abruptamente en los \u00faltimos a\u00f1os. <\/p>\n<\/div>\n<div dir=\"ltr\" class=\"bbc-19j92fr e57qer20\" readability=\"20\">\n<p dir=\"ltr\" class=\"bbc-bm53ic e1cc2ql70\">&#8220;En 1999, por ejemplo, los dos candidatos presidenciales de partidos tradicionales, Ricardo Lagos y Joaqu\u00edn Lavin, sumaron juntos el 98% de los votos. Es decir, no hab\u00eda espacio para terceras fuerzas, muy parecido a lo que pasa en Estados Unidos. Luego, en la \u00faltima elecci\u00f3n presidencial en 2017, entre Sebasti\u00e1n Pi\u00f1era y Alejandro Guillier, la suma de sus votos comenz\u00f3 a declinar, aunque igualmente alcanzaron el 60% de las preferencias&#8221;. <\/p>\n<\/div>\n<div dir=\"ltr\" class=\"bbc-19j92fr e57qer20\" readability=\"13\">\n<p dir=\"ltr\" class=\"bbc-bm53ic e1cc2ql70\">&#8220;Ahora, sin embargo, lo incre\u00edble es que quiz\u00e1s los dos representantes de esas coaliciones, Sichel y Provoste,<b> no lleguen ni a segunda vuelta&#8221;<\/b>, se\u00f1ala.<\/p>\n<\/div>\n<div dir=\"ltr\" class=\"bbc-1ka88fa e57qer20\">\n<figure class=\"bbc-1qdcvv9 e6bmn90\">\n<div dir=\"ltr\" class=\"bbc-172p16q e57qer20\">\n<div dir=\"ltr\" class=\"bbc-189y18v e57qer20\" readability=\"6.5\">\n<div data-e2e=\"image-placeholder\" class=\"bbc-997y1y e1whu0\" readability=\"8\"><noscript><img loading=\"lazy\" srcset=\"http:\/\/cordobadirecto.com\/wp-content\/uploads\/2021\/11\/la-incertidumbre-con-que-chile-llega-a-las-primeras-elecciones-en-16-anos-sin-pinera-y-bachelet-y-cuales-son-los-posibles-escenarios-29.jpg 240w, http:\/\/cordobadirecto.com\/wp-content\/uploads\/2021\/11\/la-incertidumbre-con-que-chile-llega-a-las-primeras-elecciones-en-16-anos-sin-pinera-y-bachelet-y-cuales-son-los-posibles-escenarios-30.jpg 320w, http:\/\/cordobadirecto.com\/wp-content\/uploads\/2021\/11\/la-incertidumbre-con-que-chile-llega-a-las-primeras-elecciones-en-16-anos-sin-pinera-y-bachelet-y-cuales-son-los-posibles-escenarios-31.jpg 480w, http:\/\/cordobadirecto.com\/wp-content\/uploads\/2021\/11\/la-incertidumbre-con-que-chile-llega-a-las-primeras-elecciones-en-16-anos-sin-pinera-y-bachelet-y-cuales-son-los-posibles-escenarios-32.jpg 624w, http:\/\/cordobadirecto.com\/wp-content\/uploads\/2021\/11\/la-incertidumbre-con-que-chile-llega-a-las-primeras-elecciones-en-16-anos-sin-pinera-y-bachelet-y-cuales-son-los-posibles-escenarios-33.jpg 800w\" alt=\"Protestas en Plaza Baquedano, Santiago, Chile\" src=\"http:\/\/cordobadirecto.com\/wp-content\/uploads\/2021\/11\/la-incertidumbre-con-que-chile-llega-a-las-primeras-elecciones-en-16-anos-sin-pinera-y-bachelet-y-cuales-son-los-posibles-escenarios-4.jpg\" sizes=\"(min-width: 1008px) 645px, 100vw\" width=\"976\" height=\"549\" class=\"eehpdyc0 bbc-100dhyn e1enwo3v0\"><\/noscript><\/p>\n<p role=\"text\" class=\"bbc-1s1cxbv etq3yw90\"><span class=\"bbc-1gnhmg2 e1yt7oin0\">Fuente de la imagen, <\/span><span lang=\"en-GB\">Getty Images<\/span><\/p>\n<\/div>\n<\/div>\n<div dir=\"ltr\" class=\"bbc-3edg7g e57qer20\" readability=\"6.5\"><figcaption dir=\"ltr\" class=\"bbc-1t9zlwf eede9f50\" readability=\"3\"><span class=\"bbc-1gnhmg2 e1yt7oin0\">Pie de foto, <\/span><\/p>\n<p>El &#8220;estallido social&#8221; de Chile comenz\u00f3 en octubre de 2019 y puso en duda el sistema pol\u00edtico y econ\u00f3mico que imperaba desde el retorno a la democracia en este pa\u00eds sudamericano.<\/p>\n<\/figcaption><\/div>\n<\/div>\n<\/figure>\n<\/div>\n<div dir=\"ltr\" class=\"bbc-19j92fr e57qer20\" readability=\"12\">\n<p dir=\"ltr\" class=\"bbc-bm53ic e1cc2ql70\">&#8220;Creo que el estallido social termin\u00f3 por <b>enterrar a las dos culturas pol\u00edticas de la transici\u00f3n<\/b>, la centro izquierda y la centro derecha, que nunca se renovaron mucho y son las que parecen estar sucumbiendo&#8221;, indica Bellolio.<\/p>\n<\/div>\n<div dir=\"ltr\" class=\"bbc-19j92fr e57qer20\" readability=\"12\">\n<p dir=\"ltr\" class=\"bbc-bm53ic e1cc2ql70\">Para la investigadora del Centro de Estudios P\u00fablicos (CEP), <b>Carmen Le Foulon<\/b>, este era un proceso que ven\u00eda de antes y que, de hecho, forma parte de las causas de las protestas sociales. <\/p>\n<\/div>\n<div dir=\"ltr\" class=\"bbc-19j92fr e57qer20\" readability=\"13\">\n<p dir=\"ltr\" class=\"bbc-bm53ic e1cc2ql70\">&#8220;La identificaci\u00f3n por partido pol\u00edtico se ha ido perdiendo progresivamente y, en consecuencia, el voto ya no est\u00e1 anclado en identificaciones partidarias; no es un voto a largo plazo, predecible&#8221;, le dice a BBC Mundo.<\/p>\n<\/div>\n<div dir=\"ltr\" class=\"bbc-19j92fr e57qer20\" readability=\"8\">\n<p dir=\"ltr\" class=\"bbc-bm53ic e1cc2ql70\">Esto le ha abierto la puerta a opciones m\u00e1s radicales, con un <b>centro <\/b>que aparece debilitado. <\/p>\n<\/div>\n<p><h2 id=\"Posibles-escenarios\" tabindex=\"-1\" class=\"bbc-l3e97o e14hemmw0\">Posibles escenarios<\/h2>\n<\/p>\n<div dir=\"ltr\" class=\"bbc-19j92fr e57qer20\" readability=\"9\">\n<p dir=\"ltr\" class=\"bbc-bm53ic e1cc2ql70\">Debido a la enorme incertidumbre y a los errores en las encuestas, hoy resulta complejo prever qui\u00e9n liderar\u00e1 estas elecciones. <\/p>\n<\/div>\n<div dir=\"ltr\" class=\"bbc-19j92fr e57qer20\" readability=\"11\">\n<p dir=\"ltr\" class=\"bbc-bm53ic e1cc2ql70\">Lo primero que hay que tener en cuenta es que <b>lo m\u00e1s probable es que este domingo no haya un \u00fanico ganador<\/b>, es decir, que ninguno de los candidatos logre mayor\u00eda \u201450% +1 de los votos\u2014 como para convertirse en presidente de inmediato.<\/p>\n<\/div>\n<div dir=\"ltr\" class=\"bbc-19j92fr e57qer20\" readability=\"13\">\n<p dir=\"ltr\" class=\"bbc-bm53ic e1cc2ql70\">Un factor que ser\u00e1 importante observar es cu\u00e1nta gente votar\u00e1 (y qui\u00e9nes lo har\u00e1n). Esta es una de las preguntas que m\u00e1s le causa dolor de cabeza a los expertos electorales chilenos pues, desde que comenz\u00f3 a regir el <b>voto voluntario <\/b>en el a\u00f1o 2012, la mayor\u00eda de los comicios \u2014tanto presidenciales como municipales y otros\u2014, se han caracterizado por una baja convocatoria de votantes. <\/p>\n<\/div>\n<div dir=\"ltr\" class=\"bbc-19j92fr e57qer20\" readability=\"9\">\n<p dir=\"ltr\" class=\"bbc-bm53ic e1cc2ql70\">En la <b>segunda vuelta<\/b>\u2014que se realizar\u00eda el domingo 19 de diciembre\u2014, competir\u00e1n las dos opciones que hayan logrado m\u00e1s votos en esta primera vuelta. <\/p>\n<\/div>\n<div dir=\"ltr\" class=\"bbc-19j92fr e57qer20\" readability=\"9\">\n<p dir=\"ltr\" class=\"bbc-bm53ic e1cc2ql70\">Uno de los escenarios m\u00e1s mencionados por analistas consultados por BBC Mundo, apunta a que <b>Boric<\/b><b> y Kast<\/b> ser\u00e1n quienes consigan la mayor cantidad de sufragios. <\/p>\n<\/div>\n<div dir=\"ltr\" class=\"bbc-1ka88fa e57qer20\">\n<figure class=\"bbc-1qdcvv9 e6bmn90\">\n<div dir=\"ltr\" class=\"bbc-172p16q e57qer20\">\n<div dir=\"ltr\" class=\"bbc-189y18v e57qer20\" readability=\"6.5\">\n<div data-e2e=\"image-placeholder\" class=\"bbc-997y1y e1whu0\" readability=\"8\"><noscript><img loading=\"lazy\" srcset=\"http:\/\/cordobadirecto.com\/wp-content\/uploads\/2021\/11\/la-incertidumbre-con-que-chile-llega-a-las-primeras-elecciones-en-16-anos-sin-pinera-y-bachelet-y-cuales-son-los-posibles-escenarios-34.jpg 240w, http:\/\/cordobadirecto.com\/wp-content\/uploads\/2021\/11\/la-incertidumbre-con-que-chile-llega-a-las-primeras-elecciones-en-16-anos-sin-pinera-y-bachelet-y-cuales-son-los-posibles-escenarios-35.jpg 320w, http:\/\/cordobadirecto.com\/wp-content\/uploads\/2021\/11\/la-incertidumbre-con-que-chile-llega-a-las-primeras-elecciones-en-16-anos-sin-pinera-y-bachelet-y-cuales-son-los-posibles-escenarios-36.jpg 480w, http:\/\/cordobadirecto.com\/wp-content\/uploads\/2021\/11\/la-incertidumbre-con-que-chile-llega-a-las-primeras-elecciones-en-16-anos-sin-pinera-y-bachelet-y-cuales-son-los-posibles-escenarios-37.jpg 624w, http:\/\/cordobadirecto.com\/wp-content\/uploads\/2021\/11\/la-incertidumbre-con-que-chile-llega-a-las-primeras-elecciones-en-16-anos-sin-pinera-y-bachelet-y-cuales-son-los-posibles-escenarios-38.jpg 800w\" alt=\"Jos\u00e9 Antonio Kast\" src=\"http:\/\/cordobadirecto.com\/wp-content\/uploads\/2021\/11\/la-incertidumbre-con-que-chile-llega-a-las-primeras-elecciones-en-16-anos-sin-pinera-y-bachelet-y-cuales-son-los-posibles-escenarios-5.jpg\" sizes=\"(min-width: 1008px) 645px, 100vw\" width=\"976\" height=\"549\" class=\"eehpdyc0 bbc-100dhyn e1enwo3v0\"><\/noscript><\/p>\n<p role=\"text\" class=\"bbc-1s1cxbv etq3yw90\"><span class=\"bbc-1gnhmg2 e1yt7oin0\">Fuente de la imagen, <\/span><span lang=\"en-GB\">Getty Images<\/span><\/p>\n<\/div>\n<\/div>\n<div dir=\"ltr\" class=\"bbc-3edg7g e57qer20\" readability=\"7\"><figcaption dir=\"ltr\" class=\"bbc-1t9zlwf eede9f50\" readability=\"4\"><span class=\"bbc-1gnhmg2 e1yt7oin0\">Pie de foto, <\/span><\/p>\n<p>Jos\u00e9 Antonio Kast es el candidato del partido republicano, un bloque que est\u00e1 m\u00e1s a la derecha de la coalici\u00f3n oficialista &#8220;Chile Podemos M\u00e1s&#8221;.<\/p>\n<\/figcaption><\/div>\n<\/div>\n<\/figure>\n<\/div>\n<div dir=\"ltr\" class=\"bbc-19j92fr e57qer20\" readability=\"15\">\n<p dir=\"ltr\" class=\"bbc-bm53ic e1cc2ql70\">Kast, que no es el candidato del bloque oficialista &#8220;Chile Podemos M\u00e1s&#8221;, sino el l\u00edder del <b>partido republicano<\/b> \u2014que se encuentra m\u00e1s a la derecha de esta coalici\u00f3n\u2014, habr\u00eda logrado duplicar sus apoyos quit\u00e1ndole votos a Sebasti\u00e1n Sichel bajo la promesa de un gobierno que combatir\u00e1 con mano dura la inseguridad, el narcotr\u00e1fico y la migraci\u00f3n, entre otras cosas. <\/p>\n<\/div>\n<div dir=\"ltr\" class=\"bbc-19j92fr e57qer20\" readability=\"13\">\n<p dir=\"ltr\" class=\"bbc-bm53ic e1cc2ql70\">&#8220;La derecha tiene un piso de 40% de apoyo generalmente. Y de ese 40%, alrededor de un 30% lo estar\u00eda obteniendo Kast. Mucha gente lo est\u00e1 apoyando porque \u00e9l propone orden&#8221;, indica Bunker, quien lidera Tres Quintos, un sitio de an\u00e1lisis pol\u00edtico e informaci\u00f3n electoral. <\/p>\n<\/div>\n<div dir=\"ltr\" class=\"bbc-19j92fr e57qer20\" readability=\"10\">\n<p dir=\"ltr\" class=\"bbc-bm53ic e1cc2ql70\">Otro escenario apuesta a que sean <b>Boric y Yasna Provoste,<\/b> de la centroizquierda, quienes compitan en segunda vuelta. <\/p>\n<\/div>\n<div dir=\"ltr\" class=\"bbc-1ka88fa e57qer20\">\n<figure class=\"bbc-1qdcvv9 e6bmn90\">\n<div dir=\"ltr\" class=\"bbc-172p16q e57qer20\">\n<div dir=\"ltr\" class=\"bbc-189y18v e57qer20\" readability=\"6.5\">\n<div data-e2e=\"image-placeholder\" class=\"bbc-997y1y e1whu0\" readability=\"8\"><noscript><img loading=\"lazy\" srcset=\"http:\/\/cordobadirecto.com\/wp-content\/uploads\/2021\/11\/la-incertidumbre-con-que-chile-llega-a-las-primeras-elecciones-en-16-anos-sin-pinera-y-bachelet-y-cuales-son-los-posibles-escenarios-39.jpg 240w, http:\/\/cordobadirecto.com\/wp-content\/uploads\/2021\/11\/la-incertidumbre-con-que-chile-llega-a-las-primeras-elecciones-en-16-anos-sin-pinera-y-bachelet-y-cuales-son-los-posibles-escenarios-40.jpg 320w, http:\/\/cordobadirecto.com\/wp-content\/uploads\/2021\/11\/la-incertidumbre-con-que-chile-llega-a-las-primeras-elecciones-en-16-anos-sin-pinera-y-bachelet-y-cuales-son-los-posibles-escenarios-41.jpg 480w, http:\/\/cordobadirecto.com\/wp-content\/uploads\/2021\/11\/la-incertidumbre-con-que-chile-llega-a-las-primeras-elecciones-en-16-anos-sin-pinera-y-bachelet-y-cuales-son-los-posibles-escenarios-42.jpg 624w, http:\/\/cordobadirecto.com\/wp-content\/uploads\/2021\/11\/la-incertidumbre-con-que-chile-llega-a-las-primeras-elecciones-en-16-anos-sin-pinera-y-bachelet-y-cuales-son-los-posibles-escenarios-43.jpg 800w\" alt=\"Yasna Provoste\" src=\"http:\/\/cordobadirecto.com\/wp-content\/uploads\/2021\/11\/la-incertidumbre-con-que-chile-llega-a-las-primeras-elecciones-en-16-anos-sin-pinera-y-bachelet-y-cuales-son-los-posibles-escenarios-6.jpg\" sizes=\"(min-width: 1008px) 645px, 100vw\" width=\"976\" height=\"549\" class=\"eehpdyc0 bbc-100dhyn e1enwo3v0\"><\/noscript><\/p>\n<p role=\"text\" class=\"bbc-1s1cxbv etq3yw90\"><span class=\"bbc-1gnhmg2 e1yt7oin0\">Fuente de la imagen, <\/span><span lang=\"en-GB\">Getty Images<\/span><\/p>\n<\/div>\n<\/div>\n<div dir=\"ltr\" class=\"bbc-3edg7g e57qer20\" readability=\"6\"><figcaption dir=\"ltr\" class=\"bbc-1t9zlwf eede9f50\" readability=\"2\"><span class=\"bbc-1gnhmg2 e1yt7oin0\">Pie de foto, <\/span><\/p>\n<p>Yasna Provoste es la candidata de la centroizquierda.<\/p>\n<\/figcaption><\/div>\n<\/div>\n<\/figure>\n<\/div>\n<div dir=\"ltr\" class=\"bbc-19j92fr e57qer20\" readability=\"7\">\n<p dir=\"ltr\" class=\"bbc-bm53ic e1cc2ql70\">Esto significar\u00eda un <b>fuerte golpe para el gobierno de Sebasti\u00e1n Pi\u00f1era <\/b>y su coalici\u00f3n.<\/p>\n<\/div>\n<div dir=\"ltr\" class=\"bbc-19j92fr e57qer20\" readability=\"13\">\n<p dir=\"ltr\" class=\"bbc-bm53ic e1cc2ql70\">&#8220;Provoste viene de una coalici\u00f3n pol\u00edtica que es muy grande, mucho m\u00e1s que la de Kast. Muchos candidatos alrededor de Chile est\u00e1n haciendo campa\u00f1a con Provoste y, a pesar de que ella no marca mucho en las encuestas, puede haber un voto consistente que se vea ese d\u00eda&#8221;, aclara Bunker. <\/p>\n<\/div>\n<div dir=\"ltr\" class=\"bbc-19j92fr e57qer20\" readability=\"14\">\n<p dir=\"ltr\" class=\"bbc-bm53ic e1cc2ql70\">Por otra parte, si bien las encuestas han posicionado a Kast como un favorito, en el \u00faltimo debate presidencial, realizado el lunes 15 de noviembre, fue flanco de cr\u00edticas, mientras que el desempe\u00f1o de Sichel fue ampliamente celebrado en su sector.<\/p>\n<\/div>\n<div dir=\"ltr\" class=\"bbc-19j92fr e57qer20\" readability=\"14\">\n<p dir=\"ltr\" class=\"bbc-bm53ic e1cc2ql70\">De acuerdo con los expertos, esto podr\u00eda (una vez m\u00e1s) cambiar las preferencias de los votantes. As\u00ed, se abre otro posible escenario: que pase Sichel a segunda vuelta (y no Kast), y que sea \u00e9l quien compita con Boric o, eventualmente, Yasna Provoste.<\/p>\n<\/div>\n<div dir=\"ltr\" class=\"bbc-1ka88fa e57qer20\">\n<figure class=\"bbc-1qdcvv9 e6bmn90\">\n<div dir=\"ltr\" class=\"bbc-172p16q e57qer20\">\n<div dir=\"ltr\" class=\"bbc-189y18v e57qer20\" readability=\"6.5\">\n<div data-e2e=\"image-placeholder\" class=\"bbc-997y1y e1whu0\" readability=\"8\"><noscript><img loading=\"lazy\" srcset=\"http:\/\/cordobadirecto.com\/wp-content\/uploads\/2021\/11\/la-incertidumbre-con-que-chile-llega-a-las-primeras-elecciones-en-16-anos-sin-pinera-y-bachelet-y-cuales-son-los-posibles-escenarios-44.jpg 240w, http:\/\/cordobadirecto.com\/wp-content\/uploads\/2021\/11\/la-incertidumbre-con-que-chile-llega-a-las-primeras-elecciones-en-16-anos-sin-pinera-y-bachelet-y-cuales-son-los-posibles-escenarios-45.jpg 320w, http:\/\/cordobadirecto.com\/wp-content\/uploads\/2021\/11\/la-incertidumbre-con-que-chile-llega-a-las-primeras-elecciones-en-16-anos-sin-pinera-y-bachelet-y-cuales-son-los-posibles-escenarios-46.jpg 480w, http:\/\/cordobadirecto.com\/wp-content\/uploads\/2021\/11\/la-incertidumbre-con-que-chile-llega-a-las-primeras-elecciones-en-16-anos-sin-pinera-y-bachelet-y-cuales-son-los-posibles-escenarios-47.jpg 624w, http:\/\/cordobadirecto.com\/wp-content\/uploads\/2021\/11\/la-incertidumbre-con-que-chile-llega-a-las-primeras-elecciones-en-16-anos-sin-pinera-y-bachelet-y-cuales-son-los-posibles-escenarios-48.jpg 800w\" alt=\"Sebasti\u00e1n Sichel\" src=\"http:\/\/cordobadirecto.com\/wp-content\/uploads\/2021\/11\/la-incertidumbre-con-que-chile-llega-a-las-primeras-elecciones-en-16-anos-sin-pinera-y-bachelet-y-cuales-son-los-posibles-escenarios-7.jpg\" sizes=\"(min-width: 1008px) 645px, 100vw\" width=\"976\" height=\"549\" class=\"eehpdyc0 bbc-100dhyn e1enwo3v0\"><\/noscript><\/p>\n<p role=\"text\" class=\"bbc-1s1cxbv etq3yw90\"><span class=\"bbc-1gnhmg2 e1yt7oin0\">Fuente de la imagen, <\/span><span lang=\"en-GB\">Getty Images<\/span><\/p>\n<\/div>\n<\/div>\n<div dir=\"ltr\" class=\"bbc-3edg7g e57qer20\" readability=\"7\"><figcaption dir=\"ltr\" class=\"bbc-1t9zlwf eede9f50\" readability=\"4\"><span class=\"bbc-1gnhmg2 e1yt7oin0\">Pie de foto, <\/span><\/p>\n<p>Sebasti\u00e1n Sichel es el candidato del bloque oficialista &#8220;Chile Podemos M\u00e1s&#8221;, que apoya al presidente Sebasti\u00e1n Pi\u00f1era.<\/p>\n<\/figcaption><\/div>\n<\/div>\n<\/figure>\n<\/div>\n<div dir=\"ltr\" class=\"bbc-19j92fr e57qer20\" readability=\"11\">\n<p dir=\"ltr\" class=\"bbc-bm53ic e1cc2ql70\">Los candidatos que tendr\u00edan menos opciones ser\u00edan el progresista <b>Marco Enr\u00edquez-Ominami<\/b>, <b>Eduardo Art\u00e9s<\/b> (de la izquierda radical) y <b>Franco Parisi<\/b>, quien vive en Estados Unidos y no ha hecho campa\u00f1a presencial en Chile ni ha participado de los debates presidenciales. <\/p>\n<\/div>\n<div dir=\"ltr\" class=\"bbc-19j92fr e57qer20\" readability=\"8\">\n<p dir=\"ltr\" class=\"bbc-bm53ic e1cc2ql70\">Si cualquiera de ellos pasa a segunda vuelta, ser\u00eda un resultado muy sorpresivo. <\/p>\n<\/div>\n<div dir=\"ltr\" class=\"bbc-1ka88fa e57qer20\">\n<figure class=\"bbc-1qdcvv9 e6bmn90\">\n<div dir=\"ltr\" class=\"bbc-172p16q e57qer20\">\n<div dir=\"ltr\" class=\"bbc-189y18v e57qer20\">\n<div data-e2e=\"image-placeholder\" class=\"bbc-997y1y e1whu0\"><noscript><img loading=\"lazy\" srcset=\"http:\/\/cordobadirecto.com\/wp-content\/uploads\/2021\/11\/la-incertidumbre-con-que-chile-llega-a-las-primeras-elecciones-en-16-anos-sin-pinera-y-bachelet-y-cuales-son-los-posibles-escenarios-49.jpg 240w, http:\/\/cordobadirecto.com\/wp-content\/uploads\/2021\/11\/la-incertidumbre-con-que-chile-llega-a-las-primeras-elecciones-en-16-anos-sin-pinera-y-bachelet-y-cuales-son-los-posibles-escenarios-50.jpg 320w, http:\/\/cordobadirecto.com\/wp-content\/uploads\/2021\/11\/la-incertidumbre-con-que-chile-llega-a-las-primeras-elecciones-en-16-anos-sin-pinera-y-bachelet-y-cuales-son-los-posibles-escenarios-51.jpg 464w\" alt=\"L\u00ednea\" src=\"http:\/\/cordobadirecto.com\/wp-content\/uploads\/2021\/11\/la-incertidumbre-con-que-chile-llega-a-las-primeras-elecciones-en-16-anos-sin-pinera-y-bachelet-y-cuales-son-los-posibles-escenarios-8.jpg\" sizes=\"(min-width: 1008px) 645px, 100vw\" width=\"464\" height=\"2\" class=\"eehpdyc0 bbc-100dhyn e1enwo3v0\"><\/noscript><\/div>\n<\/div>\n<\/div>\n<\/figure>\n<\/div>\n<div dir=\"ltr\" class=\"bbc-19j92fr e57qer20\" readability=\"8\">\n<p dir=\"ltr\" class=\"bbc-bm53ic e1cc2ql70\"><i class=\"bbc-h1y5j7 ewc4zcb0\">Ahora puedes recibir notificaciones de BBC News Mundo. Descarga la nueva versi\u00f3n de nuestra app y act\u00edvalas para no perderte nuestro mejor contenido.<\/i><\/p>\n<\/div>\n","protected":false},"excerpt":{"rendered":"<p>Fernanda Pa\u00fal BBC News Mundo 2 horas Fuente de la imagen, Getty Images Pie de foto, Seis de los siete candidatos que se disputan la presidencia de Chile: Gabriel Boric, Jos\u00e9 Antonio Kast, Yasna Provoste, Sebasti\u00e1n Sichel, Eduardo Art\u00e9s y Marco Enr\u00edquez-Ominami. Es la elecci\u00f3n presidencial m\u00e1s incierta de las \u00faltimas tres d\u00e9cadas. Chile acude [&hellip;]<\/p>\n","protected":false},"author":1,"featured_media":29242,"comment_status":"closed","ping_status":"closed","sticky":false,"template":"","format":"standard","meta":[],"categories":[24],"tags":[],"_links":{"self":[{"href":"http:\/\/cordobadirecto.com\/index.php\/wp-json\/wp\/v2\/posts\/29241"}],"collection":[{"href":"http:\/\/cordobadirecto.com\/index.php\/wp-json\/wp\/v2\/posts"}],"about":[{"href":"http:\/\/cordobadirecto.com\/index.php\/wp-json\/wp\/v2\/types\/post"}],"author":[{"embeddable":true,"href":"http:\/\/cordobadirecto.com\/index.php\/wp-json\/wp\/v2\/users\/1"}],"replies":[{"embeddable":true,"href":"http:\/\/cordobadirecto.com\/index.php\/wp-json\/wp\/v2\/comments?post=29241"}],"version-history":[{"count":0,"href":"http:\/\/cordobadirecto.com\/index.php\/wp-json\/wp\/v2\/posts\/29241\/revisions"}],"wp:featuredmedia":[{"embeddable":true,"href":"http:\/\/cordobadirecto.com\/index.php\/wp-json\/wp\/v2\/media\/29242"}],"wp:attachment":[{"href":"http:\/\/cordobadirecto.com\/index.php\/wp-json\/wp\/v2\/media?parent=29241"}],"wp:term":[{"taxonomy":"category","embeddable":true,"href":"http:\/\/cordobadirecto.com\/index.php\/wp-json\/wp\/v2\/categories?post=29241"},{"taxonomy":"post_tag","embeddable":true,"href":"http:\/\/cordobadirecto.com\/index.php\/wp-json\/wp\/v2\/tags?post=29241"}],"curies":[{"name":"wp","href":"https:\/\/api.w.org\/{rel}","templated":true}]}}