{"id":29325,"date":"2021-11-21T07:51:59","date_gmt":"2021-11-21T07:51:59","guid":{"rendered":"http:\/\/cordobadirecto.com\/index.php\/2021\/11\/21\/leon-cumple-un-repertorio-de-clasicos-y-mucha-emocion\/"},"modified":"2021-11-21T07:51:59","modified_gmt":"2021-11-21T07:51:59","slug":"leon-cumple-un-repertorio-de-clasicos-y-mucha-emocion","status":"publish","type":"post","link":"http:\/\/cordobadirecto.com\/index.php\/2021\/11\/21\/leon-cumple-un-repertorio-de-clasicos-y-mucha-emocion\/","title":{"rendered":"Le\u00f3n cumple: un repertorio de cl\u00e1sicos y mucha emoci\u00f3n"},"content":{"rendered":"<figure class=\"mb-3\"><img loading=\"lazy\" src=\"http:\/\/cordobadirecto.com\/wp-content\/uploads\/2021\/11\/leon-cumple-un-repertorio-de-clasicos-y-mucha-emocion.jpg\" width=\"100%\" height=\"100%\" alt=\"Los fanticos de Len se dieron cita en la previa en el CCK\"><figcaption> Los fan\u00e1ticos de Le\u00f3n se dieron cita en la previa en el CCK <\/figcaption><\/figure>\n<p>La celebraci\u00f3n de los 70 a\u00f1os de Le\u00f3n Gieco en el Auditorio Nacional del Centro Cultural Kirchner (CCK) llev\u00f3 emoci\u00f3n, palabras y encuentros donde hasta ahora se interpretaron una docena de canciones del popular artista oriundo de Ca\u00f1ada Rosqu\u00edn, Santa Fe.<\/p>\n<figure class=\"mb-3\"><img loading=\"lazy\" data-src=\"http:\/\/cordobadirecto.com\/wp-content\/uploads\/2021\/11\/leon-cumple-un-repertorio-de-clasicos-y-mucha-emocion-1.jpg\" src=\"https:\/\/www.telam.com.ar\/assets\/img\/not_image.png\" class=\" lazy \" width=\"100%\" height=\"100%\" alt=\"Desde temprano se acercaron personas de distintas generaciones al encuentro del autor de Toma Lus y otras gemas del cancionero nacional \"><figcaption> Desde temprano, se acercaron personas de distintas generaciones al encuentro del autor de &#8220;Toma Lu\u00eds&#8221; y otras gemas del cancionero nacional. <\/figcaption><\/figure>\n<figure class=\"mb-3\"><img loading=\"lazy\" data-src=\"http:\/\/cordobadirecto.com\/wp-content\/uploads\/2021\/11\/leon-cumple-un-repertorio-de-clasicos-y-mucha-emocion-2.jpg\" src=\"https:\/\/www.telam.com.ar\/assets\/img\/not_image.png\" class=\" lazy \" width=\"100%\" height=\"100%\" alt=\"Nadie quiso perderse Len cumple \"><figcaption> Nadie quiso perderse &#8220;Le\u00f3n cumple&#8221;. <\/figcaption><\/figure>\n<p>Impactantes versiones de \u201cHombres de hierro\u201d a cargo de Ricardo Mollo a guitarra criolla y voz, que abri\u00f3 la noche; \u201cSi ves a mi padre\u201d, reuniendo al cantante de La Renga \u201cChizzo\u201d N\u00e1poli con Rodolfo Gorosito; y \u201cCachito campe\u00f3n de Corrientes\u201d que Javier Malosetti asumi\u00f3 en clave rockera alejada del chamam\u00e9 original, destacaron en la primera parte del festejo.<\/p>\n<figure class=\"mb-3\"><img loading=\"lazy\" data-src=\"http:\/\/cordobadirecto.com\/wp-content\/uploads\/2021\/11\/leon-cumple-un-repertorio-de-clasicos-y-mucha-emocion-3.jpg\" src=\"https:\/\/www.telam.com.ar\/assets\/img\/not_image.png\" class=\" lazy \" width=\"100%\" height=\"100%\" alt=\"Foto Julin lvarez\"><figcaption> Foto: Juli\u00e1n \u00c1lvarez. <\/figcaption><\/figure>\n<figure class=\"mb-3\"><img loading=\"lazy\" data-src=\"http:\/\/cordobadirecto.com\/wp-content\/uploads\/2021\/11\/leon-cumple-un-repertorio-de-clasicos-y-mucha-emocion-4.jpg\" src=\"https:\/\/www.telam.com.ar\/assets\/img\/not_image.png\" class=\" lazy \" width=\"100%\" height=\"100%\" alt=\"Foto Julin lvarez\"><figcaption> Foto: Juli\u00e1n \u00c1lvarez. <\/figcaption><\/figure>\n<p>En esa veta tendiente a trajinar el puente entre el folclore y el rock que el propio Le\u00f3n asumi\u00f3 en su notable trayectoria, tambi\u00e9n fue sobrecogedora la visita a \u201cCanto en la rama\u201d (de las recopilaciones de Leda Valladares que Le\u00f3n version\u00f3 en \u201cDe Ushuaia a La Quiaca\u201d), encabezada por las voces de Andr\u00e9s Gim\u00e9nez y Joana Gieco.<\/p>\n<figure class=\"mb-3\"><img loading=\"lazy\" data-src=\"http:\/\/cordobadirecto.com\/wp-content\/uploads\/2021\/11\/leon-cumple-un-repertorio-de-clasicos-y-mucha-emocion-5.jpg\" src=\"https:\/\/www.telam.com.ar\/assets\/img\/not_image.png\" class=\" lazy \" width=\"100%\" height=\"100%\" alt=\"Foto Julin lvarez\"><figcaption> Foto: Juli\u00e1n \u00c1lvarez. <\/figcaption><\/figure>\n<figure class=\"mb-3\"><img loading=\"lazy\" data-src=\"http:\/\/cordobadirecto.com\/wp-content\/uploads\/2021\/11\/leon-cumple-un-repertorio-de-clasicos-y-mucha-emocion-6.jpg\" src=\"https:\/\/www.telam.com.ar\/assets\/img\/not_image.png\" class=\" lazy \" width=\"100%\" height=\"100%\" alt=\"Foto Julin lvarez\"><figcaption> Foto: Juli\u00e1n \u00c1lvarez. <\/figcaption><\/figure>\n<p>En una cuerda m\u00e1s cercana a las piezas originales, brillaron \u201cSeamos todos caballos\u201d, por Diego Smolovich; \u201cLa Navidad de Luis\u201d entonada por Juan Carlos Baglietto; y la reuni\u00f3n entre el homenajeado, Luis Gurevich y Teresa Parodi en \u201cTodos los d\u00edas un poco\u201d.<\/p>\n<p>Antes de estos pasajes musicales atravesados por an\u00e9cdotas y comentarios que Gieco comparti\u00f3 con Mex Urtizberea y Mikki Lusardi, conductores de la velada, la multitud de artistas y p\u00fablico le cant\u00f3 dos veces el cumplea\u00f1os.<\/p>\n<figure class=\"mb-3\"><img loading=\"lazy\" data-src=\"http:\/\/cordobadirecto.com\/wp-content\/uploads\/2021\/11\/leon-cumple-un-repertorio-de-clasicos-y-mucha-emocion-7.jpg\" src=\"https:\/\/www.telam.com.ar\/assets\/img\/not_image.png\" class=\" lazy \" width=\"100%\" height=\"100%\" alt=\"Foto Julin lvarez\"><figcaption> Foto: Juli\u00e1n \u00c1lvarez. <\/figcaption><\/figure>\n<figure class=\"mb-3\"><img loading=\"lazy\" data-src=\"http:\/\/cordobadirecto.com\/wp-content\/uploads\/2021\/11\/leon-cumple-un-repertorio-de-clasicos-y-mucha-emocion-8.jpg\" src=\"https:\/\/www.telam.com.ar\/assets\/img\/not_image.png\" class=\" lazy \" width=\"100%\" height=\"100%\" alt=\"Foto Julin lvarez\"><figcaption> Foto: Juli\u00e1n \u00c1lvarez. <\/figcaption><\/figure>\n<p>A la propuesta de &#8220;Le\u00f3n Cumple&#8221; en el CCK con direcci\u00f3n musical de Lito Vitale, a\u00fan le faltan las presencias de Lisandro Aristimu\u00f1o, Eruca Sativa, Nadia Larcher, Andr\u00e9s Beeuwsaert, Abel Pintos, Bruno Arias, Barbarita Palacios y BB Asul, entre m\u00e1s.<\/p>\n<figure class=\"mb-3\"><img loading=\"lazy\" data-src=\"http:\/\/cordobadirecto.com\/wp-content\/uploads\/2021\/11\/leon-cumple-un-repertorio-de-clasicos-y-mucha-emocion-9.jpg\" src=\"https:\/\/www.telam.com.ar\/assets\/img\/not_image.png\" class=\" lazy \" width=\"100%\" height=\"100%\" alt=\"Foto Camila Godoy\"><figcaption> Foto: Camila Godoy. <\/figcaption><\/figure>\n<figure class=\"mb-3\"><img loading=\"lazy\" data-src=\"http:\/\/cordobadirecto.com\/wp-content\/uploads\/2021\/11\/leon-cumple-un-repertorio-de-clasicos-y-mucha-emocion-10.jpg\" src=\"https:\/\/www.telam.com.ar\/assets\/img\/not_image.png\" class=\" lazy \" width=\"100%\" height=\"100%\" alt=\"Foto Camila Godoy\"><figcaption> Foto: Camila Godoy. <\/figcaption><\/figure>\n","protected":false},"excerpt":{"rendered":"<p>Los fan\u00e1ticos de Le\u00f3n se dieron cita en la previa en el CCK La celebraci\u00f3n de los 70 a\u00f1os de Le\u00f3n Gieco en el Auditorio Nacional del Centro Cultural Kirchner (CCK) llev\u00f3 emoci\u00f3n, palabras y encuentros donde hasta ahora se interpretaron una docena de canciones del popular artista oriundo de Ca\u00f1ada Rosqu\u00edn, Santa Fe. Desde [&hellip;]<\/p>\n","protected":false},"author":1,"featured_media":29326,"comment_status":"closed","ping_status":"closed","sticky":false,"template":"","format":"standard","meta":[],"categories":[20],"tags":[],"_links":{"self":[{"href":"http:\/\/cordobadirecto.com\/index.php\/wp-json\/wp\/v2\/posts\/29325"}],"collection":[{"href":"http:\/\/cordobadirecto.com\/index.php\/wp-json\/wp\/v2\/posts"}],"about":[{"href":"http:\/\/cordobadirecto.com\/index.php\/wp-json\/wp\/v2\/types\/post"}],"author":[{"embeddable":true,"href":"http:\/\/cordobadirecto.com\/index.php\/wp-json\/wp\/v2\/users\/1"}],"replies":[{"embeddable":true,"href":"http:\/\/cordobadirecto.com\/index.php\/wp-json\/wp\/v2\/comments?post=29325"}],"version-history":[{"count":0,"href":"http:\/\/cordobadirecto.com\/index.php\/wp-json\/wp\/v2\/posts\/29325\/revisions"}],"wp:featuredmedia":[{"embeddable":true,"href":"http:\/\/cordobadirecto.com\/index.php\/wp-json\/wp\/v2\/media\/29326"}],"wp:attachment":[{"href":"http:\/\/cordobadirecto.com\/index.php\/wp-json\/wp\/v2\/media?parent=29325"}],"wp:term":[{"taxonomy":"category","embeddable":true,"href":"http:\/\/cordobadirecto.com\/index.php\/wp-json\/wp\/v2\/categories?post=29325"},{"taxonomy":"post_tag","embeddable":true,"href":"http:\/\/cordobadirecto.com\/index.php\/wp-json\/wp\/v2\/tags?post=29325"}],"curies":[{"name":"wp","href":"https:\/\/api.w.org\/{rel}","templated":true}]}}