{"id":29327,"date":"2021-11-21T07:52:04","date_gmt":"2021-11-21T07:52:04","guid":{"rendered":"http:\/\/cordobadirecto.com\/index.php\/2021\/11\/21\/en-el-dia-de-la-soberania-radio-nacional-rio-grande-llego-a-las-malvinas\/"},"modified":"2021-11-21T07:52:04","modified_gmt":"2021-11-21T07:52:04","slug":"en-el-dia-de-la-soberania-radio-nacional-rio-grande-llego-a-las-malvinas","status":"publish","type":"post","link":"http:\/\/cordobadirecto.com\/index.php\/2021\/11\/21\/en-el-dia-de-la-soberania-radio-nacional-rio-grande-llego-a-las-malvinas\/","title":{"rendered":"En el D\u00eda de la Soberan\u00eda, Radio Nacional R\u00edo Grande lleg\u00f3 a las Malvinas"},"content":{"rendered":"<figure class=\"mb-3\"><img loading=\"lazy\" src=\"http:\/\/cordobadirecto.com\/wp-content\/uploads\/2021\/11\/en-el-dia-de-la-soberania-radio-nacional-rio-grande-llego-a-las-malvinas.jpg\" width=\"100%\" height=\"100%\" alt=\"Foto Marcelo Molina Municipio de Ro Grande Tierra del Fuego\"><figcaption> Foto: Marcelo Molina. Municipio de R\u00edo Grande, Tierra del Fuego. <\/figcaption><\/figure>\n<p>Un transmisor de 100 kilowatts de potencia colocado en Radio Nacional R\u00edo Grande logr\u00f3 que este s\u00e1bado 20 de noviembre, en el D\u00eda de la Soberan\u00eda Nacional, la emisora tenga una cobertura de m\u00e1s de 600 kil\u00f3metros en torno a esa ciudad fueguina y sea escuchada en las Malvinas, otras de las islas del Atl\u00e1ntico Sur y la Ant\u00e1rtida.<\/p>\n<p>La activaci\u00f3n del equipo, que recorri\u00f3 los m\u00e1s de 2.800 kil\u00f3metros que unen Buenos Aires con R\u00edo Grande, se realiz\u00f3 en las instalaciones de la emisora por parte de la secretaria de Medios y Comunicaci\u00f3n P\u00fablica, Valeria Zapesochny; la subsecretaria de Medios P\u00fablicos, Rosaura Audi; la presidenta de Radio y Televisi\u00f3n Argentina, Rosario Lufrano; y el intendente de R\u00edo Grande, Martin P\u00e9rez.<\/p>\n<p>Tambi\u00e9n participaron del evento el director ejecutivo de Radio Nacional, Alejandro Pont Lezica; el director de la emisora fueguina, Mart\u00edn Mancieri; la directora LRA10 Nacional Ushuaia e Islas Malvinas, Luz Scarpatt; y el gerente de Emisoras, Juan Martin Ramos Padilla, entre otras autoridades y trabajadores de la emisora.<\/p>\n<p>La inauguraci\u00f3n y la puesta en funcionamiento del equipo fue definida por Zapesochny como \u201cuna gesta de los medios p\u00fablicos\u201d y agreg\u00f3 que desde la Secretar\u00eda de Medios y Comunicaci\u00f3n trabajar\u00e1 \u201cen el firme compromiso para que las 49 emisoras de Radio Nacional recuperen el valor que tienen que tener\u201d.<\/p>\n<figure class=\"mb-3\"><img loading=\"lazy\" data-src=\"http:\/\/cordobadirecto.com\/wp-content\/uploads\/2021\/11\/en-el-dia-de-la-soberania-radio-nacional-rio-grande-llego-a-las-malvinas-1.jpg\" src=\"https:\/\/www.telam.com.ar\/assets\/img\/not_image.png\" class=\" lazy \" width=\"100%\" height=\"100%\" alt=\"Foto Marcelo Molina Municipio de Ro Grande Tierra del Fuego\"><figcaption> Foto: Marcelo Molina. Municipio de R\u00edo Grande, Tierra del Fuego. <\/figcaption><\/figure>\n<p>\u201cEste transmisor es el coraz\u00f3n de la radio y tiene tanto para decir hoy, que es el D\u00eda de la Soberan\u00eda. Despu\u00e9s de cuatro a\u00f1os en los que nos dijeron que nuestras Islas Malvinas estaban lejos, hoy volvemos a decir, como siempre, que para un proyecto nacional y popular las Malvinas no se resignan\u201d, afirm\u00f3 Zapesochny.<\/p>\n<p>La funcionaria destac\u00f3: \u201cTengo una emoci\u00f3n gigantesca por ver c\u00f3mo nuestra Radio Nacional, la radio de todos los argentinos, crece y llega a todo el pa\u00eds y a nuestras Islas Malvinas. Muchos admiramos a los fueguinos porque ac\u00e1 empieza la patria\u201d.<\/p>\n<p>Por su parte, Lufrano destac\u00f3 que la Argentina atraves\u00f3 a\u00f1os en los cuales \u201cel Estado estuvo ausente; donde los trabajadores fueron destratados y las radios abandonadas. Donde intentaron acallarnos, invisibilizarnos y no importaban los medios p\u00fablicos porque eran un gasto. Para nosotros son una inversi\u00f3n\u201d.<\/p>\n<p>Para la presidenta de RTA \u201ceste proyecto sintetiza un proyecto de pa\u00eds, una mirada diferente de lo que es el Estado y la gesti\u00f3n p\u00fablica porque un estado presente acompa\u00f1a a los m\u00e1s vulnerables y hace lo que debe, que es poner la voz argentina en todo el territorio nacional\u201d.<\/p>\n<p>El intendente de R\u00edo Grande, Mart\u00edn P\u00e9rez, expres\u00f3 que el de hoy \u201ces un d\u00eda verdaderamente hist\u00f3rico, porque Radio Nacional ha decidido poner en funcionamiento un transmisor que empieza a hacer realidad la idea de una Argentina bicontinental\u201d.<\/p>\n<p>Al finalizar el acto oficial fue emitido un mensaje del Presidente de la Naci\u00f3n, Alberto Fern\u00e1ndez, que felicit\u00f3 a las autoridades de Radio Nacional \u201cpor el esfuerzo\u201d que significa, a partir de la puesta en funcionamiento del nuevo equipo, que la transmisi\u00f3n pueda llegar a las islas Malvinas.<\/p>\n<figure class=\"mb-3\"><img loading=\"lazy\" data-src=\"http:\/\/cordobadirecto.com\/wp-content\/uploads\/2021\/11\/en-el-dia-de-la-soberania-radio-nacional-rio-grande-llego-a-las-malvinas-2.jpg\" src=\"https:\/\/www.telam.com.ar\/assets\/img\/not_image.png\" class=\" lazy \" width=\"100%\" height=\"100%\" alt=\"Foto Marcelo Molina Municipio de Ro Grande Tierra del Fuego\"><figcaption> Foto: Marcelo Molina. Municipio de R\u00edo Grande, Tierra del Fuego. <\/figcaption><\/figure>\n<p>\u201cHoy est\u00e1n ocupadas por otros pero desde la diplomacia seguiremos incansablemente diciendo que las Malvinas fueron, son y ser\u00e1n argentinas\u201d, expres\u00f3 Fern\u00e1ndez.<\/p>\n<p>LRA 24 comenz\u00f3 a transmitir el 28 de abril de 1973. En 1982, junto a LRA11 Radio Nacional Comodoro Rivadavia, fue una de las generadoras de programaci\u00f3n para las Islas Malvinas, sum\u00e1ndose tambi\u00e9n a la tarea del servicio Radiodifusi\u00f3n Argentina al Exterior (RAE).<\/p>\n<p>El evento de lanzamiento tuvo diferentes actividades en la planta, en los estudios de la radio, con emisi\u00f3n en vivo, y en el Teatro de la Cultura, dependiente de la Municipalidad de R\u00edo Grande.<\/p>\n<p>En ese marco, a las 16 se emiti\u00f3 el programa &#8220;Reuni\u00f3n Federal&#8221; con transmisi\u00f3n en vivo por streaming en los canales de YouTube de RTA y por todas las emisoras de Nacional que incluy\u00f3 las actuaciones del Chango Spasiuk y artistas locales. <\/p>\n","protected":false},"excerpt":{"rendered":"<p>Foto: Marcelo Molina. Municipio de R\u00edo Grande, Tierra del Fuego. Un transmisor de 100 kilowatts de potencia colocado en Radio Nacional R\u00edo Grande logr\u00f3 que este s\u00e1bado 20 de noviembre, en el D\u00eda de la Soberan\u00eda Nacional, la emisora tenga una cobertura de m\u00e1s de 600 kil\u00f3metros en torno a esa ciudad fueguina y sea [&hellip;]<\/p>\n","protected":false},"author":1,"featured_media":29328,"comment_status":"closed","ping_status":"closed","sticky":false,"template":"","format":"standard","meta":[],"categories":[20],"tags":[],"_links":{"self":[{"href":"http:\/\/cordobadirecto.com\/index.php\/wp-json\/wp\/v2\/posts\/29327"}],"collection":[{"href":"http:\/\/cordobadirecto.com\/index.php\/wp-json\/wp\/v2\/posts"}],"about":[{"href":"http:\/\/cordobadirecto.com\/index.php\/wp-json\/wp\/v2\/types\/post"}],"author":[{"embeddable":true,"href":"http:\/\/cordobadirecto.com\/index.php\/wp-json\/wp\/v2\/users\/1"}],"replies":[{"embeddable":true,"href":"http:\/\/cordobadirecto.com\/index.php\/wp-json\/wp\/v2\/comments?post=29327"}],"version-history":[{"count":0,"href":"http:\/\/cordobadirecto.com\/index.php\/wp-json\/wp\/v2\/posts\/29327\/revisions"}],"wp:featuredmedia":[{"embeddable":true,"href":"http:\/\/cordobadirecto.com\/index.php\/wp-json\/wp\/v2\/media\/29328"}],"wp:attachment":[{"href":"http:\/\/cordobadirecto.com\/index.php\/wp-json\/wp\/v2\/media?parent=29327"}],"wp:term":[{"taxonomy":"category","embeddable":true,"href":"http:\/\/cordobadirecto.com\/index.php\/wp-json\/wp\/v2\/categories?post=29327"},{"taxonomy":"post_tag","embeddable":true,"href":"http:\/\/cordobadirecto.com\/index.php\/wp-json\/wp\/v2\/tags?post=29327"}],"curies":[{"name":"wp","href":"https:\/\/api.w.org\/{rel}","templated":true}]}}