{"id":29361,"date":"2021-11-20T18:59:00","date_gmt":"2021-11-20T18:59:00","guid":{"rendered":"http:\/\/cordobadirecto.com\/index.php\/2021\/11\/20\/cancelaron-marcha-contra-medidas-anti-covid-en-paises-bajos-tras-la-violencia-en-rotterdam\/"},"modified":"2021-11-20T18:59:00","modified_gmt":"2021-11-20T18:59:00","slug":"cancelaron-marcha-contra-medidas-anti-covid-en-paises-bajos-tras-la-violencia-en-rotterdam","status":"publish","type":"post","link":"http:\/\/cordobadirecto.com\/index.php\/2021\/11\/20\/cancelaron-marcha-contra-medidas-anti-covid-en-paises-bajos-tras-la-violencia-en-rotterdam\/","title":{"rendered":"Cancelaron marcha contra medidas anti-Covid en Pa\u00edses Bajos tras la violencia en Rotterdam"},"content":{"rendered":"<figure class=\"mb-3\"><img loading=\"lazy\" src=\"http:\/\/cordobadirecto.com\/wp-content\/uploads\/2021\/11\/cancelaron-marcha-contra-medidas-anti-covid-en-paises-bajos-tras-la-violencia-en-rotterdam.jpg\" width=\"100%\" height=\"100%\" alt=\"La manifestacin contra las restricciones adoptadas para frenar el coronavirus estaba prevista para este sbado en msterdam Foto AFP\"><figcaption> La manifestaci\u00f3n contra las restricciones adoptadas para frenar el coronavirus estaba prevista para este s\u00e1bado en \u00c1msterdam. Foto: AFP. <\/figcaption><\/figure>\n<p>Una manifestaci\u00f3n contra las restricciones adoptadas para frenar el coronavirus que estaba prevista para este s\u00e1bado en \u00c1msterdam fue cancelada despu\u00e9s de que otra protesta terminara ayer en graves hechos de violencia en Rotterdam, anunci\u00f3 la organizaci\u00f3n.<\/p>\n<p><strong>&#8220;Anoche (viernes) se desat\u00f3 el infierno en Rotterdam<\/strong>&#8220;, dijo en Facebook la organizaci\u00f3n antisanitaria United We Stand Europe, en referencia al caos desatado en el centro de la ciudad portuaria.<\/p>\n<p>Durante esa protesta decenas de personas fueron detenidas y siete resultaron heridas, en un hecho que el alcalde, Ahmed Aboutaleb, calific\u00f3 como una &#8220;org\u00eda de violencia&#8221;.<\/p>\n<p><strong>Al menos 51 personas fueron arrestadas por la polic\u00eda neerlandesa y dos personas heridas por disparos<\/strong> debieron ser hospitalizadas.<\/p>\n<p>&#8220;Aproximadamente la mitad de los 51 detenidos en Rotterdam en los enfrentamientos&#8221; durante la manifestaci\u00f3n contra las medidas contra el Covid-19 &#8220;son menores&#8221; y proceden de todas partes del pa\u00eds, tuite\u00f3 la Polic\u00eda de Rotterdam, recogi\u00f3 la agencia de noticias ANSA,<\/p>\n<p>Medios locales informaron que cientos de personas, que gritaban &#8220;libertad&#8221;, lanzaron piedras a los polic\u00edas y quemaron varias motos y un patrullero.<\/p>\n<p>Mantener la marcha en \u00c1msterdam &#8220;no nos parec\u00eda justo&#8221;, subray\u00f3 la organizaci\u00f3n United We Stand Europe tras anunciar la suspensi\u00f3n.<\/p>\n<figure class=\"mb-3\"><img loading=\"lazy\" data-src=\"http:\/\/cordobadirecto.com\/wp-content\/uploads\/2021\/11\/cancelaron-marcha-contra-medidas-anti-covid-en-paises-bajos-tras-la-violencia-en-rotterdam-1.jpg\" src=\"https:\/\/www.telam.com.ar\/assets\/img\/not_image.png\" class=\" lazy \" width=\"100%\" height=\"100%\" alt=\"Medios locales informaron que cientos de personas que gritaban libertad lanzaron piedras a los policas y quemaron varias motos y un patrullero Foto AFP\"><figcaption> Medios locales informaron que cientos de personas, que gritaban &#8220;libertad&#8221;, lanzaron piedras a los polic\u00edas y quemaron varias motos y un patrullero. Foto: AFP. <\/figcaption><\/figure>\n<p>El primer ministro neerland\u00e9s, Mark Rutte, anunci\u00f3 hace una semana la reintroducci\u00f3n de un confinamiento parcial junto con una serie de restricciones sanitarias, sobre todo en el sector de la restauraci\u00f3n, para frenar los contagios de Covid-19.<\/p>\n<p>Los planes del gobierno incluyen restringir el acceso de personas sin vacunar a algunos lugares, precis\u00f3 la agencia de noticias AFP.<\/p>\n<p>El ministro de Seguridad y Justicia, Ferd Grapperhaus, lament\u00f3 hoy los destrozos &#8220;considerables&#8221; en Rotterdam y dijo que &#8220;la violencia extrema contra la polic\u00eda, los agentes antidisturbios y los bomberos eran horribles de ver&#8221;.<\/p>\n<p><strong>&#8220;La polic\u00eda y la fiscal\u00eda est\u00e1n haciendo todo lo posible para localizar, perseguir y castigar a estos alborotadores&#8221;<\/strong>, subray\u00f3.<\/p>\n<p>La polic\u00eda local inform\u00f3 en Twitter de la apertura de una investigaci\u00f3n.<\/p>\n<p>Otra manifestaci\u00f3n, en la que se esperan miles de personas, est\u00e1 prevista hoy en la ciudad de Breda, en el sur del pa\u00eds, &#8220;con m\u00e1s medidas de seguridad&#8221;. <\/p>\n","protected":false},"excerpt":{"rendered":"<p>La manifestaci\u00f3n contra las restricciones adoptadas para frenar el coronavirus estaba prevista para este s\u00e1bado en \u00c1msterdam. Foto: AFP. Una manifestaci\u00f3n contra las restricciones adoptadas para frenar el coronavirus que estaba prevista para este s\u00e1bado en \u00c1msterdam fue cancelada despu\u00e9s de que otra protesta terminara ayer en graves hechos de violencia en Rotterdam, anunci\u00f3 la [&hellip;]<\/p>\n","protected":false},"author":1,"featured_media":29362,"comment_status":"closed","ping_status":"closed","sticky":false,"template":"","format":"standard","meta":[],"categories":[24],"tags":[],"_links":{"self":[{"href":"http:\/\/cordobadirecto.com\/index.php\/wp-json\/wp\/v2\/posts\/29361"}],"collection":[{"href":"http:\/\/cordobadirecto.com\/index.php\/wp-json\/wp\/v2\/posts"}],"about":[{"href":"http:\/\/cordobadirecto.com\/index.php\/wp-json\/wp\/v2\/types\/post"}],"author":[{"embeddable":true,"href":"http:\/\/cordobadirecto.com\/index.php\/wp-json\/wp\/v2\/users\/1"}],"replies":[{"embeddable":true,"href":"http:\/\/cordobadirecto.com\/index.php\/wp-json\/wp\/v2\/comments?post=29361"}],"version-history":[{"count":0,"href":"http:\/\/cordobadirecto.com\/index.php\/wp-json\/wp\/v2\/posts\/29361\/revisions"}],"wp:featuredmedia":[{"embeddable":true,"href":"http:\/\/cordobadirecto.com\/index.php\/wp-json\/wp\/v2\/media\/29362"}],"wp:attachment":[{"href":"http:\/\/cordobadirecto.com\/index.php\/wp-json\/wp\/v2\/media?parent=29361"}],"wp:term":[{"taxonomy":"category","embeddable":true,"href":"http:\/\/cordobadirecto.com\/index.php\/wp-json\/wp\/v2\/categories?post=29361"},{"taxonomy":"post_tag","embeddable":true,"href":"http:\/\/cordobadirecto.com\/index.php\/wp-json\/wp\/v2\/tags?post=29361"}],"curies":[{"name":"wp","href":"https:\/\/api.w.org\/{rel}","templated":true}]}}