{"id":29365,"date":"2021-11-19T20:44:11","date_gmt":"2021-11-19T20:44:11","guid":{"rendered":"https:\/\/cordoba.gob.ar\/?p=17113"},"modified":"2021-11-19T20:44:11","modified_gmt":"2021-11-19T20:44:11","slug":"llaryora-inauguro-la-plaza-rodrigo-bueno-recuperada-a-traves-del-presupuesto-participativo-barrial","status":"publish","type":"post","link":"http:\/\/cordobadirecto.com\/index.php\/2021\/11\/19\/llaryora-inauguro-la-plaza-rodrigo-bueno-recuperada-a-traves-del-presupuesto-participativo-barrial\/","title":{"rendered":"Llaryora inaugur\u00f3 la Plaza Rodrigo Bueno recuperada a trav\u00e9s del Presupuesto Participativo Barrial"},"content":{"rendered":"<div><img src=\"http:\/\/cordobadirecto.com\/wp-content\/uploads\/2021\/11\/llaryora-inauguro-la-plaza-rodrigo-bueno-recuperada-a-traves-del-presupuesto-participativo-barrial.jpg\" class=\"ff-og-image-inserted\"><\/div>\n<ul>\n<li><strong>Este espacio verde est\u00e1 ubicado en barrio Ampliaci\u00f3n Residencial Am\u00e9rica y cuenta con nuevos juegos infantiles, integradores y saludables.<\/strong><\/li>\n<\/ul>\n<hr>\n<p>El intendente Mart\u00edn Llaryora inaugur\u00f3 la plaza Rodrigo Bueno, ubicada en el noreste de la ciudad, recuperada en el marco del Presupuesto Participativo Barrial.<\/p>\n<p>Este espacio verde, abandonado durante a\u00f1os, fue puesto en valor, a trav\u00e9s de intervenciones integrales que consistieron en limpiezas profundas, instalaci\u00f3n de nuevos juegos, mejoras en iluminaci\u00f3n y recuperaci\u00f3n completa del sector, que permitir\u00e1 que las familias de distintos barrios puedan disfrutar de sus espacios totalmente renovados.<\/p>\n<p>Esta plaza se suma a las nueve plazas recuperadas a trav\u00e9s de ese programa donde los vecinos, junto a las autoridades del CPC y la Secretar\u00eda de Participaci\u00f3n Ciudadana, eligen los sectores para su intervenci\u00f3n y recuperaci\u00f3n.<\/p>\n<p>Al respecto, el intendente Mart\u00edn Llaryora manifest\u00f3: <em>\u201cLo primero que hice fue juntarme con los centros vecinales para poner al Municipio al servicio de las necesidades y decisiones de los vecinos sin importar el partido ni la religi\u00f3n, para darles soluciones a los problemas de los barrios. Ahora esta plaza tiene la vida que se merec\u00eda y por eso quiero agradecerles por ayudar a poner a C\u00f3rdoba de pie. \u201c.<\/em><\/p>\n<p>La Plaza Rodrigo Bueno, cuenta con nuevos juegos infantiles, entre ellos, una hamaca triple, un tobog\u00e1n, un sube y baja y&nbsp;un trepador recto.<\/p>\n<p>En cuanto a equipamiento saludable, se instal\u00f3 un caminador doble, una barra paralela, un banco abdominal y un movimiento espaldar. Se instalaron rampas de acceso para personas con discapacidad y juegos integradores. Adem\u00e1s, se realiz\u00f3 una limpieza integral de todo el espacio verde, poda de \u00e1rboles, pintura de sendas peatonales y de cordones.<br \/>Tambi\u00e9n se coloc\u00f3 mobilario urbano, compuesto por bancos, mesas con asientos y cestos papeleros.<\/p>\n<p><em>\u201cEsta plaza fue inaugurada en 2009, cuando se decidi\u00f3 ponerle el nombre de Rodrigo Bueno, en virtud de homenajear a nuestro cantante cordob\u00e9s. Esta gesti\u00f3n que tenemos en estos momentos decidi\u00f3 hacer un proyecto de embellecer esta plaza, con juegos saludables e inclusivos, pusieron rampas, cestos de basura nuevos, carteler\u00eda. Y esto a nosotros nos enorgullece, es algo que nunca se ha visto en este barrio. Tengo que agradecerles porque esta gesti\u00f3n nos ha escuchado, en lo que hemos pedido se ha involucrado y buscaron una pronta respuesta y soluci\u00f3n. Sentimos que estamos acompa\u00f1ados\u201d<\/em>, expres\u00f3 Adri\u00e1n Ludue\u00f1a, presidente del Centro Vecinal de Ampliaci\u00f3n Residencial Am\u00e9rica.<\/p>\n","protected":false},"excerpt":{"rendered":"<p>Este espacio verde est\u00e1 ubicado en barrio Ampliaci\u00f3n Residencial Am\u00e9rica y cuenta con nuevos juegos infantiles, integradores y saludables. El intendente Mart\u00edn Llaryora inaugur\u00f3 la plaza Rodrigo Bueno, ubicada en el noreste de la ciudad, recuperada en el marco del Presupuesto Participativo Barrial. Este espacio verde, abandonado durante a\u00f1os, fue puesto en valor, a trav\u00e9s [&hellip;]<\/p>\n","protected":false},"author":1,"featured_media":29366,"comment_status":"closed","ping_status":"closed","sticky":false,"template":"","format":"standard","meta":[],"categories":[44],"tags":[],"_links":{"self":[{"href":"http:\/\/cordobadirecto.com\/index.php\/wp-json\/wp\/v2\/posts\/29365"}],"collection":[{"href":"http:\/\/cordobadirecto.com\/index.php\/wp-json\/wp\/v2\/posts"}],"about":[{"href":"http:\/\/cordobadirecto.com\/index.php\/wp-json\/wp\/v2\/types\/post"}],"author":[{"embeddable":true,"href":"http:\/\/cordobadirecto.com\/index.php\/wp-json\/wp\/v2\/users\/1"}],"replies":[{"embeddable":true,"href":"http:\/\/cordobadirecto.com\/index.php\/wp-json\/wp\/v2\/comments?post=29365"}],"version-history":[{"count":0,"href":"http:\/\/cordobadirecto.com\/index.php\/wp-json\/wp\/v2\/posts\/29365\/revisions"}],"wp:featuredmedia":[{"embeddable":true,"href":"http:\/\/cordobadirecto.com\/index.php\/wp-json\/wp\/v2\/media\/29366"}],"wp:attachment":[{"href":"http:\/\/cordobadirecto.com\/index.php\/wp-json\/wp\/v2\/media?parent=29365"}],"wp:term":[{"taxonomy":"category","embeddable":true,"href":"http:\/\/cordobadirecto.com\/index.php\/wp-json\/wp\/v2\/categories?post=29365"},{"taxonomy":"post_tag","embeddable":true,"href":"http:\/\/cordobadirecto.com\/index.php\/wp-json\/wp\/v2\/tags?post=29365"}],"curies":[{"name":"wp","href":"https:\/\/api.w.org\/{rel}","templated":true}]}}