{"id":29393,"date":"2021-11-21T18:34:17","date_gmt":"2021-11-21T18:34:17","guid":{"rendered":"http:\/\/cordobadirecto.com\/index.php\/2021\/11\/21\/la-industria-pyme-crecio-142-anual-en-octubre-hoy-dia-cordoba\/"},"modified":"2021-11-21T18:34:17","modified_gmt":"2021-11-21T18:34:17","slug":"la-industria-pyme-crecio-142-anual-en-octubre-hoy-dia-cordoba","status":"publish","type":"post","link":"http:\/\/cordobadirecto.com\/index.php\/2021\/11\/21\/la-industria-pyme-crecio-142-anual-en-octubre-hoy-dia-cordoba\/","title":{"rendered":"La industria Pyme creci\u00f3 14,2% anual en octubre &#8211; Hoy D\u00eda C\u00f3rdoba"},"content":{"rendered":"<p>La <b>econom\u00eda<\/b> creci\u00f3 3% en el primer trimestre y se prev\u00e9 que la suba anual &#8230; Renovamos nuestro portal de noticias para brindar una <b>nueva<\/b>&nbsp;&#8230; <\/p>\n","protected":false},"excerpt":{"rendered":"<p>La econom\u00eda creci\u00f3 3% en el primer trimestre y se prev\u00e9 que la suba anual &#8230; Renovamos nuestro portal de noticias para brindar una nueva&nbsp;&#8230;<\/p>\n","protected":false},"author":1,"featured_media":0,"comment_status":"closed","ping_status":"closed","sticky":false,"template":"","format":"standard","meta":[],"categories":[40],"tags":[],"_links":{"self":[{"href":"http:\/\/cordobadirecto.com\/index.php\/wp-json\/wp\/v2\/posts\/29393"}],"collection":[{"href":"http:\/\/cordobadirecto.com\/index.php\/wp-json\/wp\/v2\/posts"}],"about":[{"href":"http:\/\/cordobadirecto.com\/index.php\/wp-json\/wp\/v2\/types\/post"}],"author":[{"embeddable":true,"href":"http:\/\/cordobadirecto.com\/index.php\/wp-json\/wp\/v2\/users\/1"}],"replies":[{"embeddable":true,"href":"http:\/\/cordobadirecto.com\/index.php\/wp-json\/wp\/v2\/comments?post=29393"}],"version-history":[{"count":0,"href":"http:\/\/cordobadirecto.com\/index.php\/wp-json\/wp\/v2\/posts\/29393\/revisions"}],"wp:attachment":[{"href":"http:\/\/cordobadirecto.com\/index.php\/wp-json\/wp\/v2\/media?parent=29393"}],"wp:term":[{"taxonomy":"category","embeddable":true,"href":"http:\/\/cordobadirecto.com\/index.php\/wp-json\/wp\/v2\/categories?post=29393"},{"taxonomy":"post_tag","embeddable":true,"href":"http:\/\/cordobadirecto.com\/index.php\/wp-json\/wp\/v2\/tags?post=29393"}],"curies":[{"name":"wp","href":"https:\/\/api.w.org\/{rel}","templated":true}]}}