{"id":29394,"date":"2021-11-22T03:27:57","date_gmt":"2021-11-22T03:27:57","guid":{"rendered":"https:\/\/puntoapunto.com.ar\/?p=318777"},"modified":"2021-11-22T03:27:57","modified_gmt":"2021-11-22T03:27:57","slug":"nominados-2021-la-terna-de-el-gerente-del-ano","status":"publish","type":"post","link":"http:\/\/cordobadirecto.com\/index.php\/2021\/11\/22\/nominados-2021-la-terna-de-el-gerente-del-ano\/","title":{"rendered":"Nominados 2021: la terna de El Gerente del A\u00f1o"},"content":{"rendered":"<p>Punto a Punto premia al ejecutivo de alto rango que haya <strong>sobresalido por su actuaci\u00f3n y los logros conseguidos<\/strong> a lo largo del a\u00f1o en su actividad profesional, <strong>evaluando su evoluci\u00f3n y la de la empresa en que se desempe\u00f1a.<\/strong><\/p>\n<h5><b>Gabriel Allasia (Globant \/ Junior Achievement<\/b><span>) <\/span><span><br \/><\/span><\/h5>\n<p><span>Fue quien <strong>propici\u00f3 la llegada de la tecnol\u00f3gica Globant a C\u00f3rdoba<\/strong>, a partir de una propuesta propia a los fundadores de la empresa. Actualmente la firma emplea a m\u00e1s de 600 personas en la provincia y logr\u00f3 un crecimiento del 15% respecto al a\u00f1o pasado. En diciembre est\u00e1 prevista la inauguraci\u00f3n del edificio modelo de Globant en C\u00f3rdoba, tras un acuerdo con GNI. <\/span><span><strong>Globant proyecta crear cerca de 15.000 empleos en el pa\u00eds<\/strong> durante los pr\u00f3ximos cinco a\u00f1os y este plan tendr\u00e1 fuerte impacto en la provincia. <\/span><span>Hace tres meses <strong>asumi\u00f3 como presidente de Junior Achievement.&nbsp;<\/strong><\/span><strong>&nbsp;<\/strong><\/p>\n<div class=\"jeg_ad jeg_ad_article jnews_content_inline_ads \">\n<div class=\"ads-wrapper align-center \">\n<div class=\"ads_shortcode\">\n<div class=\"g g-146\">\n<div class=\"g-single a-378\"><a class=\"gofollow\" data-track=\"Mzc4LDE0NiwxLDYw\" href=\"https:\/\/www.grupocanter.com.ar\/notas\/de-hito-en-hito-2021\/?utm_source=Punto%20a%20Punto&amp;utm_medium=Banner&amp;utm_campaign=Departamentos&amp;utm_term=Banner%20Newsletters\/\" target=\"_blank\" rel=\"noopener\"><img src=\"http:\/\/cordobadirecto.com\/wp-content\/uploads\/2021\/11\/nominados-2021-la-terna-de-el-gerente-del-ano.gif\"><\/a><\/div>\n<\/div>\n<\/div>\n<\/div>\n<\/div>\n<h5><b>Celeste Santiago (Grido) Direcci\u00f3n de RR.HH.<\/b> <span><br \/><\/span><\/h5>\n<p><span>Es la encargada de la comunicaci\u00f3n y desarrollo de la red de locales en Grido. La marca cuenta con m\u00e1s de<strong> 1.700 franquicias distribuidas en Argentina, Chile, Uruguay y Paraguay.<\/strong> Mientras que V\u00eda Bana cuenta con m\u00e1s de 60 franquicias y m\u00e1s de 450 helader\u00edas sociales en barrios de menores recursos en diferentes puntos de la Argentina. Este a\u00f1o realizaron una <strong>transformaci\u00f3n cultural de la empresa y est\u00e1n dando un salto de profesionalizaci\u00f3n y calidad de productos<\/strong>. Grido se ubica como la primera cadena de franquicias de cremas heladas en nuestro pa\u00eds y cuarta a nivel mundial.<strong> El desarrollo de e-commerce hizo que el delivery creciera 770% durante el 2020.<\/strong><\/span><\/p>\n<h5><b>Pablo Paltrinieri (Hospital Privado)<\/b> <span><br \/><\/span><\/h5>\n<p><span>Como director comercial, e<\/span><span>s uno de los cuatro directivos referentes tras la reorganizaci\u00f3n interna que llev\u00f3 adelante la entidad. Desde su espacio es uno de los ejecutivos que est\u00e1 <strong>a cargo de la expansi\u00f3n comercial, edilicia e institucional del Hospital Privado<\/strong>. Entre otros proyectos tom\u00f3 la propuesta de la consolidaci\u00f3n de la oferta prestacional del Privado en la zona norte de la ciudad, lo que se concret\u00f3 con la<strong> adquisici\u00f3n de Alive Sanatorio<\/strong> <strong>Privado<\/strong> y tambi\u00e9n con trabajos para la ampliaci\u00f3n del centro m\u00e9dico en el Villa Allende Shopping. Es uno de los responsables del <strong>dise\u00f1o del plan de crecimiento del Privado,<\/strong> en un marco de un proceso de concentraci\u00f3n de la oferta que vive el sector.&nbsp;<\/span><\/p>\n","protected":false},"excerpt":{"rendered":"<p>Punto a Punto premia al ejecutivo de alto rango que haya sobresalido por su actuaci\u00f3n y los logros conseguidos a lo largo del a\u00f1o en su actividad profesional, evaluando su evoluci\u00f3n y la de la empresa en que se desempe\u00f1a. Gabriel Allasia (Globant \/ Junior Achievement) Fue quien propici\u00f3 la llegada de la tecnol\u00f3gica Globant [&hellip;]<\/p>\n","protected":false},"author":1,"featured_media":29395,"comment_status":"closed","ping_status":"closed","sticky":false,"template":"","format":"standard","meta":[],"categories":[25],"tags":[],"_links":{"self":[{"href":"http:\/\/cordobadirecto.com\/index.php\/wp-json\/wp\/v2\/posts\/29394"}],"collection":[{"href":"http:\/\/cordobadirecto.com\/index.php\/wp-json\/wp\/v2\/posts"}],"about":[{"href":"http:\/\/cordobadirecto.com\/index.php\/wp-json\/wp\/v2\/types\/post"}],"author":[{"embeddable":true,"href":"http:\/\/cordobadirecto.com\/index.php\/wp-json\/wp\/v2\/users\/1"}],"replies":[{"embeddable":true,"href":"http:\/\/cordobadirecto.com\/index.php\/wp-json\/wp\/v2\/comments?post=29394"}],"version-history":[{"count":0,"href":"http:\/\/cordobadirecto.com\/index.php\/wp-json\/wp\/v2\/posts\/29394\/revisions"}],"wp:featuredmedia":[{"embeddable":true,"href":"http:\/\/cordobadirecto.com\/index.php\/wp-json\/wp\/v2\/media\/29395"}],"wp:attachment":[{"href":"http:\/\/cordobadirecto.com\/index.php\/wp-json\/wp\/v2\/media?parent=29394"}],"wp:term":[{"taxonomy":"category","embeddable":true,"href":"http:\/\/cordobadirecto.com\/index.php\/wp-json\/wp\/v2\/categories?post=29394"},{"taxonomy":"post_tag","embeddable":true,"href":"http:\/\/cordobadirecto.com\/index.php\/wp-json\/wp\/v2\/tags?post=29394"}],"curies":[{"name":"wp","href":"https:\/\/api.w.org\/{rel}","templated":true}]}}