{"id":29408,"date":"2021-11-19T20:07:59","date_gmt":"2021-11-19T20:07:59","guid":{"rendered":"https:\/\/cordoba.gob.ar\/?p=17108"},"modified":"2021-11-19T20:07:59","modified_gmt":"2021-11-19T20:07:59","slug":"un-nuevo-espacio-verde-recuperado-a-traves-del-presupuesto-participativo-barrial","status":"publish","type":"post","link":"http:\/\/cordobadirecto.com\/index.php\/2021\/11\/19\/un-nuevo-espacio-verde-recuperado-a-traves-del-presupuesto-participativo-barrial\/","title":{"rendered":"Un nuevo espacio verde recuperado a trav\u00e9s del Presupuesto Participativo Barrial"},"content":{"rendered":"<div><img src=\"http:\/\/cordobadirecto.com\/wp-content\/uploads\/2021\/11\/un-nuevo-espacio-verde-recuperado-a-traves-del-presupuesto-participativo-barrial.jpg\" class=\"ff-og-image-inserted\"><\/div>\n<ul>\n<li><strong>Se trata de la plaza Corregidores de Cuyo, ubicada al sur de la ciudad, en barrio Jos\u00e9 Ignacio D\u00edaz 3ra Secci\u00f3n.<\/strong><\/li>\n<\/ul>\n<hr>\n<p>La plaza Corregidores de Cuyo, ubicada en barrio Jos\u00e9 Ignacio D\u00edaz 3ra Secci\u00f3n, qued\u00f3 inaugurada luego de los trabajos de reparaci\u00f3n y recuperaci\u00f3n integral que se llevaron a cabo para convertir ese lugar abandonado en uno totalmente renovado.<\/p>\n<p>Fueron los vecinos de este sector de la ciudad, junto a las autoridades del CPC Chalet San Felipe y la Secretar\u00eda de Participaci\u00f3n Ciudadana quienes eligieron este sector para su intervenci\u00f3n y recuperaci\u00f3n a trav\u00e9s del Presupuesto Participativo Barrial.<\/p>\n<p>Las mejoras consistieron en un acondicionamiento integral de la plaza, a trav\u00e9s de tareas de forestaci\u00f3n, pintura de ciclov\u00edas y cordones, reparaci\u00f3n de juegos y de mobiliario existente. Adem\u00e1s, se reemplazaron luminarias de sodio por luces con tecnolog\u00eda led.<\/p>\n<p>Se instalaron nuevos juegos infantiles e integradores, conformados por una hamaca triple, una calesita y una hamaca integradora. Tambi\u00e9n la plaza cuenta, a partir de ahora, con juegos saludables, tales como un caminador doble, una barra paralela, un banco abdominal y un movimiento espaldar. Para mayor comodidad de las familias, se colocaron bancos, mesas con asientos y cestos papeleros.<\/p>\n<p>De la inauguraci\u00f3n particip\u00f3, Juan Domingo Viola, secretario de Participaci\u00f3n Ciudadana qui\u00e9n destac\u00f3 <em>\u201cla importancia que tiene que sean los vecinos los que eligen estos espacios, porque se apropian del lugar y son ellos mismos los que se encargan de cuidarlo\u201d.<\/em><\/p>\n<p>Viola, adem\u00e1s que hizo entrega de un kit deportivo al Centro Vecinal de barrio Jos\u00e9 Ignacio D\u00edaz 3ra Secci\u00f3n.<\/p>\n<p>Posteriormente, el Centro Vecinal Jos\u00e9 Ignacio D\u00edaz 2da secci\u00f3n, recibi\u00f3 la \u201cllave\u201d de la plaza y una ayuda econ\u00f3mica, a trav\u00e9s del Programa de Autogesti\u00f3n del Desarrollo Barrial. A partir de ahora, esta instituci\u00f3n vecinal, se har\u00e1 cargo del mantenimiento de la Plaza de las Madres, ubicada en este barrio.<\/p>\n<p>Finalmente, Centros vecinales y Comisiones de vecinos, recibieron aportes econ\u00f3micos en el marco del Programa Construyendo Comunidad. Los beneficiados fueron el Centro Vecinal Residencial San Carlos y Caba\u00f1as del Pilar, la Comisi\u00f3n de Vecinos de Barrio San Felipe y la Comisi\u00f3n Vecinos de Barrio Los Andes-El Renuevo.<\/p>\n<p>A trav\u00e9s de este programa, puesto en marcha en agosto de este a\u00f1o por el intendente Mart\u00edn Llaryora, tiene como principal objetivo apoyar proyectos que est\u00e9n orientados a mejorar la calidad de vida de los vecinos incentivando y consolidando la participaci\u00f3n ciudadana.<\/p>\n","protected":false},"excerpt":{"rendered":"<p>Se trata de la plaza Corregidores de Cuyo, ubicada al sur de la ciudad, en barrio Jos\u00e9 Ignacio D\u00edaz 3ra Secci\u00f3n. La plaza Corregidores de Cuyo, ubicada en barrio Jos\u00e9 Ignacio D\u00edaz 3ra Secci\u00f3n, qued\u00f3 inaugurada luego de los trabajos de reparaci\u00f3n y recuperaci\u00f3n integral que se llevaron a cabo para convertir ese lugar abandonado [&hellip;]<\/p>\n","protected":false},"author":1,"featured_media":29409,"comment_status":"closed","ping_status":"closed","sticky":false,"template":"","format":"standard","meta":[],"categories":[44],"tags":[],"_links":{"self":[{"href":"http:\/\/cordobadirecto.com\/index.php\/wp-json\/wp\/v2\/posts\/29408"}],"collection":[{"href":"http:\/\/cordobadirecto.com\/index.php\/wp-json\/wp\/v2\/posts"}],"about":[{"href":"http:\/\/cordobadirecto.com\/index.php\/wp-json\/wp\/v2\/types\/post"}],"author":[{"embeddable":true,"href":"http:\/\/cordobadirecto.com\/index.php\/wp-json\/wp\/v2\/users\/1"}],"replies":[{"embeddable":true,"href":"http:\/\/cordobadirecto.com\/index.php\/wp-json\/wp\/v2\/comments?post=29408"}],"version-history":[{"count":0,"href":"http:\/\/cordobadirecto.com\/index.php\/wp-json\/wp\/v2\/posts\/29408\/revisions"}],"wp:featuredmedia":[{"embeddable":true,"href":"http:\/\/cordobadirecto.com\/index.php\/wp-json\/wp\/v2\/media\/29409"}],"wp:attachment":[{"href":"http:\/\/cordobadirecto.com\/index.php\/wp-json\/wp\/v2\/media?parent=29408"}],"wp:term":[{"taxonomy":"category","embeddable":true,"href":"http:\/\/cordobadirecto.com\/index.php\/wp-json\/wp\/v2\/categories?post=29408"},{"taxonomy":"post_tag","embeddable":true,"href":"http:\/\/cordobadirecto.com\/index.php\/wp-json\/wp\/v2\/tags?post=29408"}],"curies":[{"name":"wp","href":"https:\/\/api.w.org\/{rel}","templated":true}]}}