{"id":29414,"date":"2021-11-21T23:11:00","date_gmt":"2021-11-21T23:11:00","guid":{"rendered":"http:\/\/cordobadirecto.com\/index.php\/2021\/11\/21\/mas-de-30-detenidos-en-paises-bajos-por-violentas-protestas-por-restricciones-anticovid\/"},"modified":"2021-11-21T23:11:00","modified_gmt":"2021-11-21T23:11:00","slug":"mas-de-30-detenidos-en-paises-bajos-por-violentas-protestas-por-restricciones-anticovid","status":"publish","type":"post","link":"http:\/\/cordobadirecto.com\/index.php\/2021\/11\/21\/mas-de-30-detenidos-en-paises-bajos-por-violentas-protestas-por-restricciones-anticovid\/","title":{"rendered":"M\u00e1s de 30 detenidos en Pa\u00edses Bajos por violentas protestas por restricciones anticovid"},"content":{"rendered":"<figure class=\"mb-3\"><img loading=\"lazy\" src=\"http:\/\/cordobadirecto.com\/wp-content\/uploads\/2021\/11\/mas-de-30-detenidos-en-paises-bajos-por-violentas-protestas-por-restricciones-anticovid.jpg\" width=\"100%\" height=\"100%\" alt=\"En total 19 personas fueron detenidas y cinco policas resultaron heridos en La Haya\"><figcaption> En total, 19 personas fueron detenidas y cinco polic\u00edas resultaron heridos en La Haya. <\/figcaption><\/figure>\n<p>M\u00e1s de 30 personas fueron detenidas en Pa\u00edses Bajos y cinco polic\u00edas resultaron heridos en disturbios en La Haya y otras ciudades tras una &#8220;org\u00eda de violencia&#8221; anteanoche durante una protesta contra restricciones por el coronavirus, inform\u00f3 este domingo la Polic\u00eda.<\/p>\n<p><strong>Los desmanes de la noche del s\u00e1bado en La Haya no fueron tan graves como los del viernes a la noche en Rotterdam, donde la polic\u00eda abri\u00f3 fuego contra exaltados manifestantes y arrest\u00f3 a 51 personas.<\/strong><\/p>\n<p>La polic\u00eda inform\u00f3 este domingo que otras 19 personas fueron detenidas y cinco polic\u00edas resultaron heridos en las protestas de La Haya, donde los agentes fueron atacados con piedras y utilizaron un ca\u00f1\u00f3n de agua para apagar un incendio, inform\u00f3 la agencia de noticias AFP.<\/p>\n<p>, sobre todo en el sector de la restauraci\u00f3n, para frenar un brusco incremento de contagios de Covid-19.<strong open>El primer ministro neerland\u00e9s, Mark Rutte, anunci\u00f3 hace una semana la reintroducci\u00f3n de un confinamiento parcial junto con una serie de restricciones sanitarias<\/strong><\/p>\n<figure class=\"mb-3\"><img loading=\"lazy\" data-src=\"http:\/\/cordobadirecto.com\/wp-content\/uploads\/2021\/11\/mas-de-30-detenidos-en-paises-bajos-por-violentas-protestas-por-restricciones-anticovid-1.jpg\" src=\"https:\/\/www.telam.com.ar\/assets\/img\/not_image.png\" class=\" lazy \" width=\"100%\" height=\"100%\" alt=\"En La Haya en Rotterdam y en otras ciudades se realizaron marchas que terminaron con violentos incidentes\"><figcaption> En La Haya, en Rotterdam y en otras ciudades se realizaron marchas que terminaron con violentos incidentes. <\/figcaption><\/figure>\n<p><br open>Los planes del Gobierno incluyen restringir el acceso de personas sin vacunar a algunos lugares.<\/p>\n<p>Tambi\u00e9n anoche, 13 personas fueron detenidas en las sure\u00f1as ciudades de Roermond y Stein por iniciar incendios y arrojar fuegos artificiales, mientras que ocho personas m\u00e1s fueron arrestadas en el poblado pesquero de Urk, inform\u00f3 hoy la emisora p\u00fablica NOS.<\/p>\n<p>El s\u00e1bado, m\u00e1s temprano, otras dos protestas contra las restricciones transcurrieron de manera pac\u00edfica en \u00c1msterdam y la sure\u00f1a localidad de Breda.<\/p>\n<p>Se trat\u00f3 de la segunda noche consecutiva de disturbios en los Pa\u00edses Bajos en relaci\u00f3n con las medidas.<\/p>\n<figure class=\"mb-3\"><img loading=\"lazy\" data-src=\"http:\/\/cordobadirecto.com\/wp-content\/uploads\/2021\/11\/mas-de-30-detenidos-en-paises-bajos-por-violentas-protestas-por-restricciones-anticovid-2.jpg\" src=\"https:\/\/www.telam.com.ar\/assets\/img\/not_image.png\" class=\" lazy \" width=\"100%\" height=\"100%\" alt=\"El alcalde de Rotterdam Ahmed Aboutaleb calific de orga de violencia al marcha\"><figcaption> El alcalde de Rotterdam, Ahmed Aboutaleb, calific\u00f3 de &#8220;org\u00eda de violencia&#8221; al marcha. <\/figcaption><\/figure>\n<p><br open>Un d\u00eda antes, la violencia registrada en la ciudad-puerto de Rotterdam desemboc\u00f3 no solo en la detenci\u00f3n de 51 personas sino tambi\u00e9n en tres heridos de bala, en una protesta a la que el alcalde Ahmed Aboutaleb calific\u00f3 de &#8220;org\u00eda de violencia&#8221;.<\/p>\n<p>La Polic\u00eda de Rotterdam especific\u00f3 en un tuit que &#8220;aproximadamente la mitad de los 51 detenidos en los enfrentamientos&#8221; durante la manifestaci\u00f3n contra las medidas contra el Covid-19 eran menores y proced\u00edan de todas partes del pa\u00eds.<\/p>\n<p>Medios locales informaron que cientos de personas, que gritaban &#8220;libertad&#8221;, lanzaron piedras a los polic\u00edas y quemaron varias motos y un patrullero. <\/p>\n","protected":false},"excerpt":{"rendered":"<p>En total, 19 personas fueron detenidas y cinco polic\u00edas resultaron heridos en La Haya. M\u00e1s de 30 personas fueron detenidas en Pa\u00edses Bajos y cinco polic\u00edas resultaron heridos en disturbios en La Haya y otras ciudades tras una &#8220;org\u00eda de violencia&#8221; anteanoche durante una protesta contra restricciones por el coronavirus, inform\u00f3 este domingo la Polic\u00eda. [&hellip;]<\/p>\n","protected":false},"author":1,"featured_media":29415,"comment_status":"closed","ping_status":"closed","sticky":false,"template":"","format":"standard","meta":[],"categories":[24],"tags":[],"_links":{"self":[{"href":"http:\/\/cordobadirecto.com\/index.php\/wp-json\/wp\/v2\/posts\/29414"}],"collection":[{"href":"http:\/\/cordobadirecto.com\/index.php\/wp-json\/wp\/v2\/posts"}],"about":[{"href":"http:\/\/cordobadirecto.com\/index.php\/wp-json\/wp\/v2\/types\/post"}],"author":[{"embeddable":true,"href":"http:\/\/cordobadirecto.com\/index.php\/wp-json\/wp\/v2\/users\/1"}],"replies":[{"embeddable":true,"href":"http:\/\/cordobadirecto.com\/index.php\/wp-json\/wp\/v2\/comments?post=29414"}],"version-history":[{"count":0,"href":"http:\/\/cordobadirecto.com\/index.php\/wp-json\/wp\/v2\/posts\/29414\/revisions"}],"wp:featuredmedia":[{"embeddable":true,"href":"http:\/\/cordobadirecto.com\/index.php\/wp-json\/wp\/v2\/media\/29415"}],"wp:attachment":[{"href":"http:\/\/cordobadirecto.com\/index.php\/wp-json\/wp\/v2\/media?parent=29414"}],"wp:term":[{"taxonomy":"category","embeddable":true,"href":"http:\/\/cordobadirecto.com\/index.php\/wp-json\/wp\/v2\/categories?post=29414"},{"taxonomy":"post_tag","embeddable":true,"href":"http:\/\/cordobadirecto.com\/index.php\/wp-json\/wp\/v2\/tags?post=29414"}],"curies":[{"name":"wp","href":"https:\/\/api.w.org\/{rel}","templated":true}]}}